{"id":23862,"date":"2017-12-18T11:12:46","date_gmt":"2017-12-18T10:12:46","guid":{"rendered":"http:\/\/www.granadablogs.com\/pateandoelmundo\/?p=23862"},"modified":"2017-12-18T11:14:18","modified_gmt":"2017-12-18T10:14:18","slug":"la-espana-vacia-y-vieja","status":"publish","type":"post","link":"https:\/\/www.granadablogs.com\/pateandoelmundo\/la-espana-vacia-y-vieja\/","title":{"rendered":"La Espa\u00f1a vac\u00eda\u2026 y vieja"},"content":{"rendered":"<p>El pasado viernes, cenando con Sonia y con Gustavo y Augustin, fundadores e impulsores de la iniciativa<a href=\"http:\/\/terangago.com\/\" target=\"_blank\" rel=\"noopener noreferrer\"> Teranga Go<\/a>, plataforma para organizar viajes colaborativos entre inmigrantes; coment\u00e1bamos la desconcertante paradoja de que Espa\u00f1a sea cada vez m\u00e1s vieja, con tasas de crecimiento demogr\u00e1fico negativas, mientras que seguimos aplicando pol\u00edticas migratorias brutalmente restrictivas.<\/p>\n<p><a href=\"http:\/\/www.granadablogs.com\/pateandoelmundo\/la-espana-vacia-y-vieja\/teranga-go-4\/\" rel=\"attachment wp-att-23863\"><img loading=\"lazy\" decoding=\"async\" class=\"aligncenter size-medium wp-image-23863\" src=\"http:\/\/www.granadablogs.com\/pateandoelmundo\/wp-content\/uploads\/2017\/12\/Teranga-go-235x300.jpg\" alt=\"\" width=\"235\" height=\"300\" srcset=\"https:\/\/www.granadablogs.com\/pateandoelmundo\/wp-content\/uploads\/2017\/12\/Teranga-go-235x300.jpg 235w, https:\/\/www.granadablogs.com\/pateandoelmundo\/wp-content\/uploads\/2017\/12\/Teranga-go.jpg 500w\" sizes=\"auto, (max-width: 235px) 100vw, 235px\" \/><\/a><\/p>\n<p>En Espa\u00f1a mueren m\u00e1s personas de las que nacen. Y no es algo puntual: viene ocurriendo en los tres \u00faltimos a\u00f1os. La tasa de envejecimiento de la poblaci\u00f3n ha pasado de preocupante a alarmante y todo el sistema de pensiones sobre el que se sustenta el Estado del Bienestar est\u00e1 m\u00e1s amenazado de extinci\u00f3n que el lince ib\u00e9rico.<\/p>\n<p>&nbsp;<\/p>\n<p>Un pa\u00eds, adem\u00e1s, en el que un libro como \u201cLa Espa\u00f1a vac\u00eda\u201d, de Sergio del Molino, puso de relieve otra de las grandes tragedias de nuestro siglo XXI: el abandono de cientos de pueblos que, poco a poco, se van quedando abandonados, vac\u00edos y en estado ruinoso. Pueblos en los que la falta de gente fuerza a que se cierren los dispensarios m\u00e9dicos, los colegios, las boticas, los cuartelillos\u2026<\/p>\n<p><a href=\"http:\/\/www.granadablogs.com\/pateandoelmundo\/la-espana-vacia-y-vieja\/la-espana-vacia\/\" rel=\"attachment wp-att-23864\"><img loading=\"lazy\" decoding=\"async\" class=\"aligncenter size-medium wp-image-23864\" src=\"http:\/\/www.granadablogs.com\/pateandoelmundo\/wp-content\/uploads\/2017\/12\/La-Espa\u00f1a-Vac\u00eda-191x300.jpg\" alt=\"\" width=\"191\" height=\"300\" srcset=\"https:\/\/www.granadablogs.com\/pateandoelmundo\/wp-content\/uploads\/2017\/12\/La-Espa\u00f1a-Vac\u00eda-191x300.jpg 191w, https:\/\/www.granadablogs.com\/pateandoelmundo\/wp-content\/uploads\/2017\/12\/La-Espa\u00f1a-Vac\u00eda-768x1205.jpg 768w, https:\/\/www.granadablogs.com\/pateandoelmundo\/wp-content\/uploads\/2017\/12\/La-Espa\u00f1a-Vac\u00eda-644x1011.jpg 644w, https:\/\/www.granadablogs.com\/pateandoelmundo\/wp-content\/uploads\/2017\/12\/La-Espa\u00f1a-Vac\u00eda.jpg 1654w\" sizes=\"auto, (max-width: 191px) 100vw, 191px\" \/><\/a><\/p>\n<p>Mientras, Andaluc\u00eda y las Canarias no dan abasto para atender a los miles de inmigrantes que se juegan la vida para llegar a Espa\u00f1a, en busca de un futuro mejor. \u201cAtender\u201d como eufemismo, por supuesto. Que, con los inmigrantes, se trata de retener y expulsar, en la medida de lo posible.<\/p>\n<p>&nbsp;<\/p>\n<p>De todas las paradojas provocadas por la aberrante desigualdad que asola a nuestro mundo, la de las Espa\u00f1a vieja y vac\u00eda que expulsa a los inmigrantes que vienen a nuestro pa\u00eds con ganas de trabajar para ganarse la vida es una de las m\u00e1s contradictorias.<\/p>\n<p>&nbsp;<\/p>\n<p>Siempre que se habla de estos temas es habitual recurrir a conceptos como control, mesura, orden, racionalidad, seguridad, etc\u00e9tera. Que si pueden colarse potenciales delincuentes, que si el peligro del terrorismo, que si hay que atraer talento, que si\u2026 Que s\u00ed. Que todo lo que ustedes quieran.<\/p>\n<p>&nbsp;<\/p>\n<p>Pero el hecho incuestionable es que Espa\u00f1a es un pa\u00eds cada vez m\u00e1s viejo, cada vez m\u00e1s vac\u00edo, cada vez m\u00e1s desatendido, cada vez m\u00e1s obsoleto. Y que, en poco tiempo, la inmigraci\u00f3n ser\u00e1 una necesidad perentoria. Y entonces s\u00ed nos encontraremos con un aut\u00e9ntico problema: asimilaci\u00f3n, integraci\u00f3n, cultura, convivencia\u2026<\/p>\n<p><a href=\"http:\/\/www.granadablogs.com\/pateandoelmundo\/la-espana-vacia-y-vieja\/la-espana-vacia-y-vieja\/\" rel=\"attachment wp-att-23865\"><img loading=\"lazy\" decoding=\"async\" class=\"aligncenter size-medium wp-image-23865\" src=\"http:\/\/www.granadablogs.com\/pateandoelmundo\/wp-content\/uploads\/2017\/12\/La-Espa\u00f1a-Vac\u00eda-y-Vieja-300x200.jpg\" alt=\"\" width=\"300\" height=\"200\" srcset=\"https:\/\/www.granadablogs.com\/pateandoelmundo\/wp-content\/uploads\/2017\/12\/La-Espa\u00f1a-Vac\u00eda-y-Vieja-300x200.jpg 300w, https:\/\/www.granadablogs.com\/pateandoelmundo\/wp-content\/uploads\/2017\/12\/La-Espa\u00f1a-Vac\u00eda-y-Vieja.jpg 500w\" sizes=\"auto, (max-width: 300px) 100vw, 300px\" \/><\/a><\/p>\n<p>Temas poco apropiados, quiz\u00e1, para las Navidades. Aunque, en realidad, este debate siempre resulta ingrato e inc\u00f3modo\u2026<\/p>\n<p>&nbsp;<\/p>\n<p>Jes\u00fas Lens<\/p>\n<p><a href=\"https:\/\/twitter.com\/Jesus_Lens\" target=\"_blank\" rel=\"attachment wp-att-23654 noopener noreferrer\"><img loading=\"lazy\" decoding=\"async\" class=\"size-full wp-image-23654 alignleft\" src=\"http:\/\/www.granadablogs.com\/pateandoelmundo\/wp-content\/uploads\/2017\/11\/1-Twitter-Lens.jpg\" alt=\"\" width=\"196\" height=\"47\" \/><\/a><\/p>\n","protected":false},"excerpt":{"rendered":"<p>El pasado viernes, cenando con Sonia y con Gustavo y Augustin, fundadores e impulsores de la iniciativa Teranga Go, plataforma para organizar viajes colaborativos entre inmigrantes; coment\u00e1bamos la desconcertante paradoja de que Espa\u00f1a sea cada vez m\u00e1s vieja, con tasas de crecimiento demogr\u00e1fico negativas, mientras que seguimos aplicando pol\u00edticas migratorias brutalmente restrictivas. En Espa\u00f1a mueren [&hellip;]<\/p>\n","protected":false},"author":1,"featured_media":0,"comment_status":"open","ping_status":"open","sticky":false,"template":"","format":"standard","meta":{"jetpack_post_was_ever_published":false,"_jetpack_newsletter_access":"","_jetpack_dont_email_post_to_subs":true,"_jetpack_newsletter_tier_id":0,"_jetpack_memberships_contains_paywalled_content":false,"_jetpack_memberships_contains_paid_content":false,"footnotes":""},"categories":[6],"tags":[15583,15580,122,15582,15579,15581,11769],"class_list":["post-23862","post","type-post","status-publish","format-standard","hentry","category-opinion","tag-espana-se-muere","tag-espana-vacia-vieja","tag-inmigracion","tag-inmigracion-espana","tag-la-espana-vacia","tag-sergio-del-molino","tag-teranga-go"],"jetpack_featured_media_url":"","jetpack_sharing_enabled":true,"_links":{"self":[{"href":"https:\/\/www.granadablogs.com\/pateandoelmundo\/wp-json\/wp\/v2\/posts\/23862","targetHints":{"allow":["GET"]}}],"collection":[{"href":"https:\/\/www.granadablogs.com\/pateandoelmundo\/wp-json\/wp\/v2\/posts"}],"about":[{"href":"https:\/\/www.granadablogs.com\/pateandoelmundo\/wp-json\/wp\/v2\/types\/post"}],"author":[{"embeddable":true,"href":"https:\/\/www.granadablogs.com\/pateandoelmundo\/wp-json\/wp\/v2\/users\/1"}],"replies":[{"embeddable":true,"href":"https:\/\/www.granadablogs.com\/pateandoelmundo\/wp-json\/wp\/v2\/comments?post=23862"}],"version-history":[{"count":4,"href":"https:\/\/www.granadablogs.com\/pateandoelmundo\/wp-json\/wp\/v2\/posts\/23862\/revisions"}],"predecessor-version":[{"id":23869,"href":"https:\/\/www.granadablogs.com\/pateandoelmundo\/wp-json\/wp\/v2\/posts\/23862\/revisions\/23869"}],"wp:attachment":[{"href":"https:\/\/www.granadablogs.com\/pateandoelmundo\/wp-json\/wp\/v2\/media?parent=23862"}],"wp:term":[{"taxonomy":"category","embeddable":true,"href":"https:\/\/www.granadablogs.com\/pateandoelmundo\/wp-json\/wp\/v2\/categories?post=23862"},{"taxonomy":"post_tag","embeddable":true,"href":"https:\/\/www.granadablogs.com\/pateandoelmundo\/wp-json\/wp\/v2\/tags?post=23862"}],"curies":[{"name":"wp","href":"https:\/\/api.w.org\/{rel}","templated":true}]}}