{"id":23856,"date":"2017-12-17T17:32:19","date_gmt":"2017-12-17T16:32:19","guid":{"rendered":"http:\/\/www.granadablogs.com\/pateandoelmundo\/?p=23856"},"modified":"2017-12-17T17:32:20","modified_gmt":"2017-12-17T16:32:20","slug":"el-tiempo-arte-conceptual","status":"publish","type":"post","link":"https:\/\/www.granadablogs.com\/pateandoelmundo\/el-tiempo-arte-conceptual\/","title":{"rendered":"El tiempo, arte conceptual"},"content":{"rendered":"<p>\u00bfSe acuerdan de la pel\u00edcula \u201cAirbag\u201d, en la que un surrealista y desmadrado Manuel Manqui\u00f1a no paraba de aludir al concepto, repitiendo sin parar lo importante que era? Pues yo, que soy de natural brutote, no puedo evitar acordarme de ellos, de Manqui\u00f1a, de la gamberra Airbag y del concepto; cada vez que voy a una exposici\u00f3n de arte contempor\u00e1neo.<\/p>\n<p><a href=\"http:\/\/www.granadablogs.com\/pateandoelmundo\/el-tiempo-arte-conceptual\/2_premioalhambra\/\" rel=\"attachment wp-att-23857\"><img loading=\"lazy\" decoding=\"async\" class=\"aligncenter size-medium wp-image-23857\" src=\"http:\/\/www.granadablogs.com\/pateandoelmundo\/wp-content\/uploads\/2017\/12\/2_premioalhambra-300x205.jpg\" alt=\"\" width=\"300\" height=\"205\" srcset=\"https:\/\/www.granadablogs.com\/pateandoelmundo\/wp-content\/uploads\/2017\/12\/2_premioalhambra-300x205.jpg 300w, https:\/\/www.granadablogs.com\/pateandoelmundo\/wp-content\/uploads\/2017\/12\/2_premioalhambra-768x524.jpg 768w, https:\/\/www.granadablogs.com\/pateandoelmundo\/wp-content\/uploads\/2017\/12\/2_premioalhambra-644x439.jpg 644w, https:\/\/www.granadablogs.com\/pateandoelmundo\/wp-content\/uploads\/2017\/12\/2_premioalhambra.jpg 940w\" sizes=\"auto, (max-width: 300px) 100vw, 300px\" \/><\/a><\/p>\n<p>En el llamado arte conceptual, m\u00e1s que la materializaci\u00f3n de una pieza, lo que importa es la idea, la intenci\u00f3n del autor. Su intenci\u00f3n. De ah\u00ed que el espectador medio, situado frente a una obra conceptual, no entienda nada, debiendo acudir a la cartela para saber qu\u00e9 demonios es aquello y qu\u00e9 pretende contarnos el autor a trav\u00e9s de su inspiraci\u00f3n.<\/p>\n<p>&nbsp;<\/p>\n<p>Las explicaciones que acompa\u00f1an a las piezas de arte conceptual suelen ser largas y prolijas, aludiendo a cuestiones filos\u00f3ficas, po\u00e9ticas, hist\u00f3ricas, c\u00f3smicas o t\u00e9cnico-cient\u00edficas que expliquen el sentido de la obra. Que es casi lo mismo que preguntarse por el sentido de la vida. En muchas ocasiones, por el \u201c\u00bfQu\u00e9 hago yo aqu\u00ed?\u201d, pero esa es otra historia.<\/p>\n<p>El caso es que ahora mismo hay una exposici\u00f3n de arte contempor\u00e1neo muy interesante, en la Madraza. Son solo cinco piezas. Pero cinco piezas muy curradas, tanto desde el punto de vista conceptual como desde su propia ejecuci\u00f3n material. Se trata de las obras finalistas de la I edici\u00f3n del Premio Cervezas Alhambra de Arte Emergente.<\/p>\n<p><a href=\"http:\/\/www.granadablogs.com\/pateandoelmundo\/el-tiempo-arte-conceptual\/cabecera\/\" rel=\"attachment wp-att-23858\"><img loading=\"lazy\" decoding=\"async\" class=\"aligncenter size-medium wp-image-23858\" src=\"http:\/\/www.granadablogs.com\/pateandoelmundo\/wp-content\/uploads\/2017\/12\/Cabecera-300x127.jpeg\" alt=\"\" width=\"300\" height=\"127\" srcset=\"https:\/\/www.granadablogs.com\/pateandoelmundo\/wp-content\/uploads\/2017\/12\/Cabecera-300x127.jpeg 300w, https:\/\/www.granadablogs.com\/pateandoelmundo\/wp-content\/uploads\/2017\/12\/Cabecera-768x325.jpeg 768w, https:\/\/www.granadablogs.com\/pateandoelmundo\/wp-content\/uploads\/2017\/12\/Cabecera-644x273.jpeg 644w, https:\/\/www.granadablogs.com\/pateandoelmundo\/wp-content\/uploads\/2017\/12\/Cabecera.jpeg 1920w\" sizes=\"auto, (max-width: 300px) 100vw, 300px\" \/><\/a><\/p>\n<p>Cinco piezas basadas en libres interpretaciones y deconstrucciones de la Alhambra, el monumento. Cinco piezas que, al concepto, a la idea, se les suma una ejecuci\u00f3n artesanal muy bien terminada, que oblig\u00f3 a los artistas a trabajar mano a mano con diferentes artesanos de la madera, el metal, el vidrio y el barro.<\/p>\n<p>Me parece una idea extraordinaria, la de esta convocatoria art\u00edstica, poniendo a dialogar a los j\u00f3venes artistas emergentes contempor\u00e1neos, rabiosamente modernos, con los artesanos que trabajan siguiendo las t\u00e9cnicas ancestrales de toda la vida. Una f\u00f3rmula muy interesante, la de conectar el pasado con el futuro, a trav\u00e9s del presente.<\/p>\n<p><a href=\"http:\/\/www.granadablogs.com\/pateandoelmundo\/el-tiempo-arte-conceptual\/arco2017_stand_premio_alhambra_arco2017\/\" rel=\"attachment wp-att-23859\"><img loading=\"lazy\" decoding=\"async\" class=\"aligncenter size-medium wp-image-23859\" src=\"http:\/\/www.granadablogs.com\/pateandoelmundo\/wp-content\/uploads\/2017\/12\/arco2017_stand_premio_alhambra_arco2017-300x200.jpg\" alt=\"\" width=\"300\" height=\"200\" srcset=\"https:\/\/www.granadablogs.com\/pateandoelmundo\/wp-content\/uploads\/2017\/12\/arco2017_stand_premio_alhambra_arco2017-300x200.jpg 300w, https:\/\/www.granadablogs.com\/pateandoelmundo\/wp-content\/uploads\/2017\/12\/arco2017_stand_premio_alhambra_arco2017-768x512.jpg 768w, https:\/\/www.granadablogs.com\/pateandoelmundo\/wp-content\/uploads\/2017\/12\/arco2017_stand_premio_alhambra_arco2017-644x429.jpg 644w, https:\/\/www.granadablogs.com\/pateandoelmundo\/wp-content\/uploads\/2017\/12\/arco2017_stand_premio_alhambra_arco2017.jpg 840w\" sizes=\"auto, (max-width: 300px) 100vw, 300px\" \/><\/a><\/p>\n<p>\u00bfY las obras? La ganadora, \u201cSe\u00f1as y Sonidos del Palacio Rojo\u201d (leones\/reyes\/abencerrajes), de Jose Miguel Pere\u00f1\u00edguez; que juega con la m\u00fasica a trav\u00e9s de una monumental escultura, es extraordinaria. Pero perm\u00edtanme destacar el aljibe deconstruido por Jacobo Castellano, que le concede toda su importancia al agua de la Alhambra.<\/p>\n<p>Jes\u00fas Lens<\/p>\n<p><a href=\"https:\/\/twitter.com\/Jesus_Lens\" target=\"_blank\" rel=\"attachment wp-att-23654 noopener noreferrer\"><img loading=\"lazy\" decoding=\"async\" class=\"size-full wp-image-23654 alignleft\" src=\"http:\/\/www.granadablogs.com\/pateandoelmundo\/wp-content\/uploads\/2017\/11\/1-Twitter-Lens.jpg\" alt=\"\" width=\"196\" height=\"47\" \/><\/a><\/p>\n","protected":false},"excerpt":{"rendered":"<p>\u00bfSe acuerdan de la pel\u00edcula \u201cAirbag\u201d, en la que un surrealista y desmadrado Manuel Manqui\u00f1a no paraba de aludir al concepto, repitiendo sin parar lo importante que era? Pues yo, que soy de natural brutote, no puedo evitar acordarme de ellos, de Manqui\u00f1a, de la gamberra Airbag y del concepto; cada vez que voy a [&hellip;]<\/p>\n","protected":false},"author":1,"featured_media":0,"comment_status":"open","ping_status":"open","sticky":false,"template":"","format":"standard","meta":{"jetpack_post_was_ever_published":false,"_jetpack_newsletter_access":"","_jetpack_dont_email_post_to_subs":true,"_jetpack_newsletter_tier_id":0,"_jetpack_memberships_contains_paywalled_content":false,"_jetpack_memberships_contains_paid_content":false,"footnotes":""},"categories":[33,6],"tags":[9292,15573,15574,15575,15578,15577,15576],"class_list":["post-23856","post","type-post","status-publish","format-standard","hentry","category-arte","category-opinion","tag-arte-conceptual","tag-arte-emergente-cervezas-alhambra","tag-cervezas-alhambra-arte","tag-exposiciones-la-madraza","tag-jacobo-castellano","tag-jose-miguel-pereniguez","tag-la-madraza-ugr"],"jetpack_featured_media_url":"","jetpack_sharing_enabled":true,"_links":{"self":[{"href":"https:\/\/www.granadablogs.com\/pateandoelmundo\/wp-json\/wp\/v2\/posts\/23856","targetHints":{"allow":["GET"]}}],"collection":[{"href":"https:\/\/www.granadablogs.com\/pateandoelmundo\/wp-json\/wp\/v2\/posts"}],"about":[{"href":"https:\/\/www.granadablogs.com\/pateandoelmundo\/wp-json\/wp\/v2\/types\/post"}],"author":[{"embeddable":true,"href":"https:\/\/www.granadablogs.com\/pateandoelmundo\/wp-json\/wp\/v2\/users\/1"}],"replies":[{"embeddable":true,"href":"https:\/\/www.granadablogs.com\/pateandoelmundo\/wp-json\/wp\/v2\/comments?post=23856"}],"version-history":[{"count":2,"href":"https:\/\/www.granadablogs.com\/pateandoelmundo\/wp-json\/wp\/v2\/posts\/23856\/revisions"}],"predecessor-version":[{"id":23861,"href":"https:\/\/www.granadablogs.com\/pateandoelmundo\/wp-json\/wp\/v2\/posts\/23856\/revisions\/23861"}],"wp:attachment":[{"href":"https:\/\/www.granadablogs.com\/pateandoelmundo\/wp-json\/wp\/v2\/media?parent=23856"}],"wp:term":[{"taxonomy":"category","embeddable":true,"href":"https:\/\/www.granadablogs.com\/pateandoelmundo\/wp-json\/wp\/v2\/categories?post=23856"},{"taxonomy":"post_tag","embeddable":true,"href":"https:\/\/www.granadablogs.com\/pateandoelmundo\/wp-json\/wp\/v2\/tags?post=23856"}],"curies":[{"name":"wp","href":"https:\/\/api.w.org\/{rel}","templated":true}]}}