{"id":23850,"date":"2017-12-16T13:25:12","date_gmt":"2017-12-16T12:25:12","guid":{"rendered":"http:\/\/www.granadablogs.com\/pateandoelmundo\/?p=23850"},"modified":"2017-12-16T13:25:12","modified_gmt":"2017-12-16T12:25:12","slug":"pues-anda-que-tu","status":"publish","type":"post","link":"https:\/\/www.granadablogs.com\/pateandoelmundo\/pues-anda-que-tu\/","title":{"rendered":"Pues anda que t\u00fa&#8230;"},"content":{"rendered":"<p>En ocasiones tengo la impresi\u00f3n de que la multiplicidad de administraciones que en teor\u00eda deber\u00edan gobernarnos tienen como objetivo principal el hacerse la pu\u00f1eta, las unas a las otras. E, inmediatamente aparejado, el de servir como excusa y parapeto para la inacci\u00f3n gubernamental.<\/p>\n<p><a href=\"http:\/\/www.granadablogs.com\/pateandoelmundo\/pues-anda-que-tu\/mapa-k2cd-u30730827585xqd-575x390ideal\/\" rel=\"attachment wp-att-23851\"><img loading=\"lazy\" decoding=\"async\" class=\"aligncenter size-medium wp-image-23851\" src=\"http:\/\/www.granadablogs.com\/pateandoelmundo\/wp-content\/uploads\/2017\/12\/mapa-k2CD-U30730827585xQD-575x390@Ideal-300x204.jpg\" alt=\"\" width=\"300\" height=\"204\" srcset=\"https:\/\/www.granadablogs.com\/pateandoelmundo\/wp-content\/uploads\/2017\/12\/mapa-k2CD-U30730827585xQD-575x390@Ideal-300x204.jpg 300w, https:\/\/www.granadablogs.com\/pateandoelmundo\/wp-content\/uploads\/2017\/12\/mapa-k2CD-U30730827585xQD-575x390@Ideal.jpg 573w\" sizes=\"auto, (max-width: 300px) 100vw, 300px\" \/><\/a><\/p>\n<p>Leo que el presidente de la Confederaci\u00f3n de Empresarios, Gerardo Cuerva, reivindica la l\u00ednea el\u00e9ctrica Caparacena-Baza-La Ribina como infraestructura b\u00e1sica para el desarrollo econ\u00f3mico de esta zona de Andaluc\u00eda y que, movido por su preocupaci\u00f3n, ha sentado en la sede de la CGE a representantes pol\u00edticos y del tejido empresarial afectados por el tema.<\/p>\n<p>Cuerva aporta un dato preocupante: las inversiones previstas en el Plan de Desarrollo de la Red de Transporte de Energ\u00eda El\u00e9ctrica se han reducido en aproximadamente un 20% en el per\u00edodo 2015-2020 con respecto al periodo anterior, correspondiente a los a\u00f1os 2008-2016.<\/p>\n<p><a href=\"http:\/\/www.granadablogs.com\/pateandoelmundo\/pues-anda-que-tu\/empresarios-linea-klmi-984x468ideal\/\" rel=\"attachment wp-att-23852\"><img loading=\"lazy\" decoding=\"async\" class=\"aligncenter size-medium wp-image-23852\" src=\"http:\/\/www.granadablogs.com\/pateandoelmundo\/wp-content\/uploads\/2017\/12\/empresarios-linea-klMI-984x468@Ideal-300x143.jpg\" alt=\"\" width=\"300\" height=\"143\" srcset=\"https:\/\/www.granadablogs.com\/pateandoelmundo\/wp-content\/uploads\/2017\/12\/empresarios-linea-klMI-984x468@Ideal-300x143.jpg 300w, https:\/\/www.granadablogs.com\/pateandoelmundo\/wp-content\/uploads\/2017\/12\/empresarios-linea-klMI-984x468@Ideal-768x367.jpg 768w, https:\/\/www.granadablogs.com\/pateandoelmundo\/wp-content\/uploads\/2017\/12\/empresarios-linea-klMI-984x468@Ideal-644x308.jpg 644w, https:\/\/www.granadablogs.com\/pateandoelmundo\/wp-content\/uploads\/2017\/12\/empresarios-linea-klMI-984x468@Ideal.jpg 980w\" sizes=\"auto, (max-width: 300px) 100vw, 300px\" \/><\/a><\/p>\n<p>El director general del Cl\u00faster Andaluz de Energ\u00edas Renovables de Andaluc\u00eda (CLANER), Carlos Rojo, denuncia que, tras a\u00f1os de reclamaciones, empresas que invirtieron en proyectos de renovables en la zona se ven abocadas a abandonar sus promociones y a deslocalizar sus inversiones.<\/p>\n<p>\u00bfY los representantes pol\u00edticos, de uno y otro partido, PP y PSOE? \u00a1A bofetadas, faltar\u00eda m\u00e1s! No en esta reuni\u00f3n, en la que todos habr\u00e1n mostrado su firme compromiso para encontrar una soluci\u00f3n que tal y tal y tal. A bofetadas, seg\u00fan podemos leer en sus declaraciones de los \u00faltimos meses a los medios de comunicaci\u00f3n.<\/p>\n<p>No se lo van ustedes a creer, pero el ayuntamiento de Baza -del PSOE- y la Junta de Andaluc\u00eda culpan al gobierno central, mientras que el gobierno central culpa a la Junta de Andaluc\u00eda y al gobierno de Zapatero y, de paso, le dan un toque a la Diputaci\u00f3n de Granada y hasta a Francisco Cuenca, por no posicionarse en el tema de los 2 hospitales completos. Efectivamente: el Y-t\u00fa-m\u00e1s. O el Y-t\u00fa-menos.<\/p>\n<p><a href=\"http:\/\/www.granadablogs.com\/pateandoelmundo\/pues-anda-que-tu\/linea-electrica-kveb-984x468ideal\/\" rel=\"attachment wp-att-23853\"><img loading=\"lazy\" decoding=\"async\" class=\"aligncenter size-medium wp-image-23853\" src=\"http:\/\/www.granadablogs.com\/pateandoelmundo\/wp-content\/uploads\/2017\/12\/linea-electrica-kVeB-984x468@Ideal-300x143.jpg\" alt=\"\" width=\"300\" height=\"143\" srcset=\"https:\/\/www.granadablogs.com\/pateandoelmundo\/wp-content\/uploads\/2017\/12\/linea-electrica-kVeB-984x468@Ideal-300x143.jpg 300w, https:\/\/www.granadablogs.com\/pateandoelmundo\/wp-content\/uploads\/2017\/12\/linea-electrica-kVeB-984x468@Ideal-768x365.jpg 768w, https:\/\/www.granadablogs.com\/pateandoelmundo\/wp-content\/uploads\/2017\/12\/linea-electrica-kVeB-984x468@Ideal-644x306.jpg 644w, https:\/\/www.granadablogs.com\/pateandoelmundo\/wp-content\/uploads\/2017\/12\/linea-electrica-kVeB-984x468@Ideal.jpg 984w\" sizes=\"auto, (max-width: 300px) 100vw, 300px\" \/><\/a><\/p>\n<p>En los partidos mantienen bien actualizados sus argumentarios acusativos: cada vez que surge una pol\u00e9mica, dando igual el tema del que se trate, inmediatamente salen a relucir los Pues-anda-que-t\u00fa de rigor, ech\u00e1ndose a la cara los retrasos y recortes en autov\u00edas, trenes, metros, presas, AVEs, corrupci\u00f3n, hospitales y choricer\u00edo como temas estrella. Una forma lesiva, miserable y empobrecedora de entender la pol\u00edtica en la que siempre perdemos los mismos.<\/p>\n<p>Jes\u00fas Lens<\/p>\n<p><a href=\"https:\/\/twitter.com\/Jesus_Lens\" target=\"_blank\" rel=\"attachment wp-att-23654 noopener noreferrer\"><img loading=\"lazy\" decoding=\"async\" class=\"size-full wp-image-23654 alignleft\" src=\"http:\/\/www.granadablogs.com\/pateandoelmundo\/wp-content\/uploads\/2017\/11\/1-Twitter-Lens.jpg\" alt=\"\" width=\"196\" height=\"47\" \/><\/a><\/p>\n","protected":false},"excerpt":{"rendered":"<p>Penosa forma de entender la pol\u00edtica, ech\u00e1ndose a la cara incumplimientos y corrupciones, como si fuera algo de lo que presumir. <\/p>\n","protected":false},"author":1,"featured_media":0,"comment_status":"open","ping_status":"open","sticky":false,"template":"","format":"standard","meta":{"jetpack_post_was_ever_published":false,"_jetpack_newsletter_access":"","_jetpack_dont_email_post_to_subs":true,"_jetpack_newsletter_tier_id":0,"_jetpack_memberships_contains_paywalled_content":false,"_jetpack_memberships_contains_paid_content":false,"footnotes":""},"categories":[6],"tags":[15570,15571,15568,15569,15567,15566,15572,11392],"class_list":["post-23850","post","type-post","status-publish","format-standard","hentry","category-opinion","tag-carlos-rojo","tag-claner","tag-electricidad-zona-norte-granada","tag-gerardo-cuerva","tag-linea-caparacena-baza","tag-politica-empobrecedora","tag-pues-anda-que-tu","tag-y-tu-mas"],"jetpack_featured_media_url":"","jetpack_sharing_enabled":true,"_links":{"self":[{"href":"https:\/\/www.granadablogs.com\/pateandoelmundo\/wp-json\/wp\/v2\/posts\/23850","targetHints":{"allow":["GET"]}}],"collection":[{"href":"https:\/\/www.granadablogs.com\/pateandoelmundo\/wp-json\/wp\/v2\/posts"}],"about":[{"href":"https:\/\/www.granadablogs.com\/pateandoelmundo\/wp-json\/wp\/v2\/types\/post"}],"author":[{"embeddable":true,"href":"https:\/\/www.granadablogs.com\/pateandoelmundo\/wp-json\/wp\/v2\/users\/1"}],"replies":[{"embeddable":true,"href":"https:\/\/www.granadablogs.com\/pateandoelmundo\/wp-json\/wp\/v2\/comments?post=23850"}],"version-history":[{"count":2,"href":"https:\/\/www.granadablogs.com\/pateandoelmundo\/wp-json\/wp\/v2\/posts\/23850\/revisions"}],"predecessor-version":[{"id":23855,"href":"https:\/\/www.granadablogs.com\/pateandoelmundo\/wp-json\/wp\/v2\/posts\/23850\/revisions\/23855"}],"wp:attachment":[{"href":"https:\/\/www.granadablogs.com\/pateandoelmundo\/wp-json\/wp\/v2\/media?parent=23850"}],"wp:term":[{"taxonomy":"category","embeddable":true,"href":"https:\/\/www.granadablogs.com\/pateandoelmundo\/wp-json\/wp\/v2\/categories?post=23850"},{"taxonomy":"post_tag","embeddable":true,"href":"https:\/\/www.granadablogs.com\/pateandoelmundo\/wp-json\/wp\/v2\/tags?post=23850"}],"curies":[{"name":"wp","href":"https:\/\/api.w.org\/{rel}","templated":true}]}}