{"id":23531,"date":"2017-11-01T19:25:12","date_gmt":"2017-11-01T18:25:12","guid":{"rendered":"http:\/\/www.granadablogs.com\/pateandoelmundo\/?p=23531"},"modified":"2017-11-01T19:25:12","modified_gmt":"2017-11-01T18:25:12","slug":"comparecer-desaparecer","status":"publish","type":"post","link":"https:\/\/www.granadablogs.com\/pateandoelmundo\/comparecer-desaparecer\/","title":{"rendered":"Comparecer &#038; desaparecer"},"content":{"rendered":"<p>El titular ocupaba toda la pantalla del ordenador: \u201cPuigdemont explicar\u00e1 hoy la raz\u00f3n de su viaje a Bruselas\u201d. Y se anunciaba su comparecencia ante los medios de comunicaci\u00f3n para las 12.30 del mediod\u00eda. \u00a1Otra vez, todos como locos, esperando su aparici\u00f3n!<\/p>\n<p><a href=\"http:\/\/www.granadablogs.com\/pateandoelmundo\/comparecer-desaparecer\/tintin\/\" rel=\"attachment wp-att-23532\"><img loading=\"lazy\" decoding=\"async\" class=\"aligncenter size-medium wp-image-23532\" src=\"http:\/\/www.granadablogs.com\/pateandoelmundo\/wp-content\/uploads\/2017\/11\/tintin-219x300.jpg\" alt=\"\" width=\"219\" height=\"300\" srcset=\"https:\/\/www.granadablogs.com\/pateandoelmundo\/wp-content\/uploads\/2017\/11\/tintin-219x300.jpg 219w, https:\/\/www.granadablogs.com\/pateandoelmundo\/wp-content\/uploads\/2017\/11\/tintin.jpg 471w\" sizes=\"auto, (max-width: 219px) 100vw, 219px\" \/><\/a><\/p>\n<p>Y es que el que fuera Molt Honorable de Catalunya se ha especializado en generar alt\u00edsimas expectativas con sus comparecencias y en provocar tremendos berrinches con sus incomparecencias. Y muchas risas y cachondeos con sus huidas y desapariciones.<\/p>\n<p>&nbsp;<\/p>\n<p>Menos mal que nos queda el humor. Porque lo del Compae Puigdemont, el Gran Compareciente, es insostenible. E insoportable. Lo de estos d\u00edas fue tremendo, con las redes sociales repletas de Tintines con pelazo negro en vez de quiriqui amarillo, referencias a pel\u00edculas como \u201cEscondidos en Brujas\u201d y comentarios jocosos sobre los Jordis en Soto del Real y Puigdemont haci\u00e9ndose selfis junto al Manneken Pis, el ni\u00f1o me\u00f3n de Bruselas, despu\u00e9s de desayunarse un gofre y antes de almorzar los t\u00edpicos mejillones con patatas fritas.<\/p>\n<p><a href=\"http:\/\/www.granadablogs.com\/pateandoelmundo\/comparecer-desaparecer\/zz21530a3c\/\" rel=\"attachment wp-att-23533\"><img loading=\"lazy\" decoding=\"async\" class=\"aligncenter size-medium wp-image-23533\" src=\"http:\/\/www.granadablogs.com\/pateandoelmundo\/wp-content\/uploads\/2017\/11\/zz21530a3c-300x219.jpg\" alt=\"\" width=\"300\" height=\"219\" srcset=\"https:\/\/www.granadablogs.com\/pateandoelmundo\/wp-content\/uploads\/2017\/11\/zz21530a3c-300x219.jpg 300w, https:\/\/www.granadablogs.com\/pateandoelmundo\/wp-content\/uploads\/2017\/11\/zz21530a3c.jpg 500w\" sizes=\"auto, (max-width: 300px) 100vw, 300px\" \/><\/a><\/p>\n<p>Mientras, la rumorolog\u00eda se\u00f1alaba dos contactos importantes de Puigdemont en Bruselas: un pol\u00edtico xen\u00f3fobo de la extrema derecha que le ofrec\u00eda asilo y un abogado especializado en defender a la gente de ETA. Lo que vendr\u00eda a demostrar que, efectivamente, el delirio de la sinraz\u00f3n nacionalista no solo produce monstruos, sino que hace extra\u00f1\u00edsimos compa\u00f1eros de cama y cohabitaci\u00f3n.<\/p>\n<p>&nbsp;<\/p>\n<p>En su comparecencia triling\u00fce, Puigdemont trat\u00f3 de apelar a internacionalizaci\u00f3n del contencioso, mostr\u00e1ndose como v\u00edctima de la represi\u00f3n del estado espa\u00f1ol. Menos mal que el viceprimer ministro de B\u00e9lgica y responsable de Econom\u00eda, Kris Peeters, obviando su presencia en Bruselas, despach\u00f3 el tema con una declaraci\u00f3n tan transparente como clarividente: \u201cNo quiero prejuzgar nada, pero cuando se pide la independencia, m\u00e1s vale quedarse cerca de su pueblo\u201d.<\/p>\n<p>&nbsp;<\/p>\n<p>\u00bfQu\u00e9 har\u00e1 ahora el ex presidente de la Generalitat? \u00bfVolver a Catalunya, ya que dice que no quiere eludir la acci\u00f3n de la justicia, o iniciar un tour mundial de lacrim\u00f3geno victimismo? \u00a1No! Quedarse en Bruselas, haci\u00e9ndose el humillado y ofendido. Qu\u00e9 bonito es eso de apelar a la Justicia, llen\u00e1ndosete la boca con ella, pero despreciarla cuando no te da la raz\u00f3n; sea porque consideres que est\u00e1 politizada o invadida de sinverg\u00fcenzas.<\/p>\n<p><a href=\"http:\/\/www.granadablogs.com\/pateandoelmundo\/comparecer-desaparecer\/puigdemont-maneken-n-672xxx80\/\" rel=\"attachment wp-att-23534\"><img loading=\"lazy\" decoding=\"async\" class=\"aligncenter size-medium wp-image-23534\" src=\"http:\/\/www.granadablogs.com\/pateandoelmundo\/wp-content\/uploads\/2017\/11\/puigdemont-maneken-n-672xXx80-300x183.jpg\" alt=\"\" width=\"300\" height=\"183\" srcset=\"https:\/\/www.granadablogs.com\/pateandoelmundo\/wp-content\/uploads\/2017\/11\/puigdemont-maneken-n-672xXx80-300x183.jpg 300w, https:\/\/www.granadablogs.com\/pateandoelmundo\/wp-content\/uploads\/2017\/11\/puigdemont-maneken-n-672xXx80-644x393.jpg 644w, https:\/\/www.granadablogs.com\/pateandoelmundo\/wp-content\/uploads\/2017\/11\/puigdemont-maneken-n-672xXx80.jpg 656w\" sizes=\"auto, (max-width: 300px) 100vw, 300px\" \/><\/a><\/p>\n<p>Lo \u00fanico bueno de todo esto es que la mayor\u00eda de partidos se comprometen a concurrir y aceptar los resultados de las elecciones del 21D. \u00a1Cordura, por fin!<\/p>\n<p>&nbsp;<\/p>\n<p>Jes\u00fas Lens<\/p>\n<p><a href=\"https:\/\/twitter.com\/Jesus_Lens\" target=\"_blank\" rel=\"attachment wp-att-23486 noopener noreferrer\"><img loading=\"lazy\" decoding=\"async\" class=\"size-full wp-image-23486 alignleft\" src=\"http:\/\/www.granadablogs.com\/pateandoelmundo\/wp-content\/uploads\/2017\/10\/1-Twitter-Lens.jpg\" alt=\"\" width=\"196\" height=\"47\" \/><\/a><\/p>\n<p>&nbsp;<\/p>\n","protected":false},"excerpt":{"rendered":"<p>El titular ocupaba toda la pantalla del ordenador: \u201cPuigdemont explicar\u00e1 hoy la raz\u00f3n de su viaje a Bruselas\u201d. Y se anunciaba su comparecencia ante los medios de comunicaci\u00f3n para las 12.30 del mediod\u00eda. \u00a1Otra vez, todos como locos, esperando su aparici\u00f3n! Y es que el que fuera Molt Honorable de Catalunya se ha especializado en [&hellip;]<\/p>\n","protected":false},"author":1,"featured_media":0,"comment_status":"open","ping_status":"open","sticky":false,"template":"","format":"standard","meta":{"jetpack_post_was_ever_published":false,"_jetpack_newsletter_access":"","_jetpack_dont_email_post_to_subs":true,"_jetpack_newsletter_tier_id":0,"_jetpack_memberships_contains_paywalled_content":false,"_jetpack_memberships_contains_paid_content":false,"footnotes":""},"categories":[6],"tags":[15319,15318,15317,15316],"class_list":["post-23531","post","type-post","status-publish","format-standard","hentry","category-opinion","tag-ahora-me-vez-ahora-no-me-ves","tag-puigdemont-bruselas","tag-puigdemont-manneken-pis","tag-puigdemont-tintin"],"jetpack_featured_media_url":"","jetpack_sharing_enabled":true,"_links":{"self":[{"href":"https:\/\/www.granadablogs.com\/pateandoelmundo\/wp-json\/wp\/v2\/posts\/23531","targetHints":{"allow":["GET"]}}],"collection":[{"href":"https:\/\/www.granadablogs.com\/pateandoelmundo\/wp-json\/wp\/v2\/posts"}],"about":[{"href":"https:\/\/www.granadablogs.com\/pateandoelmundo\/wp-json\/wp\/v2\/types\/post"}],"author":[{"embeddable":true,"href":"https:\/\/www.granadablogs.com\/pateandoelmundo\/wp-json\/wp\/v2\/users\/1"}],"replies":[{"embeddable":true,"href":"https:\/\/www.granadablogs.com\/pateandoelmundo\/wp-json\/wp\/v2\/comments?post=23531"}],"version-history":[{"count":2,"href":"https:\/\/www.granadablogs.com\/pateandoelmundo\/wp-json\/wp\/v2\/posts\/23531\/revisions"}],"predecessor-version":[{"id":23536,"href":"https:\/\/www.granadablogs.com\/pateandoelmundo\/wp-json\/wp\/v2\/posts\/23531\/revisions\/23536"}],"wp:attachment":[{"href":"https:\/\/www.granadablogs.com\/pateandoelmundo\/wp-json\/wp\/v2\/media?parent=23531"}],"wp:term":[{"taxonomy":"category","embeddable":true,"href":"https:\/\/www.granadablogs.com\/pateandoelmundo\/wp-json\/wp\/v2\/categories?post=23531"},{"taxonomy":"post_tag","embeddable":true,"href":"https:\/\/www.granadablogs.com\/pateandoelmundo\/wp-json\/wp\/v2\/tags?post=23531"}],"curies":[{"name":"wp","href":"https:\/\/api.w.org\/{rel}","templated":true}]}}