{"id":23525,"date":"2017-10-31T11:40:03","date_gmt":"2017-10-31T10:40:03","guid":{"rendered":"http:\/\/www.granadablogs.com\/pateandoelmundo\/?p=23525"},"modified":"2017-10-31T11:40:03","modified_gmt":"2017-10-31T10:40:03","slug":"el-tema-y-los-temillas","status":"publish","type":"post","link":"https:\/\/www.granadablogs.com\/pateandoelmundo\/el-tema-y-los-temillas\/","title":{"rendered":"El TEMA y los temillas"},"content":{"rendered":"<p>Reconozcamos una cosa: no todo lo referente al TEMA es negativo. Por ejemplo, ha conseguido que esta temporada pasemos casi de puntillas por dos de los temillas habituales de discusi\u00f3n de estas fechas: la procedencia o no del cambio de hora y el maldito Halloween.<\/p>\n<p><a href=\"http:\/\/www.granadablogs.com\/pateandoelmundo\/el-tema-y-los-temillas\/halloween\/\" rel=\"attachment wp-att-23526\"><img loading=\"lazy\" decoding=\"async\" class=\"aligncenter size-medium wp-image-23526\" src=\"http:\/\/www.granadablogs.com\/pateandoelmundo\/wp-content\/uploads\/2017\/10\/Halloween-300x219.jpg\" alt=\"\" width=\"300\" height=\"219\" srcset=\"https:\/\/www.granadablogs.com\/pateandoelmundo\/wp-content\/uploads\/2017\/10\/Halloween-300x219.jpg 300w, https:\/\/www.granadablogs.com\/pateandoelmundo\/wp-content\/uploads\/2017\/10\/Halloween-644x469.jpg 644w, https:\/\/www.granadablogs.com\/pateandoelmundo\/wp-content\/uploads\/2017\/10\/Halloween.jpg 660w\" sizes=\"auto, (max-width: 300px) 100vw, 300px\" \/><\/a><\/p>\n<p>Si no fuera por lo enredados que estamos con la DUI, el 155, Puigdemont y Soraya; radios, televisiones, peri\u00f3dicos y redes estar\u00edan repletos de informaciones, reportajes e hilos a favor y en contra del cambio horario, de lo fascista que es mantener el huso alem\u00e1n y lo progresista de adoptar el brit\u00e1nico. Aunque ahora, con eso del Brexit, no s\u00e9 yo\u2026<\/p>\n<p>&nbsp;<\/p>\n<p>Discusiones apoyadas, la mayor\u00eda de ellas, en argumentos tan consistentes como \u201cno me gusta que se haga de noche tan temprano\u201d o \u201cme gusta despertarme y que haya luz\u201d\u2026 aunque, en unas pocas semanas, cuando suene el despertador a eso de las 7 o las 8 de la ma\u00f1ana, sea noche cerrada, con la hora cambiada o sin cambiar.<\/p>\n<figure id=\"attachment_23527\" aria-describedby=\"caption-attachment-23527\" style=\"width: 300px\" class=\"wp-caption aligncenter\"><a href=\"http:\/\/www.granadablogs.com\/pateandoelmundo\/el-tema-y-los-temillas\/recordatorio-oportuno\/\" rel=\"attachment wp-att-23527\"><img loading=\"lazy\" decoding=\"async\" class=\"size-medium wp-image-23527\" src=\"http:\/\/www.granadablogs.com\/pateandoelmundo\/wp-content\/uploads\/2017\/10\/Cambio-de-hora-300x196.jpg\" alt=\"\" width=\"300\" height=\"196\" srcset=\"https:\/\/www.granadablogs.com\/pateandoelmundo\/wp-content\/uploads\/2017\/10\/Cambio-de-hora-300x196.jpg 300w, https:\/\/www.granadablogs.com\/pateandoelmundo\/wp-content\/uploads\/2017\/10\/Cambio-de-hora-768x501.jpg 768w, https:\/\/www.granadablogs.com\/pateandoelmundo\/wp-content\/uploads\/2017\/10\/Cambio-de-hora-644x420.jpg 644w, https:\/\/www.granadablogs.com\/pateandoelmundo\/wp-content\/uploads\/2017\/10\/Cambio-de-hora.jpg 1200w\" sizes=\"auto, (max-width: 300px) 100vw, 300px\" \/><\/a><figcaption id=\"caption-attachment-23527\" class=\"wp-caption-text\">Cambio de hora<\/figcaption><\/figure>\n<p>El que s\u00ed parece haber ganado la batalla, definitivamente, es el tal Halloween: ya queda tan viejuno, a\u00f1ejo y desfasado criticar Halloween como preguntarle a una persona que luce unos flamantes vaqueros nuevos, todo rotos y desgajados, si viene de una pelea.<\/p>\n<p>&nbsp;<\/p>\n<p>No, oigan, no. Hagan el favor de estar a lo que hay que estar. La est\u00e9tica homeless es tope trendy-mola-todo y, la verdad sea dicha, con el nivel de crispaci\u00f3n que nos rodea, unos vaqueros adecuadamente rotos son una perfecta met\u00e1fora del actual estado de las cosas. Y con Halloween pasa igual. \u00bfNo es un momento extraordinario, \u00e9ste, para vernos rodeados de brujas y fantasmas, de telara\u00f1as y calabazas cabezonas de siniestra sonrisa?<\/p>\n<p><a href=\"http:\/\/www.granadablogs.com\/pateandoelmundo\/el-tema-y-los-temillas\/vaqueros-rotos\/\" rel=\"attachment wp-att-23528\"><img loading=\"lazy\" decoding=\"async\" class=\"aligncenter size-medium wp-image-23528\" src=\"http:\/\/www.granadablogs.com\/pateandoelmundo\/wp-content\/uploads\/2017\/10\/Vaqueros-rotos-254x300.jpg\" alt=\"\" width=\"254\" height=\"300\" srcset=\"https:\/\/www.granadablogs.com\/pateandoelmundo\/wp-content\/uploads\/2017\/10\/Vaqueros-rotos-254x300.jpg 254w, https:\/\/www.granadablogs.com\/pateandoelmundo\/wp-content\/uploads\/2017\/10\/Vaqueros-rotos-768x907.jpg 768w, https:\/\/www.granadablogs.com\/pateandoelmundo\/wp-content\/uploads\/2017\/10\/Vaqueros-rotos-644x760.jpg 644w, https:\/\/www.granadablogs.com\/pateandoelmundo\/wp-content\/uploads\/2017\/10\/Vaqueros-rotos.jpg 1174w\" sizes=\"auto, (max-width: 254px) 100vw, 254px\" \/><\/a><\/p>\n<p>En serio. No critiquen lo de Halloween y el imperialismo yanqui. Al menos, no lo hagan antes de echarle un vistazo a la cartelera de su ciudad a trav\u00e9s de su iPhone o su flamante m\u00f3vil chino, a las ofertas variadas de cheeseburgers, falafel o tacos con queso del restaurante de la esquina o al top ten de venta de discos\u2026 si tal cosa sigue existiendo. Que yo creo que no. Que se extingui\u00f3 como los dinosaurios.<\/p>\n<p>&nbsp;<\/p>\n<p>Tratar de ponerle puertas al campo es algo propio de mentes obtusas como las de Trump y su muro. Que no se puede comparar con la valla de Melilla, d\u00f3nde va a parar.<\/p>\n<p>&nbsp;<\/p>\n<p>Jes\u00fas Lens<\/p>\n<p><a href=\"https:\/\/twitter.com\/Jesus_Lens\" target=\"_blank\" rel=\"attachment wp-att-23486 noopener noreferrer\"><img loading=\"lazy\" decoding=\"async\" class=\"size-full wp-image-23486 alignleft\" src=\"http:\/\/www.granadablogs.com\/pateandoelmundo\/wp-content\/uploads\/2017\/10\/1-Twitter-Lens.jpg\" alt=\"\" width=\"196\" height=\"47\" \/><\/a><\/p>\n","protected":false},"excerpt":{"rendered":"<p>Reconozcamos una cosa: no todo lo referente al TEMA es negativo. Por ejemplo, ha conseguido que esta temporada pasemos casi de puntillas por dos de los temillas habituales de discusi\u00f3n de estas fechas: la procedencia o no del cambio de hora y el maldito Halloween. Si no fuera por lo enredados que estamos con la [&hellip;]<\/p>\n","protected":false},"author":1,"featured_media":0,"comment_status":"open","ping_status":"open","sticky":false,"template":"","format":"standard","meta":{"jetpack_post_was_ever_published":false,"_jetpack_newsletter_access":"","_jetpack_dont_email_post_to_subs":true,"_jetpack_newsletter_tier_id":0,"_jetpack_memberships_contains_paywalled_content":false,"_jetpack_memberships_contains_paid_content":false,"footnotes":""},"categories":[6],"tags":[15314,15315,15313,15311,15310,15312],"class_list":["post-23525","post","type-post","status-publish","format-standard","hentry","category-opinion","tag-cambio-hora","tag-conazo-cambio-de-hora","tag-naked-jeans","tag-puto-halloween","tag-tema-y-temillas","tag-vaqueros-rotos"],"jetpack_featured_media_url":"","jetpack_sharing_enabled":true,"_links":{"self":[{"href":"https:\/\/www.granadablogs.com\/pateandoelmundo\/wp-json\/wp\/v2\/posts\/23525","targetHints":{"allow":["GET"]}}],"collection":[{"href":"https:\/\/www.granadablogs.com\/pateandoelmundo\/wp-json\/wp\/v2\/posts"}],"about":[{"href":"https:\/\/www.granadablogs.com\/pateandoelmundo\/wp-json\/wp\/v2\/types\/post"}],"author":[{"embeddable":true,"href":"https:\/\/www.granadablogs.com\/pateandoelmundo\/wp-json\/wp\/v2\/users\/1"}],"replies":[{"embeddable":true,"href":"https:\/\/www.granadablogs.com\/pateandoelmundo\/wp-json\/wp\/v2\/comments?post=23525"}],"version-history":[{"count":2,"href":"https:\/\/www.granadablogs.com\/pateandoelmundo\/wp-json\/wp\/v2\/posts\/23525\/revisions"}],"predecessor-version":[{"id":23530,"href":"https:\/\/www.granadablogs.com\/pateandoelmundo\/wp-json\/wp\/v2\/posts\/23525\/revisions\/23530"}],"wp:attachment":[{"href":"https:\/\/www.granadablogs.com\/pateandoelmundo\/wp-json\/wp\/v2\/media?parent=23525"}],"wp:term":[{"taxonomy":"category","embeddable":true,"href":"https:\/\/www.granadablogs.com\/pateandoelmundo\/wp-json\/wp\/v2\/categories?post=23525"},{"taxonomy":"post_tag","embeddable":true,"href":"https:\/\/www.granadablogs.com\/pateandoelmundo\/wp-json\/wp\/v2\/tags?post=23525"}],"curies":[{"name":"wp","href":"https:\/\/api.w.org\/{rel}","templated":true}]}}