{"id":23224,"date":"2017-09-17T13:27:17","date_gmt":"2017-09-17T12:27:17","guid":{"rendered":"http:\/\/www.granadablogs.com\/pateandoelmundo\/?p=23224"},"modified":"2017-09-17T13:27:18","modified_gmt":"2017-09-17T12:27:18","slug":"entre-temas-y-temazos","status":"publish","type":"post","link":"https:\/\/www.granadablogs.com\/pateandoelmundo\/entre-temas-y-temazos\/","title":{"rendered":"Entre temas y temazos"},"content":{"rendered":"<p>Lo peor de lo urgente es que nos hace olvidar lo importante. Y los verdaderos problemas comienzan cuando, en nuestra vida, todo es urgencia, prisa, nervios y ansiedad.<\/p>\n<p>La actualidad vertiginosa de un mundo siempre conectado hizo que, en verano, no hubiera nada m\u00e1s importante que el caso de Juana Rivas, que lo canibaliz\u00f3 todo. Hasta que llegaron septiembre\u2026 y el Proc\u00e9s. Y ya no hay m\u00e1s horizonte en nuestra vida que el 1 de octubre.<\/p>\n<p><a href=\"http:\/\/www.granadablogs.com\/pateandoelmundo\/entre-temas-y-temazos\/cataluc3b1a\/\" rel=\"attachment wp-att-23225\"><img loading=\"lazy\" decoding=\"async\" class=\"aligncenter size-medium wp-image-23225\" src=\"http:\/\/www.granadablogs.com\/pateandoelmundo\/wp-content\/uploads\/2017\/09\/cataluc3b1a-300x168.jpg\" alt=\"\" width=\"300\" height=\"168\" srcset=\"https:\/\/www.granadablogs.com\/pateandoelmundo\/wp-content\/uploads\/2017\/09\/cataluc3b1a-300x168.jpg 300w, https:\/\/www.granadablogs.com\/pateandoelmundo\/wp-content\/uploads\/2017\/09\/cataluc3b1a.jpg 627w\" sizes=\"auto, (max-width: 300px) 100vw, 300px\" \/><\/a><\/p>\n<p>Sin embargo, es necesario tratar de mirar m\u00e1s all\u00e1 del tema del momento. Porque siempre hay uno. Un tema. El temazo. Da lo mismo que sea la cl\u00e1usula de rescisi\u00f3n de Neymar que el n\u00famero de participantes en la Diada. La tarjeta a Ronaldo o la pol\u00edtica municipal de Carmena. Y es que el tema, los temas del momento, tienden a parecerse como gotas de agua y a replicarse a nivel nacional, regional y local.<\/p>\n<p>Cualquier cosa que haga o diga alguien de Podemos, se convierte en tema. Para bueno o para malo. Entre alabanzas sin fin y vituperios sin medida. Pero es tema. Como Venezuela.<\/p>\n<p>Sea lo que sea que le ocurra a la estrella del equipo de f\u00fatbol local, es temazo. Da igual que el equipo est\u00e9 en Champions, peleando por evitar el descenso o luchando por ascender a Segunda. Es tema. Adem\u00e1s, de un tiempo a esta parte, cualquier cosa que ocurra entre fogones, gorros y delantales blancos; tambi\u00e9n tiende viralizarse y universalizarse\u2026 quedando muy poco espacio informativo para cualquier otro aspecto de nuestra vida que, a nada que lo pensemos, deber\u00eda ser el aut\u00e9ntico motivo de reflexi\u00f3n, an\u00e1lisis, discusi\u00f3n y preocupaci\u00f3n.<\/p>\n<p><a href=\"http:\/\/www.granadablogs.com\/pateandoelmundo\/entre-temas-y-temazos\/invierno1-2\/\" rel=\"attachment wp-att-23226\"><img loading=\"lazy\" decoding=\"async\" class=\"aligncenter size-medium wp-image-23226\" src=\"http:\/\/www.granadablogs.com\/pateandoelmundo\/wp-content\/uploads\/2017\/09\/invierno1-205x300.jpg\" alt=\"\" width=\"205\" height=\"300\" srcset=\"https:\/\/www.granadablogs.com\/pateandoelmundo\/wp-content\/uploads\/2017\/09\/invierno1-205x300.jpg 205w, https:\/\/www.granadablogs.com\/pateandoelmundo\/wp-content\/uploads\/2017\/09\/invierno1-644x943.jpg 644w, https:\/\/www.granadablogs.com\/pateandoelmundo\/wp-content\/uploads\/2017\/09\/invierno1.jpg 725w\" sizes=\"auto, (max-width: 205px) 100vw, 205px\" \/><\/a><\/p>\n<p>Por ejemplo, este titular, del IDEAL de ayer: \u201cEl sueldo medio baja un 1,4% el ultimo a\u00f1o ajeno a la recuperaci\u00f3n econ\u00f3mica\u201d. \u00bfLo leyeron? \u00bfLeyeron la informaci\u00f3n completa? \u00bfHan encontrado ustedes eco de \u00e9l en las redes sociales y\/o en las tertulias de su entorno? \u00bfTen\u00edan pensado comentarlo esta ma\u00f1ana, tomando el caf\u00e9 con la familia, o a la hora de las cervezas, con la tapa de arroz?<\/p>\n<p><a href=\"http:\/\/www.granadablogs.com\/pateandoelmundo\/entre-temas-y-temazos\/salario\/\" rel=\"attachment wp-att-23227\"><img loading=\"lazy\" decoding=\"async\" class=\"aligncenter size-medium wp-image-23227\" src=\"http:\/\/www.granadablogs.com\/pateandoelmundo\/wp-content\/uploads\/2017\/09\/salario-300x146.jpg\" alt=\"\" width=\"300\" height=\"146\" srcset=\"https:\/\/www.granadablogs.com\/pateandoelmundo\/wp-content\/uploads\/2017\/09\/salario-300x146.jpg 300w, https:\/\/www.granadablogs.com\/pateandoelmundo\/wp-content\/uploads\/2017\/09\/salario.jpg 640w\" sizes=\"auto, (max-width: 300px) 100vw, 300px\" \/><\/a><\/p>\n<p>Es verdad. Es domingo. Tampoco hay que ponerse as\u00ed. Espa\u00f1a juega por el bronce en el Eurob\u00e1sket y el Atl\u00e9tico estrena estadio. Es posible -pero no probable- que el Granada no haya empatado y Tadeo Jones y \u201cDetroit\u201d nos esperan en el cine. OK. Dejemos los salarios para el lunes\u2026<\/p>\n<p>Jes\u00fas Lens<\/p>\n<p><a href=\"https:\/\/twitter.com\/Jesus_Lens\" target=\"_blank\" rel=\"attachment wp-att-23116 noopener noreferrer\"><img loading=\"lazy\" decoding=\"async\" class=\"size-full wp-image-23116 alignleft\" src=\"http:\/\/www.granadablogs.com\/pateandoelmundo\/wp-content\/uploads\/2017\/09\/1-Twitter-Lens.jpg\" alt=\"\" width=\"196\" height=\"47\" \/><\/a><\/p>\n","protected":false},"excerpt":{"rendered":"<p>Lo peor de lo urgente es que nos hace olvidar lo importante. Y los verdaderos problemas comienzan cuando, en nuestra vida, todo es urgencia, prisa, nervios y ansiedad. La actualidad vertiginosa de un mundo siempre conectado hizo que, en verano, no hubiera nada m\u00e1s importante que el caso de Juana Rivas, que lo canibaliz\u00f3 todo. [&hellip;]<\/p>\n","protected":false},"author":1,"featured_media":0,"comment_status":"open","ping_status":"open","sticky":false,"template":"","format":"standard","meta":{"jetpack_post_was_ever_published":false,"_jetpack_newsletter_access":"","_jetpack_dont_email_post_to_subs":true,"_jetpack_newsletter_tier_id":0,"_jetpack_memberships_contains_paywalled_content":false,"_jetpack_memberships_contains_paid_content":false,"footnotes":""},"categories":[6],"tags":[15123,15125,385,15126,14903,15124],"class_list":["post-23224","post","type-post","status-publish","format-standard","hentry","category-opinion","tag-bajos-salarios","tag-el-porches","tag-futbol","tag-hay-vida-mas-alla","tag-juana-rivas","tag-urgente-e-importante"],"jetpack_featured_media_url":"","jetpack_sharing_enabled":true,"_links":{"self":[{"href":"https:\/\/www.granadablogs.com\/pateandoelmundo\/wp-json\/wp\/v2\/posts\/23224","targetHints":{"allow":["GET"]}}],"collection":[{"href":"https:\/\/www.granadablogs.com\/pateandoelmundo\/wp-json\/wp\/v2\/posts"}],"about":[{"href":"https:\/\/www.granadablogs.com\/pateandoelmundo\/wp-json\/wp\/v2\/types\/post"}],"author":[{"embeddable":true,"href":"https:\/\/www.granadablogs.com\/pateandoelmundo\/wp-json\/wp\/v2\/users\/1"}],"replies":[{"embeddable":true,"href":"https:\/\/www.granadablogs.com\/pateandoelmundo\/wp-json\/wp\/v2\/comments?post=23224"}],"version-history":[{"count":2,"href":"https:\/\/www.granadablogs.com\/pateandoelmundo\/wp-json\/wp\/v2\/posts\/23224\/revisions"}],"predecessor-version":[{"id":23229,"href":"https:\/\/www.granadablogs.com\/pateandoelmundo\/wp-json\/wp\/v2\/posts\/23224\/revisions\/23229"}],"wp:attachment":[{"href":"https:\/\/www.granadablogs.com\/pateandoelmundo\/wp-json\/wp\/v2\/media?parent=23224"}],"wp:term":[{"taxonomy":"category","embeddable":true,"href":"https:\/\/www.granadablogs.com\/pateandoelmundo\/wp-json\/wp\/v2\/categories?post=23224"},{"taxonomy":"post_tag","embeddable":true,"href":"https:\/\/www.granadablogs.com\/pateandoelmundo\/wp-json\/wp\/v2\/tags?post=23224"}],"curies":[{"name":"wp","href":"https:\/\/api.w.org\/{rel}","templated":true}]}}