{"id":2320,"date":"2009-05-20T20:53:48","date_gmt":"2009-05-20T19:53:48","guid":{"rendered":"http:\/\/www.granadablogs.com\/pateandoelmundo\/?p=2320"},"modified":"2009-05-21T13:46:36","modified_gmt":"2009-05-21T12:46:36","slug":"puerta-de-la-cultura","status":"publish","type":"post","link":"https:\/\/www.granadablogs.com\/pateandoelmundo\/puerta-de-la-cultura\/","title":{"rendered":"PUERTA DE LA CULTURA"},"content":{"rendered":"<p style=\"text-align: justify;\">Vengan unos segundos para saber un poco m\u00e1s de <a href=\"http:\/\/www.granadablogs.com\/pateandoelmundo\/?p=2300\">este Centro Cutural CajaGRANADA y Museo de la Memoria de Andaluc\u00eda <\/a>que venimos rese\u00f1ando estos d\u00edas.\u00a0<\/p>\n<p style=\"text-align: center;\"><a href=\"http:\/\/www.granadablogs.com\/pateandoelmundo\/wp-content\/uploads\/2009\/05\/031.jpg\"><img loading=\"lazy\" decoding=\"async\" class=\"size-full wp-image-2332 aligncenter\" title=\"Centro Cultural CajaGRANADA\" src=\"http:\/\/www.granadablogs.com\/pateandoelmundo\/wp-content\/uploads\/2009\/05\/031.jpg\" alt=\"\" width=\"295\" height=\"443\" srcset=\"https:\/\/www.granadablogs.com\/pateandoelmundo\/wp-content\/uploads\/2009\/05\/031.jpg 295w, https:\/\/www.granadablogs.com\/pateandoelmundo\/wp-content\/uploads\/2009\/05\/031-199x300.jpg 199w\" sizes=\"auto, (max-width: 295px) 100vw, 295px\" \/><\/a><\/p>\n<p style=\"text-align: justify;\">A ver qu\u00e9 os parece este v\u00eddeo\u00a0realizado por <a href=\"http:\/\/alternativacomunicacion.com\/\">Alternativa<\/a>&#8230;<\/p>\n<p><object classid=\"clsid:d27cdb6e-ae6d-11cf-96b8-444553540000\" width=\"560\" height=\"340\" codebase=\"http:\/\/download.macromedia.com\/pub\/shockwave\/cabs\/flash\/swflash.cab#version=6,0,40,0\"><param name=\"allowFullScreen\" value=\"true\" \/><param name=\"allowscriptaccess\" value=\"always\" \/><param name=\"src\" value=\"http:\/\/www.youtube.com\/v\/Xx6IF20C65w&amp;hl=es&amp;fs=1\" \/><\/object><\/p>\n<p>Aqu\u00ed, dedicado a Telma, podemos ver c\u00f3mo se erigi\u00f3 una de las joyas del Centro: la rampa.<\/p>\n<p><object classid=\"clsid:d27cdb6e-ae6d-11cf-96b8-444553540000\" width=\"425\" height=\"344\" codebase=\"http:\/\/download.macromedia.com\/pub\/shockwave\/cabs\/flash\/swflash.cab#version=6,0,40,0\"><param name=\"allowFullScreen\" value=\"true\" \/><param name=\"allowscriptaccess\" value=\"always\" \/><param name=\"src\" value=\"http:\/\/www.youtube.com\/v\/kKf2HXdibjI&amp;hl=es&amp;fs=1\" \/><\/object><\/p>\n<p>Aqu\u00ed hay una interesante conferencia de Alberto Campo Baeza, en que habla de la inspiraci\u00f3n que le llev\u00f3 a idear el famoso Cubo, hermano mayor del Centro Cultural. Una excepcional lecci\u00f3n de arquitectura, historia y arte.<\/p>\n<p><object classid=\"clsid:d27cdb6e-ae6d-11cf-96b8-444553540000\" width=\"425\" height=\"344\" codebase=\"http:\/\/download.macromedia.com\/pub\/shockwave\/cabs\/flash\/swflash.cab#version=6,0,40,0\"><param name=\"allowFullScreen\" value=\"true\" \/><param name=\"allowscriptaccess\" value=\"always\" \/><param name=\"src\" value=\"http:\/\/www.youtube.com\/v\/2m__mXcIkhU&amp;hl=es&amp;fs=1\" \/><\/object><\/p>\n<p>Pero como no todo es arte y cultura&#8230;<\/p>\n<p><object classid=\"clsid:d27cdb6e-ae6d-11cf-96b8-444553540000\" width=\"560\" height=\"340\" codebase=\"http:\/\/download.macromedia.com\/pub\/shockwave\/cabs\/flash\/swflash.cab#version=6,0,40,0\"><param name=\"allowFullScreen\" value=\"true\" \/><param name=\"allowscriptaccess\" value=\"always\" \/><param name=\"src\" value=\"http:\/\/www.youtube.com\/v\/XK4ZcKzmOXo&amp;hl=es&amp;fs=1\" \/><\/object><\/p>\n","protected":false},"excerpt":{"rendered":"<p>Vengan unos segundos para saber un poco m\u00e1s de este Centro Cutural CajaGRANADA y Museo de la Memoria de Andaluc\u00eda que venimos rese\u00f1ando estos d\u00edas.\u00a0 A ver qu\u00e9 os parece este v\u00eddeo\u00a0realizado por Alternativa&#8230; Aqu\u00ed, dedicado a Telma, podemos ver c\u00f3mo se erigi\u00f3 una de las joyas del Centro: la rampa. Aqu\u00ed hay una interesante [&hellip;]<\/p>\n","protected":false},"author":1,"featured_media":0,"comment_status":"open","ping_status":"open","sticky":false,"template":"","format":"standard","meta":{"jetpack_post_was_ever_published":false,"_jetpack_newsletter_access":"","_jetpack_dont_email_post_to_subs":false,"_jetpack_newsletter_tier_id":0,"_jetpack_memberships_contains_paywalled_content":false,"_jetpack_memberships_contains_paid_content":false,"footnotes":""},"categories":[15],"tags":[1079,1064,1058,106,1062,1042,522,1067,1063,1060,1059,1061,1043,1080],"class_list":["post-2320","post","type-post","status-publish","format-standard","hentry","category-videos","tag-alberto-campo-baeza","tag-boris-micka","tag-caja-granada","tag-cajagranada","tag-campo-baeza","tag-centro-cultural","tag-centro-cultural-cajagranada","tag-dona-sofia","tag-gpd","tag-isidoro-maiquez","tag-libreria-picasso","tag-memoria-de-andalucia","tag-museo-memoria-de-andalucia","tag-obra-social"],"jetpack_featured_media_url":"","jetpack_sharing_enabled":true,"_links":{"self":[{"href":"https:\/\/www.granadablogs.com\/pateandoelmundo\/wp-json\/wp\/v2\/posts\/2320","targetHints":{"allow":["GET"]}}],"collection":[{"href":"https:\/\/www.granadablogs.com\/pateandoelmundo\/wp-json\/wp\/v2\/posts"}],"about":[{"href":"https:\/\/www.granadablogs.com\/pateandoelmundo\/wp-json\/wp\/v2\/types\/post"}],"author":[{"embeddable":true,"href":"https:\/\/www.granadablogs.com\/pateandoelmundo\/wp-json\/wp\/v2\/users\/1"}],"replies":[{"embeddable":true,"href":"https:\/\/www.granadablogs.com\/pateandoelmundo\/wp-json\/wp\/v2\/comments?post=2320"}],"version-history":[{"count":5,"href":"https:\/\/www.granadablogs.com\/pateandoelmundo\/wp-json\/wp\/v2\/posts\/2320\/revisions"}],"predecessor-version":[{"id":2322,"href":"https:\/\/www.granadablogs.com\/pateandoelmundo\/wp-json\/wp\/v2\/posts\/2320\/revisions\/2322"}],"wp:attachment":[{"href":"https:\/\/www.granadablogs.com\/pateandoelmundo\/wp-json\/wp\/v2\/media?parent=2320"}],"wp:term":[{"taxonomy":"category","embeddable":true,"href":"https:\/\/www.granadablogs.com\/pateandoelmundo\/wp-json\/wp\/v2\/categories?post=2320"},{"taxonomy":"post_tag","embeddable":true,"href":"https:\/\/www.granadablogs.com\/pateandoelmundo\/wp-json\/wp\/v2\/tags?post=2320"}],"curies":[{"name":"wp","href":"https:\/\/api.w.org\/{rel}","templated":true}]}}