{"id":23158,"date":"2017-09-09T07:36:23","date_gmt":"2017-09-09T06:36:23","guid":{"rendered":"http:\/\/www.granadablogs.com\/pateandoelmundo\/?p=23158"},"modified":"2017-09-08T13:40:53","modified_gmt":"2017-09-08T12:40:53","slug":"la-joya-mellada","status":"publish","type":"post","link":"https:\/\/www.granadablogs.com\/pateandoelmundo\/la-joya-mellada\/","title":{"rendered":"La joya mellada"},"content":{"rendered":"<p>Ustedes saben que yo soy m\u00e1s de causalidades que de casualidades. Por eso, no me extra\u00f1a que el mismo d\u00eda en que se hizo p\u00fablico que la sanidad andaluza hab\u00eda bajado ocho puestos en cuatro a\u00f1os en el ranking espa\u00f1ol, Twitter se llenara de #SusanaCumple.<\/p>\n<p><a href=\"http:\/\/www.granadablogs.com\/pateandoelmundo\/?attachment_id=23159\" rel=\"attachment wp-att-23159\"><img loading=\"lazy\" decoding=\"async\" class=\"aligncenter size-medium wp-image-23159\" src=\"http:\/\/www.granadablogs.com\/pateandoelmundo\/wp-content\/uploads\/2017\/09\/Susana-D\u00edaz-300x150.jpg\" alt=\"\" width=\"300\" height=\"150\" srcset=\"https:\/\/www.granadablogs.com\/pateandoelmundo\/wp-content\/uploads\/2017\/09\/Susana-D\u00edaz-300x150.jpg 300w, https:\/\/www.granadablogs.com\/pateandoelmundo\/wp-content\/uploads\/2017\/09\/Susana-D\u00edaz.jpg 630w\" sizes=\"auto, (max-width: 300px) 100vw, 300px\" \/><\/a><\/p>\n<p>No. No se piensen que era una graciosa invitaci\u00f3n de la Presidenta a su fiesta de cumplea\u00f1os, extensiva a todo el mundo. Se trataba de una campa\u00f1a espont\u00e1nea\u2026 orquestada por los estrategas de comunicaci\u00f3n de San Telmo para sacar pecho por los descuentos que los estudiantes universitarios est\u00e1n encontrando a la hora de pagar sus tasas de matriculaci\u00f3n.<\/p>\n<p><a href=\"http:\/\/www.granadablogs.com\/pateandoelmundo\/?attachment_id=23160\" rel=\"attachment wp-att-23160\"><img loading=\"lazy\" decoding=\"async\" class=\"aligncenter size-medium wp-image-23160\" src=\"http:\/\/www.granadablogs.com\/pateandoelmundo\/wp-content\/uploads\/2017\/09\/SusanaCumple-300x180.jpg\" alt=\"\" width=\"300\" height=\"180\" srcset=\"https:\/\/www.granadablogs.com\/pateandoelmundo\/wp-content\/uploads\/2017\/09\/SusanaCumple-300x180.jpg 300w, https:\/\/www.granadablogs.com\/pateandoelmundo\/wp-content\/uploads\/2017\/09\/SusanaCumple-644x386.jpg 644w, https:\/\/www.granadablogs.com\/pateandoelmundo\/wp-content\/uploads\/2017\/09\/SusanaCumple.jpg 660w\" sizes=\"auto, (max-width: 300px) 100vw, 300px\" \/><\/a><\/p>\n<p>Y ah\u00ed estaban todos los robots del aparato, tanto los boots como los humanos, compartiendo el \u00e9xito de la iniciativa. Y es que, ahora que nadie se traga lo de que la sanidad andaluza es la joya de la corona de la Junta, hay que desviar la atenci\u00f3n medi\u00e1tica hacia otros derroteros.<\/p>\n<p>&nbsp;<\/p>\n<p>Porque, en 2014, la sanidad andaluza era la sexta mejor valorada de las 17 comunidades aut\u00f3nomas de nuestro pa\u00eds. Ahora, es la cuarta\u2026 por la cola. Imagino que ser\u00e1 por estos logros que Susana D\u00edaz ha colocado al exconsejero de Sanidad, Aquilino Alonso, como director gerente de la Agencia Andaluza de la Energ\u00eda; y a su segundo de a bordo, Mart\u00edn Blanco, como director general del Parque Cient\u00edfico y Tecnol\u00f3gico de la Isla de la Cartuja. Todo queda en casa, bien amarradito. \u00a1Y que nadie ose decir que son puertas giratorias! Mejor lo describimos como escaleras mec\u00e1nicas, sencillamente. Sobre ello escrib\u00ed en esta otra columna de IDEAL:<a href=\"http:\/\/www.granadablogs.com\/pateandoelmundo\/colocados\/\" target=\"_blank\" rel=\"noopener noreferrer\"> \u00abColocados\u00bb\u00a0<\/a><\/p>\n<p><a href=\"http:\/\/www.granadablogs.com\/pateandoelmundo\/?attachment_id=23161\" rel=\"attachment wp-att-23161\"><img loading=\"lazy\" decoding=\"async\" class=\"aligncenter size-medium wp-image-23161\" src=\"http:\/\/www.granadablogs.com\/pateandoelmundo\/wp-content\/uploads\/2017\/09\/Susana-D\u00edaz-Puertas-giratorias-300x169.jpg\" alt=\"\" width=\"300\" height=\"169\" srcset=\"https:\/\/www.granadablogs.com\/pateandoelmundo\/wp-content\/uploads\/2017\/09\/Susana-D\u00edaz-Puertas-giratorias-300x169.jpg 300w, https:\/\/www.granadablogs.com\/pateandoelmundo\/wp-content\/uploads\/2017\/09\/Susana-D\u00edaz-Puertas-giratorias.jpg 620w\" sizes=\"auto, (max-width: 300px) 100vw, 300px\" \/><\/a><\/p>\n<p>El r\u00e9gimen hizo un monumental esfuerzo por convencernos de que no hubo recortes en sanidad, mostrando cuadros, cifras macro, y estad\u00edsticas que, al final, no han soportado el peso de la realidad: Andaluc\u00eda es la comunidad que cuenta con un menor gasto per c\u00e1pita por habitante, la que dispone de un menor n\u00famero de camas hospitalarias y la tercera con menos quir\u00f3fanos; seg\u00fan ha indicado Marciano S\u00e1nchez Bayle, presidente de la Federaci\u00f3n de Asociaciones de Defensa de la Sanidad P\u00fablica.<\/p>\n<p>&nbsp;<\/p>\n<p>\u00bfCuestionar\u00e1n estas cifras desde Sevilla? Es posible que no. Quiz\u00e1 han tirado ya la toalla sanitaria y prefieran poner todo su esfuerzo y su capacidad de movilizaci\u00f3n medi\u00e1tica en la cuesti\u00f3n de la gratuidad de la ense\u00f1anza superior. \u00bfY de la calidad? De la calidad hablamos otro d\u00eda, ya si eso. Ahora toca defender el gratis total.<\/p>\n<p>&nbsp;<\/p>\n<p>Jes\u00fas Lens<\/p>\n<p><a href=\"https:\/\/twitter.com\/Jesus_Lens\" target=\"_blank\" rel=\"attachment wp-att-23116 noopener noreferrer\"><img loading=\"lazy\" decoding=\"async\" class=\"size-full wp-image-23116 alignleft\" src=\"http:\/\/www.granadablogs.com\/pateandoelmundo\/wp-content\/uploads\/2017\/09\/1-Twitter-Lens.jpg\" alt=\"\" width=\"196\" height=\"47\" \/><\/a><\/p>\n","protected":false},"excerpt":{"rendered":"<p>Ustedes saben que yo soy m\u00e1s de causalidades que de casualidades. Por eso, no me extra\u00f1a que el mismo d\u00eda en que se hizo p\u00fablico que la sanidad andaluza hab\u00eda bajado ocho puestos en cuatro a\u00f1os en el ranking espa\u00f1ol, Twitter se llenara de #SusanaCumple. No. No se piensen que era una graciosa invitaci\u00f3n de [&hellip;]<\/p>\n","protected":false},"author":1,"featured_media":0,"comment_status":"open","ping_status":"open","sticky":false,"template":"","format":"standard","meta":{"jetpack_post_was_ever_published":false,"_jetpack_newsletter_access":"","_jetpack_dont_email_post_to_subs":false,"_jetpack_newsletter_tier_id":0,"_jetpack_memberships_contains_paywalled_content":false,"_jetpack_memberships_contains_paid_content":false,"footnotes":""},"categories":[6],"tags":[15085,15088,15084,15089,15087,15086],"class_list":["post-23158","post","type-post","status-publish","format-standard","hentry","category-opinion","tag-educacion-andaluza","tag-escaleras-mecanicas-susana-diaz","tag-sanidad-andaluza","tag-sanidad-andaluza-mala","tag-susana-diaz-puertas-giratorias","tag-universidad-andalucia-gratis"],"jetpack_featured_media_url":"","jetpack_sharing_enabled":true,"_links":{"self":[{"href":"https:\/\/www.granadablogs.com\/pateandoelmundo\/wp-json\/wp\/v2\/posts\/23158","targetHints":{"allow":["GET"]}}],"collection":[{"href":"https:\/\/www.granadablogs.com\/pateandoelmundo\/wp-json\/wp\/v2\/posts"}],"about":[{"href":"https:\/\/www.granadablogs.com\/pateandoelmundo\/wp-json\/wp\/v2\/types\/post"}],"author":[{"embeddable":true,"href":"https:\/\/www.granadablogs.com\/pateandoelmundo\/wp-json\/wp\/v2\/users\/1"}],"replies":[{"embeddable":true,"href":"https:\/\/www.granadablogs.com\/pateandoelmundo\/wp-json\/wp\/v2\/comments?post=23158"}],"version-history":[{"count":1,"href":"https:\/\/www.granadablogs.com\/pateandoelmundo\/wp-json\/wp\/v2\/posts\/23158\/revisions"}],"predecessor-version":[{"id":23162,"href":"https:\/\/www.granadablogs.com\/pateandoelmundo\/wp-json\/wp\/v2\/posts\/23158\/revisions\/23162"}],"wp:attachment":[{"href":"https:\/\/www.granadablogs.com\/pateandoelmundo\/wp-json\/wp\/v2\/media?parent=23158"}],"wp:term":[{"taxonomy":"category","embeddable":true,"href":"https:\/\/www.granadablogs.com\/pateandoelmundo\/wp-json\/wp\/v2\/categories?post=23158"},{"taxonomy":"post_tag","embeddable":true,"href":"https:\/\/www.granadablogs.com\/pateandoelmundo\/wp-json\/wp\/v2\/tags?post=23158"}],"curies":[{"name":"wp","href":"https:\/\/api.w.org\/{rel}","templated":true}]}}