{"id":23137,"date":"2017-09-07T10:27:32","date_gmt":"2017-09-07T09:27:32","guid":{"rendered":"http:\/\/www.granadablogs.com\/pateandoelmundo\/?p=23137"},"modified":"2017-09-07T10:27:32","modified_gmt":"2017-09-07T09:27:32","slug":"despedida-por-facebook","status":"publish","type":"post","link":"https:\/\/www.granadablogs.com\/pateandoelmundo\/despedida-por-facebook\/","title":{"rendered":"Despedida por Facebook"},"content":{"rendered":"<p>S\u00ed. Es cierto: ese titular es falso. En realidad, por lo que han despedido a la individua que usted y yo sabemos, es por tonta. Adem\u00e1s de por rastrera, miserable y repugnante. Pero a la elementa que escribi\u00f3 en su muro de Facebook lo de In\u00e9s Arrimadas -y que me niego a reproducir en esta columna- su empresa la ha despedido por imb\u00e9cil.<\/p>\n<p><a href=\"http:\/\/www.granadablogs.com\/pateandoelmundo\/despedida-por-facebook\/insultar-en-redes-sociales\/\" rel=\"attachment wp-att-23138\"><img loading=\"lazy\" decoding=\"async\" class=\"aligncenter size-full wp-image-23138\" src=\"http:\/\/www.granadablogs.com\/pateandoelmundo\/wp-content\/uploads\/2017\/09\/Insultar-en-Redes-Sociales.jpg\" alt=\"\" width=\"225\" height=\"225\" srcset=\"https:\/\/www.granadablogs.com\/pateandoelmundo\/wp-content\/uploads\/2017\/09\/Insultar-en-Redes-Sociales.jpg 225w, https:\/\/www.granadablogs.com\/pateandoelmundo\/wp-content\/uploads\/2017\/09\/Insultar-en-Redes-Sociales-150x150.jpg 150w\" sizes=\"auto, (max-width: 225px) 100vw, 225px\" \/><\/a><\/p>\n<p>Me ha resultado curioso leer sesudos ejercicios de reflexi\u00f3n sobre los l\u00edmites de las redes sociales y sobre si es moralmente l\u00edcito que una empresa despida a un empleado por sus opiniones en Facebook. Creo que ese debate, en el caso que nos ocupa, es err\u00f3neo. Porque yo, perd\u00f3nenme que insista, estoy convencido de que a la tipeja en cuesti\u00f3n la han echado por haber mostrado a todo el mundo -incluyendo a sus jefes y a sus compa\u00f1eros de trabajo- que no da m\u00e1s de s\u00ed.<\/p>\n<p>&nbsp;<\/p>\n<p>Imagino que la \u00faltima palabra la tendr\u00e1 el Juzgado de lo Social, donde se dilucidar\u00e1 la procedencia o no del despido, pero moral y \u00e9ticamente, es l\u00f3gico y comprensible que la empresa la haya echado. \u00bfSe imagina tener usted en su negocio a una empleada que se permite expresar en p\u00fablico animaladas como las de esta espabil\u00e1? \u00bfSe imagina que se sentara junto a usted y tuviera que verle el careto, todos los d\u00edas?<\/p>\n<p><a href=\"http:\/\/www.granadablogs.com\/pateandoelmundo\/despedida-por-facebook\/insultos-en-redes\/\" rel=\"attachment wp-att-23139\"><img loading=\"lazy\" decoding=\"async\" class=\"aligncenter size-medium wp-image-23139\" src=\"http:\/\/www.granadablogs.com\/pateandoelmundo\/wp-content\/uploads\/2017\/09\/Insultos-en-Redes-300x213.jpg\" alt=\"\" width=\"300\" height=\"213\" srcset=\"https:\/\/www.granadablogs.com\/pateandoelmundo\/wp-content\/uploads\/2017\/09\/Insultos-en-Redes-300x213.jpg 300w, https:\/\/www.granadablogs.com\/pateandoelmundo\/wp-content\/uploads\/2017\/09\/Insultos-en-Redes-768x545.jpg 768w, https:\/\/www.granadablogs.com\/pateandoelmundo\/wp-content\/uploads\/2017\/09\/Insultos-en-Redes-644x457.jpg 644w, https:\/\/www.granadablogs.com\/pateandoelmundo\/wp-content\/uploads\/2017\/09\/Insultos-en-Redes.jpg 1486w\" sizes=\"auto, (max-width: 300px) 100vw, 300px\" \/><\/a><\/p>\n<p>Por supuesto que habr\u00e1 mucha gente que piense barbaridades de semejante calibre. Y ser\u00e1 penoso y lamentable. Pero, al menos, no tiene la desfachatez ni es tan descerebrada como para publicarlas en una red social, incitando al odio y a la violencia a la vez que provocando asco y repugnancia.<\/p>\n<p>&nbsp;<\/p>\n<p>Lo siento, pero aqu\u00ed no aplica el debate sobre los l\u00edmites del humor -sic- ni de la libertad de expresi\u00f3n. Porque, libertad de expresi\u00f3n, toda. La misma que tiene una empresa para prescindir de una persona que escribe, publica y comparte seg\u00fan qu\u00e9 basura, en p\u00fablico y abiertamente, sin tener empacho en retratarse como un ser miserable y repugnante.<\/p>\n<p><a href=\"http:\/\/www.granadablogs.com\/pateandoelmundo\/despedida-por-facebook\/insultar-en-redes\/\" rel=\"attachment wp-att-23140\"><img loading=\"lazy\" decoding=\"async\" class=\"aligncenter size-full wp-image-23140\" src=\"http:\/\/www.granadablogs.com\/pateandoelmundo\/wp-content\/uploads\/2017\/09\/Insultar-en-Redes.jpg\" alt=\"\" width=\"277\" height=\"182\" \/><\/a><\/p>\n<p>A ver si, poco a poco, vamos siendo conscientes de que las redes sociales son espacios p\u00fablicos en los que hay que saber conducirse con un m\u00ednimo de decoro, elegancia, sentido com\u00fan e inteligencia. De hecho, uno de mis prop\u00f3sitos para este a\u00f1o es eliminar de mis contactos a cualquiera que insulte o utilice lenguaje y maneras abusivas y faltonas.<\/p>\n<p>&nbsp;<\/p>\n<p>Jes\u00fas Lens<\/p>\n<p><a href=\"https:\/\/twitter.com\/Jesus_Lens\" target=\"_blank\" rel=\"attachment wp-att-23116 noopener noreferrer\"><img loading=\"lazy\" decoding=\"async\" class=\"size-full wp-image-23116 alignleft\" src=\"http:\/\/www.granadablogs.com\/pateandoelmundo\/wp-content\/uploads\/2017\/09\/1-Twitter-Lens.jpg\" alt=\"\" width=\"196\" height=\"47\" \/><\/a><\/p>\n","protected":false},"excerpt":{"rendered":"<p>S\u00ed. Es cierto: ese titular es falso. En realidad, por lo que han despedido a la individua que usted y yo sabemos, es por tonta. Adem\u00e1s de por rastrera, miserable y repugnante. Pero a la elementa que escribi\u00f3 en su muro de Facebook lo de In\u00e9s Arrimadas -y que me niego a reproducir en esta [&hellip;]<\/p>\n","protected":false},"author":1,"featured_media":0,"comment_status":"open","ping_status":"open","sticky":false,"template":"","format":"standard","meta":{"jetpack_post_was_ever_published":false,"_jetpack_newsletter_access":"","_jetpack_dont_email_post_to_subs":true,"_jetpack_newsletter_tier_id":0,"_jetpack_memberships_contains_paywalled_content":false,"_jetpack_memberships_contains_paid_content":false,"footnotes":""},"categories":[6],"tags":[15065,15064,15067,15068,15066],"class_list":["post-23137","post","type-post","status-publish","format-standard","hentry","category-opinion","tag-despedida-por-facebook","tag-insultar-en-redes","tag-insulto-ines-arrimadas","tag-responsabilidad-redes-sociales","tag-vomito-en-redes"],"jetpack_featured_media_url":"","jetpack_sharing_enabled":true,"_links":{"self":[{"href":"https:\/\/www.granadablogs.com\/pateandoelmundo\/wp-json\/wp\/v2\/posts\/23137","targetHints":{"allow":["GET"]}}],"collection":[{"href":"https:\/\/www.granadablogs.com\/pateandoelmundo\/wp-json\/wp\/v2\/posts"}],"about":[{"href":"https:\/\/www.granadablogs.com\/pateandoelmundo\/wp-json\/wp\/v2\/types\/post"}],"author":[{"embeddable":true,"href":"https:\/\/www.granadablogs.com\/pateandoelmundo\/wp-json\/wp\/v2\/users\/1"}],"replies":[{"embeddable":true,"href":"https:\/\/www.granadablogs.com\/pateandoelmundo\/wp-json\/wp\/v2\/comments?post=23137"}],"version-history":[{"count":2,"href":"https:\/\/www.granadablogs.com\/pateandoelmundo\/wp-json\/wp\/v2\/posts\/23137\/revisions"}],"predecessor-version":[{"id":23142,"href":"https:\/\/www.granadablogs.com\/pateandoelmundo\/wp-json\/wp\/v2\/posts\/23137\/revisions\/23142"}],"wp:attachment":[{"href":"https:\/\/www.granadablogs.com\/pateandoelmundo\/wp-json\/wp\/v2\/media?parent=23137"}],"wp:term":[{"taxonomy":"category","embeddable":true,"href":"https:\/\/www.granadablogs.com\/pateandoelmundo\/wp-json\/wp\/v2\/categories?post=23137"},{"taxonomy":"post_tag","embeddable":true,"href":"https:\/\/www.granadablogs.com\/pateandoelmundo\/wp-json\/wp\/v2\/tags?post=23137"}],"curies":[{"name":"wp","href":"https:\/\/api.w.org\/{rel}","templated":true}]}}