{"id":23024,"date":"2017-08-14T11:49:41","date_gmt":"2017-08-14T10:49:41","guid":{"rendered":"http:\/\/www.granadablogs.com\/pateandoelmundo\/?p=23024"},"modified":"2017-08-14T11:49:41","modified_gmt":"2017-08-14T10:49:41","slug":"la-vision-de-gabriel","status":"publish","type":"post","link":"https:\/\/www.granadablogs.com\/pateandoelmundo\/la-vision-de-gabriel\/","title":{"rendered":"La Visi\u00f3n de Gabriel"},"content":{"rendered":"<p>Ya he tenido La Visi\u00f3n. En mis manos. Frente a mis ojos. La he le\u00eddo, la he paladeado con mimo y delectaci\u00f3n y ya le estoy buscando un lugar de privilegio en mi biblioteca, de tanto que me ha gustado.<\/p>\n<p><a href=\"http:\/\/www.granadablogs.com\/pateandoelmundo\/la-vision-de-gabriel\/fullsizerender-12\/\" rel=\"attachment wp-att-23025\"><img loading=\"lazy\" decoding=\"async\" class=\"aligncenter size-medium wp-image-23025\" src=\"http:\/\/www.granadablogs.com\/pateandoelmundo\/wp-content\/uploads\/2017\/08\/FullSizeRender-300x146.jpg\" alt=\"\" width=\"300\" height=\"146\" srcset=\"https:\/\/www.granadablogs.com\/pateandoelmundo\/wp-content\/uploads\/2017\/08\/FullSizeRender-300x146.jpg 300w, https:\/\/www.granadablogs.com\/pateandoelmundo\/wp-content\/uploads\/2017\/08\/FullSizeRender-768x374.jpg 768w, https:\/\/www.granadablogs.com\/pateandoelmundo\/wp-content\/uploads\/2017\/08\/FullSizeRender-644x313.jpg 644w, https:\/\/www.granadablogs.com\/pateandoelmundo\/wp-content\/uploads\/2017\/08\/FullSizeRender.jpg 1632w\" sizes=\"auto, (max-width: 300px) 100vw, 300px\" \/><\/a><\/p>\n<p>Visi\u00f3n es uno de los integrantes de Los Vengadores. Se trata, por tanto, de un superh\u00e9roe. De un androide sint\u00e9tico muy especial: fue creado por Ultr\u00f3n, el archienemigo de la pandilla supervengativa. Pero en el devenir de su existencia, vio la luz y se uni\u00f3 a los buenos, luchando por la paz y la concordia y por mantener a la Tierra de una pieza. De hecho, Visi\u00f3n ha salvado a la Tierra en cerca de cuarenta ocasiones. Casi tantas como Jack Bauer\u2026<\/p>\n<p>&nbsp;<\/p>\n<p>A partir de este planteamiento, el guionista Tom King y el dibujante afincado en Granada Gabriel Hern\u00e1ndez Walta han creado \u201cLa Visi\u00f3n\u201d, una miniserie que Panini ha compilado en dos tomos y que cuenta el episodio en que el sintezoide decide instalarse en un barrio residencial de las afueras de Washington D.C. con su mujer y sus gemelos, Viv y Vin, para tratar de llevar la vida m\u00e1s normal y normalizada posible.<\/p>\n<p><a href=\"http:\/\/www.granadablogs.com\/pateandoelmundo\/la-vision-de-gabriel\/la-vision\/\" rel=\"attachment wp-att-23026\"><img loading=\"lazy\" decoding=\"async\" class=\"aligncenter size-medium wp-image-23026\" src=\"http:\/\/www.granadablogs.com\/pateandoelmundo\/wp-content\/uploads\/2017\/08\/la-visi\u00f3n-198x300.jpg\" alt=\"\" width=\"198\" height=\"300\" srcset=\"https:\/\/www.granadablogs.com\/pateandoelmundo\/wp-content\/uploads\/2017\/08\/la-visi\u00f3n-198x300.jpg 198w, https:\/\/www.granadablogs.com\/pateandoelmundo\/wp-content\/uploads\/2017\/08\/la-visi\u00f3n.jpg 461w\" sizes=\"auto, (max-width: 198px) 100vw, 198px\" \/><\/a><\/p>\n<p>Y ah\u00ed es donde radica la clave de la historia. En la normalidad. En la aspiraci\u00f3n a ser normal por parte de una familia de sintezoides que, por naturaleza, no lo son. Y en la reacci\u00f3n que su aparici\u00f3n provoca en la comunidad. Una comunidad aparentemente amable y afable que recibe a los nuevos vecinos con un plato de galletas que, l\u00f3gicamente, terminar\u00e1n en la basura. Porque los sintezoides no comen. Ni duermen. Entre otras rarezas.<\/p>\n<p><a href=\"http:\/\/www.granadablogs.com\/pateandoelmundo\/la-vision-de-gabriel\/hyvtlsd\/\" rel=\"attachment wp-att-23027\"><img loading=\"lazy\" decoding=\"async\" class=\"aligncenter size-medium wp-image-23027\" src=\"http:\/\/www.granadablogs.com\/pateandoelmundo\/wp-content\/uploads\/2017\/08\/HYvtLSD-300x152.jpg\" alt=\"\" width=\"300\" height=\"152\" srcset=\"https:\/\/www.granadablogs.com\/pateandoelmundo\/wp-content\/uploads\/2017\/08\/HYvtLSD-300x152.jpg 300w, https:\/\/www.granadablogs.com\/pateandoelmundo\/wp-content\/uploads\/2017\/08\/HYvtLSD-768x388.jpg 768w, https:\/\/www.granadablogs.com\/pateandoelmundo\/wp-content\/uploads\/2017\/08\/HYvtLSD-644x325.jpg 644w, https:\/\/www.granadablogs.com\/pateandoelmundo\/wp-content\/uploads\/2017\/08\/HYvtLSD.jpg 1366w\" sizes=\"auto, (max-width: 300px) 100vw, 300px\" \/><\/a><\/p>\n<p>A trav\u00e9s de una inquietante voz en off combinada con los di\u00e1logos tradicionales, iremos comprobando que la convivencia no va a ser pac\u00edfica. Ni dentro ni fuera del hogar. Ni en la comunidad humana ni en la superheroica. Porque, con su decisi\u00f3n, la Visi\u00f3n y su familia se convierten en una presencia inc\u00f3moda tanto para los vecinos, que los fotograf\u00edan como si fueran bichos raros, como para los propios superh\u00e9roes, que sospechan del ansia humanizadora de su socio.<\/p>\n<p>&nbsp;<\/p>\n<p>\u201cLa Visi\u00f3n\u201d es, por tanto, una extraordinaria serie que invita a reflexionar sobre cuestiones como la (a)normalidad y la figura del Otro; la aceptaci\u00f3n y la p\u00e9rdida y, por ende, sobre el racismo, el miedo, la exclusi\u00f3n y la xenofobia. Un tebeo magistral.<\/p>\n<p>&nbsp;<\/p>\n<p>Jes\u00fas Lens<\/p>\n<p><a href=\"https:\/\/twitter.com\/Jesus_Lens\" target=\"_blank\" rel=\"attachment wp-att-22754 noopener noreferrer\"><img loading=\"lazy\" decoding=\"async\" class=\"size-full wp-image-22754 alignleft\" src=\"http:\/\/www.granadablogs.com\/pateandoelmundo\/wp-content\/uploads\/2017\/07\/1-Twitter-Lens.jpg\" alt=\"\" width=\"196\" height=\"47\" \/><\/a><\/p>\n","protected":false},"excerpt":{"rendered":"<p>Ya he tenido La Visi\u00f3n. En mis manos. Frente a mis ojos. La he le\u00eddo, la he paladeado con mimo y delectaci\u00f3n y ya le estoy buscando un lugar de privilegio en mi biblioteca, de tanto que me ha gustado. Visi\u00f3n es uno de los integrantes de Los Vengadores. Se trata, por tanto, de un [&hellip;]<\/p>\n","protected":false},"author":1,"featured_media":0,"comment_status":"open","ping_status":"open","sticky":false,"template":"","format":"standard","meta":{"jetpack_post_was_ever_published":false,"_jetpack_newsletter_access":"","_jetpack_dont_email_post_to_subs":true,"_jetpack_newsletter_tier_id":0,"_jetpack_memberships_contains_paywalled_content":false,"_jetpack_memberships_contains_paid_content":false,"footnotes":""},"categories":[6,19],"tags":[15001,14997,14998,14917,15000,14999],"class_list":["post-23024","post","type-post","status-publish","format-standard","hentry","category-opinion","category-tebeos","tag-gabriel-hernandez-walta","tag-la-vision","tag-la-vision-de-gabriel","tag-la-vision-eisner","tag-panini","tag-panini-comics"],"jetpack_featured_media_url":"","jetpack_sharing_enabled":true,"_links":{"self":[{"href":"https:\/\/www.granadablogs.com\/pateandoelmundo\/wp-json\/wp\/v2\/posts\/23024","targetHints":{"allow":["GET"]}}],"collection":[{"href":"https:\/\/www.granadablogs.com\/pateandoelmundo\/wp-json\/wp\/v2\/posts"}],"about":[{"href":"https:\/\/www.granadablogs.com\/pateandoelmundo\/wp-json\/wp\/v2\/types\/post"}],"author":[{"embeddable":true,"href":"https:\/\/www.granadablogs.com\/pateandoelmundo\/wp-json\/wp\/v2\/users\/1"}],"replies":[{"embeddable":true,"href":"https:\/\/www.granadablogs.com\/pateandoelmundo\/wp-json\/wp\/v2\/comments?post=23024"}],"version-history":[{"count":2,"href":"https:\/\/www.granadablogs.com\/pateandoelmundo\/wp-json\/wp\/v2\/posts\/23024\/revisions"}],"predecessor-version":[{"id":23029,"href":"https:\/\/www.granadablogs.com\/pateandoelmundo\/wp-json\/wp\/v2\/posts\/23024\/revisions\/23029"}],"wp:attachment":[{"href":"https:\/\/www.granadablogs.com\/pateandoelmundo\/wp-json\/wp\/v2\/media?parent=23024"}],"wp:term":[{"taxonomy":"category","embeddable":true,"href":"https:\/\/www.granadablogs.com\/pateandoelmundo\/wp-json\/wp\/v2\/categories?post=23024"},{"taxonomy":"post_tag","embeddable":true,"href":"https:\/\/www.granadablogs.com\/pateandoelmundo\/wp-json\/wp\/v2\/tags?post=23024"}],"curies":[{"name":"wp","href":"https:\/\/api.w.org\/{rel}","templated":true}]}}