{"id":2300,"date":"2009-05-19T06:25:10","date_gmt":"2009-05-19T05:25:10","guid":{"rendered":"http:\/\/www.granadablogs.com\/pateandoelmundo\/?p=2300"},"modified":"2009-05-20T21:11:55","modified_gmt":"2009-05-20T20:11:55","slug":"cajagranada-hoy-abrimos-la-puerta-al-futuro","status":"publish","type":"post","link":"https:\/\/www.granadablogs.com\/pateandoelmundo\/cajagranada-hoy-abrimos-la-puerta-al-futuro\/","title":{"rendered":"CENTRO CULTURAL CAJAGRANADA Y MUSEO DE LA MEMORIA DE ANDALUCIA"},"content":{"rendered":"<p style=\"text-align: justify;\"><a href=\"http:\/\/www.granadablogs.com\/pateandoelmundo\/?p=2282\">Lo\u00a0escrib\u00edamos el\u00a0s\u00e1bado <\/a>y muchos de los lectores de esta bit\u00e1cora se mostraban de acuerdo: el Centro Cultural CajaGRANADA y Museo de la Memoria de Andaluc\u00eda promete. Y mucho. (<a href=\"http:\/\/www.granadablogs.com\/pateandoelmundo\/?p=2320\">Ver V\u00cdDEOS<\/a>)<\/p>\n<p style=\"text-align: center;\"><a href=\"http:\/\/www.granadablogs.com\/pateandoelmundo\/wp-content\/uploads\/2009\/05\/_033.jpg\"><img loading=\"lazy\" decoding=\"async\" class=\"size-full wp-image-2301 aligncenter\" title=\"Centro Cultural Cajagranada\" src=\"http:\/\/www.granadablogs.com\/pateandoelmundo\/wp-content\/uploads\/2009\/05\/_033.jpg\" alt=\"\" width=\"500\" height=\"333\" srcset=\"https:\/\/www.granadablogs.com\/pateandoelmundo\/wp-content\/uploads\/2009\/05\/_033.jpg 591w, https:\/\/www.granadablogs.com\/pateandoelmundo\/wp-content\/uploads\/2009\/05\/_033-300x200.jpg 300w\" sizes=\"auto, (max-width: 500px) 100vw, 500px\" \/><\/a><\/p>\n<p style=\"text-align: justify;\">Hoy se ha inaugurado, por Sus Majestades los Reyes de Espa\u00f1a. Por fin. Hoy\u00a0ha sido\u00a0el gran d\u00eda con el que venimos suspirando desde hace meses. A\u00f1os. Lo podemos leer en enlaces como <a href=\"http:\/\/www.ideal.es\/granada\/20090520\/granada\/museo-cajagranada-real-20090520.html\">\u00abEl museo de la Caja ya es real\u00bb<\/a> y <a href=\"http:\/\/www.ideal.es\/granada\/20090520\/granada\/museo-cajagranada-real-20090520.html\">\u00abEs un museo para mayores\u00bb<\/a>.<\/p>\n<p style=\"text-align: justify;\">\u00a0<\/p>\n<p style=\"text-align: justify;\">Un sue\u00f1o hecho realidad.<\/p>\n<p style=\"text-align: center;\"><a href=\"http:\/\/www.granadablogs.com\/pateandoelmundo\/wp-content\/uploads\/2009\/05\/_072.jpg\"><img loading=\"lazy\" decoding=\"async\" class=\"size-full wp-image-2302 aligncenter\" title=\"Centro Cultural cajagranada\" src=\"http:\/\/www.granadablogs.com\/pateandoelmundo\/wp-content\/uploads\/2009\/05\/_072.jpg\" alt=\"\" width=\"500\" height=\"333\" srcset=\"https:\/\/www.granadablogs.com\/pateandoelmundo\/wp-content\/uploads\/2009\/05\/_072.jpg 591w, https:\/\/www.granadablogs.com\/pateandoelmundo\/wp-content\/uploads\/2009\/05\/_072-300x200.jpg 300w\" sizes=\"auto, (max-width: 500px) 100vw, 500px\" \/><\/a><\/p>\n<p style=\"text-align: justify;\">Nos ped\u00edan\u00a0im\u00e1genes de su interior. Nada mejor que <a href=\"http:\/\/www.ideal.es\/granada\/multimedia\/fotos\/centro-cultural-cajagranada-memoria-36014.html\">esta fastuosa y excepcional galer\u00eda de fotos <\/a>hecha por el compa\u00f1ero de IDEAL, Gonz\u00e1lez Molero, en la visita que hicimos el pasado viernes. (Si le dan al Play, en unos pocos minutos ver\u00e1n una interesant\u00edsima colecci\u00f3n de fotos que muestra muchas y diversas im\u00e1genes tanto del Centro como del Museo y del Teatro Isodoro Ma\u00edquez)<\/p>\n<p style=\"text-align: justify;\">\u00a0<\/p>\n<p style=\"text-align: justify;\">Jes\u00fas Lens, arrebatado, como pueden ver \ud83d\ude00<\/p>\n","protected":false},"excerpt":{"rendered":"<p>Lo\u00a0escrib\u00edamos el\u00a0s\u00e1bado y muchos de los lectores de esta bit\u00e1cora se mostraban de acuerdo: el Centro Cultural CajaGRANADA y Museo de la Memoria de Andaluc\u00eda promete. Y mucho. (Ver V\u00cdDEOS) Hoy se ha inaugurado, por Sus Majestades los Reyes de Espa\u00f1a. Por fin. Hoy\u00a0ha sido\u00a0el gran d\u00eda con el que venimos suspirando desde hace meses. [&hellip;]<\/p>\n","protected":false},"author":1,"featured_media":0,"comment_status":"open","ping_status":"open","sticky":false,"template":"","format":"standard","meta":{"jetpack_post_was_ever_published":false,"_jetpack_newsletter_access":"","_jetpack_dont_email_post_to_subs":false,"_jetpack_newsletter_tier_id":0,"_jetpack_memberships_contains_paywalled_content":false,"_jetpack_memberships_contains_paid_content":false,"footnotes":""},"categories":[7],"tags":[1064,1058,106,1062,1042,522,1067,1063,1060,1066,1059,1068,1061,1043,1065],"class_list":["post-2300","post","type-post","status-publish","format-standard","hentry","category-imagenes","tag-boris-micka","tag-caja-granada","tag-cajagranada","tag-campo-baeza","tag-centro-cultural","tag-centro-cultural-cajagranada","tag-dona-sofia","tag-gpd","tag-isidoro-maiquez","tag-juan-caros","tag-libreria-picasso","tag-majestades","tag-memoria-de-andalucia","tag-museo-memoria-de-andalucia","tag-reyes"],"jetpack_featured_media_url":"","jetpack_sharing_enabled":true,"_links":{"self":[{"href":"https:\/\/www.granadablogs.com\/pateandoelmundo\/wp-json\/wp\/v2\/posts\/2300","targetHints":{"allow":["GET"]}}],"collection":[{"href":"https:\/\/www.granadablogs.com\/pateandoelmundo\/wp-json\/wp\/v2\/posts"}],"about":[{"href":"https:\/\/www.granadablogs.com\/pateandoelmundo\/wp-json\/wp\/v2\/types\/post"}],"author":[{"embeddable":true,"href":"https:\/\/www.granadablogs.com\/pateandoelmundo\/wp-json\/wp\/v2\/users\/1"}],"replies":[{"embeddable":true,"href":"https:\/\/www.granadablogs.com\/pateandoelmundo\/wp-json\/wp\/v2\/comments?post=2300"}],"version-history":[{"count":10,"href":"https:\/\/www.granadablogs.com\/pateandoelmundo\/wp-json\/wp\/v2\/posts\/2300\/revisions"}],"predecessor-version":[{"id":2325,"href":"https:\/\/www.granadablogs.com\/pateandoelmundo\/wp-json\/wp\/v2\/posts\/2300\/revisions\/2325"}],"wp:attachment":[{"href":"https:\/\/www.granadablogs.com\/pateandoelmundo\/wp-json\/wp\/v2\/media?parent=2300"}],"wp:term":[{"taxonomy":"category","embeddable":true,"href":"https:\/\/www.granadablogs.com\/pateandoelmundo\/wp-json\/wp\/v2\/categories?post=2300"},{"taxonomy":"post_tag","embeddable":true,"href":"https:\/\/www.granadablogs.com\/pateandoelmundo\/wp-json\/wp\/v2\/tags?post=2300"}],"curies":[{"name":"wp","href":"https:\/\/api.w.org\/{rel}","templated":true}]}}