{"id":22922,"date":"2017-08-01T12:25:49","date_gmt":"2017-08-01T11:25:49","guid":{"rendered":"http:\/\/www.granadablogs.com\/pateandoelmundo\/?p=22922"},"modified":"2017-08-01T12:26:29","modified_gmt":"2017-08-01T11:26:29","slug":"metrogrados","status":"publish","type":"post","link":"https:\/\/www.granadablogs.com\/pateandoelmundo\/metrogrados\/","title":{"rendered":"Metr\u00f3grados y underground"},"content":{"rendered":"<p>Lo \u00fanico malo que tiene el nuevo incumplimiento en el plazo dado para la entrada en funcionamiento del Metro es que, de momento, seguiremos sin poder usarlo. Por todo lo dem\u00e1s, la nueva <em>espant\u00e1<\/em> de la Consejer\u00eda de Fomento deber\u00eda regocijarnos, que hay que ser muy metr\u00f3grados y <em>malafoll\u00e1s <\/em>para no captar la cantidad de posibilidades que nos ofrece la situaci\u00f3n.<\/p>\n<p><a href=\"http:\/\/www.granadablogs.com\/pateandoelmundo\/22922-2\/metropolitano-granada\/\" rel=\"attachment wp-att-22923\"><img loading=\"lazy\" decoding=\"async\" class=\"aligncenter size-medium wp-image-22923\" src=\"http:\/\/www.granadablogs.com\/pateandoelmundo\/wp-content\/uploads\/2017\/08\/Metropolitano-Granada-300x200.jpg\" alt=\"\" width=\"300\" height=\"200\" srcset=\"https:\/\/www.granadablogs.com\/pateandoelmundo\/wp-content\/uploads\/2017\/08\/Metropolitano-Granada-300x200.jpg 300w, https:\/\/www.granadablogs.com\/pateandoelmundo\/wp-content\/uploads\/2017\/08\/Metropolitano-Granada-768x513.jpg 768w, https:\/\/www.granadablogs.com\/pateandoelmundo\/wp-content\/uploads\/2017\/08\/Metropolitano-Granada-644x430.jpg 644w, https:\/\/www.granadablogs.com\/pateandoelmundo\/wp-content\/uploads\/2017\/08\/Metropolitano-Granada.jpg 1348w\" sizes=\"auto, (max-width: 300px) 100vw, 300px\" \/><\/a><\/p>\n<p>Para empezar, podemos volver a hacer una porra con la fecha en que, de una pu\u00f1etera vez, el Metro sirva para algo m\u00e1s que para provocar taquicardias a los conductores novatos y sustos de muerte a viandantes a punto de ser aplastados por cosos de nombre impronunciable que se desprenden de una infraestructura a\u00fan en pruebas.<\/p>\n<p>&nbsp;<\/p>\n<p>Los m\u00e1s optimistas dir\u00e1n que antes del fin de verano, de cara a la rentr\u00e9 de septiembre. Para otros, el Metro ser\u00e1 un fruto de oto\u00f1o. Y los m\u00e1s pesimistas lo considerar\u00e1n un regalo de Santa Claus o, en el peor de los casos, de los Reyes Magos.<\/p>\n<p>&nbsp;<\/p>\n<p>Mientras, el Metro seguir\u00e1 batiendo r\u00e9cords mundiales de recorridos en prueba, cubriendo distancias que lleguen hasta el infinito y m\u00e1s all\u00e1. Y, de esa manera, conductores y viandantes podremos seguir se\u00f1al\u00e1ndolo, alborozados, cuando lo veamos pasar. Una vez que est\u00e9 en explotaci\u00f3n, habr\u00e1 que ser muy cateto para mostrar sorpresa al verlo entrar o salir de sus paradas, pero mientras siga en fase experimental, cada avistamiento nos permite recordar el discurso final de Blade Runner: \u201cYo he visto cosas que no creer\u00edais\u2026\u201d.<\/p>\n<figure id=\"attachment_22924\" aria-describedby=\"caption-attachment-22924\" style=\"width: 300px\" class=\"wp-caption aligncenter\"><a href=\"http:\/\/www.granadablogs.com\/pateandoelmundo\/22922-2\/metropolitano-granada-parada\/\" rel=\"attachment wp-att-22924\"><img loading=\"lazy\" decoding=\"async\" class=\"size-medium wp-image-22924\" src=\"http:\/\/www.granadablogs.com\/pateandoelmundo\/wp-content\/uploads\/2017\/08\/Metropolitano-Granada-Parada-300x148.jpg\" alt=\"\" width=\"300\" height=\"148\" srcset=\"https:\/\/www.granadablogs.com\/pateandoelmundo\/wp-content\/uploads\/2017\/08\/Metropolitano-Granada-Parada-300x148.jpg 300w, https:\/\/www.granadablogs.com\/pateandoelmundo\/wp-content\/uploads\/2017\/08\/Metropolitano-Granada-Parada-644x319.jpg 644w, https:\/\/www.granadablogs.com\/pateandoelmundo\/wp-content\/uploads\/2017\/08\/Metropolitano-Granada-Parada.jpg 647w\" sizes=\"auto, (max-width: 300px) 100vw, 300px\" \/><\/a><figcaption id=\"caption-attachment-22924\" class=\"wp-caption-text\">\u00bfNo es una parada fant\u00e1stica?<\/figcaption><\/figure>\n<p>Un Metro en uso es una vulgaridad que tienen ustedes a su disposici\u00f3n en cualquier ciudad. Un Metropolitano experimental, sin embargo, es otra cosa; no me ir\u00e1n ustedes a comparar&#8230;<\/p>\n<p>&nbsp;<\/p>\n<p>Adem\u00e1s, ya se ha anunciado que una de las paradas subterr\u00e1neas del Metro en superficie parcialmente soterrado se va a convertir en espacio cultural. A m\u00ed se me ocurre, en el colmo de la originalidad, que le llamen \u201cUnderground\u201d y que sea un lugar de ensayo, exposici\u00f3n y actuaci\u00f3n de artistas y m\u00fasicos muy vinculados al Inframundo, a lo G\u00f3tico y a lo Oscuro.<\/p>\n<figure id=\"attachment_22925\" aria-describedby=\"caption-attachment-22925\" style=\"width: 300px\" class=\"wp-caption aligncenter\"><a href=\"http:\/\/www.granadablogs.com\/pateandoelmundo\/22922-2\/metropolitano-granada-underground\/\" rel=\"attachment wp-att-22925\"><img loading=\"lazy\" decoding=\"async\" class=\"size-medium wp-image-22925\" src=\"http:\/\/www.granadablogs.com\/pateandoelmundo\/wp-content\/uploads\/2017\/08\/Metropolitano-Granada-Underground-300x169.jpg\" alt=\"\" width=\"300\" height=\"169\" srcset=\"https:\/\/www.granadablogs.com\/pateandoelmundo\/wp-content\/uploads\/2017\/08\/Metropolitano-Granada-Underground-300x169.jpg 300w, https:\/\/www.granadablogs.com\/pateandoelmundo\/wp-content\/uploads\/2017\/08\/Metropolitano-Granada-Underground.jpg 575w\" sizes=\"auto, (max-width: 300px) 100vw, 300px\" \/><\/a><figcaption id=\"caption-attachment-22925\" class=\"wp-caption-text\">Underground. Nuevo espacio cultural de Granada<\/figcaption><\/figure>\n<p>Lo \u00fanico que espero es que no haga falta que el Metro entre en funcionamiento para poner en uso dicho espacio cultural. Si no, y al ritmo al que vamos, ser\u00e1 m\u00e1s f\u00e1cil que veamos una \u00d3pera en el Espacio Esc\u00e9nico de Kenzo Kuma que un concierto punk bajo tierra.<\/p>\n<p>&nbsp;<\/p>\n<p>Jes\u00fas Lens<\/p>\n<p><a href=\"https:\/\/twitter.com\/Jesus_Lens\" target=\"_blank\" rel=\"attachment wp-att-22754 noopener noreferrer\"><img loading=\"lazy\" decoding=\"async\" class=\"size-full wp-image-22754 alignleft\" src=\"http:\/\/www.granadablogs.com\/pateandoelmundo\/wp-content\/uploads\/2017\/07\/1-Twitter-Lens.jpg\" alt=\"\" width=\"196\" height=\"47\" \/><\/a><\/p>\n","protected":false},"excerpt":{"rendered":"<p>Lo \u00fanico malo que tiene el nuevo incumplimiento en el plazo dado para la entrada en funcionamiento del Metro es que, de momento, seguiremos sin poder usarlo. Por todo lo dem\u00e1s, la nueva espant\u00e1 de la Consejer\u00eda de Fomento deber\u00eda regocijarnos, que hay que ser muy metr\u00f3grados y malafoll\u00e1s para no captar la cantidad de [&hellip;]<\/p>\n","protected":false},"author":1,"featured_media":0,"comment_status":"open","ping_status":"open","sticky":false,"template":"","format":"standard","meta":{"jetpack_post_was_ever_published":false,"_jetpack_newsletter_access":"","_jetpack_dont_email_post_to_subs":true,"_jetpack_newsletter_tier_id":0,"_jetpack_memberships_contains_paywalled_content":false,"_jetpack_memberships_contains_paid_content":false,"footnotes":""},"categories":[6],"tags":[14931,14933,5823,14930,13408,14932],"class_list":["post-22922","post","type-post","status-publish","format-standard","hentry","category-opinion","tag-espacio-cultural-underground-granada","tag-kenzo-kuma","tag-metro","tag-metropolitano","tag-metropolitano-granada","tag-underground"],"jetpack_featured_media_url":"","jetpack_sharing_enabled":true,"_links":{"self":[{"href":"https:\/\/www.granadablogs.com\/pateandoelmundo\/wp-json\/wp\/v2\/posts\/22922","targetHints":{"allow":["GET"]}}],"collection":[{"href":"https:\/\/www.granadablogs.com\/pateandoelmundo\/wp-json\/wp\/v2\/posts"}],"about":[{"href":"https:\/\/www.granadablogs.com\/pateandoelmundo\/wp-json\/wp\/v2\/types\/post"}],"author":[{"embeddable":true,"href":"https:\/\/www.granadablogs.com\/pateandoelmundo\/wp-json\/wp\/v2\/users\/1"}],"replies":[{"embeddable":true,"href":"https:\/\/www.granadablogs.com\/pateandoelmundo\/wp-json\/wp\/v2\/comments?post=22922"}],"version-history":[{"count":3,"href":"https:\/\/www.granadablogs.com\/pateandoelmundo\/wp-json\/wp\/v2\/posts\/22922\/revisions"}],"predecessor-version":[{"id":22928,"href":"https:\/\/www.granadablogs.com\/pateandoelmundo\/wp-json\/wp\/v2\/posts\/22922\/revisions\/22928"}],"wp:attachment":[{"href":"https:\/\/www.granadablogs.com\/pateandoelmundo\/wp-json\/wp\/v2\/media?parent=22922"}],"wp:term":[{"taxonomy":"category","embeddable":true,"href":"https:\/\/www.granadablogs.com\/pateandoelmundo\/wp-json\/wp\/v2\/categories?post=22922"},{"taxonomy":"post_tag","embeddable":true,"href":"https:\/\/www.granadablogs.com\/pateandoelmundo\/wp-json\/wp\/v2\/tags?post=22922"}],"curies":[{"name":"wp","href":"https:\/\/api.w.org\/{rel}","templated":true}]}}