{"id":22894,"date":"2017-07-27T12:13:56","date_gmt":"2017-07-27T11:13:56","guid":{"rendered":"http:\/\/www.granadablogs.com\/pateandoelmundo\/?p=22894"},"modified":"2017-07-27T12:13:56","modified_gmt":"2017-07-27T11:13:56","slug":"en-blanco-otra-vez","status":"publish","type":"post","link":"https:\/\/www.granadablogs.com\/pateandoelmundo\/en-blanco-otra-vez\/","title":{"rendered":"En blanco, otra vez"},"content":{"rendered":"<p>La noche del martes la pas\u00e9 pr\u00e1cticamente en blanco, sin pegar ojo por unas molestias f\u00edsicas muy inc\u00f3modas. La ma\u00f1ana de ayer fue, pues, fatigosa; as\u00ed que nada m\u00e1s llegar a casa, trat\u00e9 de echar una siesta reparadora que me permitiera estar descansado y l\u00facido para escribir esta columna. Pero el sue\u00f1o no lleg\u00f3, enganchado a la lectura del \u201cHyperion\u201d, una deuda contra\u00edda con mi hermano desde hace tiempo.<\/p>\n<p><a href=\"http:\/\/www.granadablogs.com\/pateandoelmundo\/en-blanco-otra-vez\/hyperion\/\" rel=\"attachment wp-att-22895\"><img loading=\"lazy\" decoding=\"async\" class=\"aligncenter size-medium wp-image-22895\" src=\"http:\/\/www.granadablogs.com\/pateandoelmundo\/wp-content\/uploads\/2017\/07\/Hyperion-173x300.jpg\" alt=\"\" width=\"173\" height=\"300\" srcset=\"https:\/\/www.granadablogs.com\/pateandoelmundo\/wp-content\/uploads\/2017\/07\/Hyperion-173x300.jpg 173w, https:\/\/www.granadablogs.com\/pateandoelmundo\/wp-content\/uploads\/2017\/07\/Hyperion.jpg 230w\" sizes=\"auto, (max-width: 173px) 100vw, 173px\" \/><\/a><\/p>\n<p>La hora de entrega se me echaba encima y la blancura de la pantalla del port\u00e1til resaltaba el t\u00edtulo del documento en que no hab\u00eda empezado a trabajar: \u201cEn blanco\u201d.<\/p>\n<p>&nbsp;<\/p>\n<p>Siguiendo los consejos de SOY, mi Robot, acud\u00ed a San Google, tecle\u00e9 \u201c\u00bfDe qu\u00e9 escribo hoy?\u201d y el programa me vomit\u00f3 una respuesta de lo m\u00e1s inquietante: \u201cPuedo escribir los versos m\u00e1s tristes esta noche\u201d. Entender\u00e1n ustedes el terror que me invadi\u00f3 en ese momento: era una referencia a Neruda, pero yo la sent\u00ed como una invasi\u00f3n de mi intimidad. \u00a1Nos esp\u00edan! Vive Dios que nos esp\u00edan y que saben hasta cu\u00e1ndo tenemos un maldito insomnio\u2026<\/p>\n<p><a href=\"http:\/\/www.granadablogs.com\/pateandoelmundo\/en-blanco-otra-vez\/puedo-escribir-los-versos-mas-oscuros-esta-noche\/\" rel=\"attachment wp-att-22896\"><img loading=\"lazy\" decoding=\"async\" class=\"aligncenter size-medium wp-image-22896\" src=\"http:\/\/www.granadablogs.com\/pateandoelmundo\/wp-content\/uploads\/2017\/07\/Puedo-escribir-los-versos-m\u00e1s-oscuros-esta-noche-300x169.jpg\" alt=\"\" width=\"300\" height=\"169\" srcset=\"https:\/\/www.granadablogs.com\/pateandoelmundo\/wp-content\/uploads\/2017\/07\/Puedo-escribir-los-versos-m\u00e1s-oscuros-esta-noche-300x169.jpg 300w, https:\/\/www.granadablogs.com\/pateandoelmundo\/wp-content\/uploads\/2017\/07\/Puedo-escribir-los-versos-m\u00e1s-oscuros-esta-noche.jpg 638w\" sizes=\"auto, (max-width: 300px) 100vw, 300px\" \/><\/a><\/p>\n<p>Pens\u00e9 en escribir sobre el programa doble de cine que me marqu\u00e9 el lunes: \u201cDunkerque\u201d y \u201cSu mejor historia\u201d, experiencia que les recomiendo vivamente, dado que son cuatro horas extraordinarias de cine en que, de forma radicalmente diferente, los directores de ambas pel\u00edculas reflexionan sobre un mismo episodio de la II Guerra Mundial. Pero a\u00fan no s\u00e9 c\u00f3mo fusionar ambas historias, as\u00ed que lo dejo para ma\u00f1ana.<\/p>\n<p><a href=\"http:\/\/www.granadablogs.com\/pateandoelmundo\/en-blanco-otra-vez\/su-mejor-historia-2\/\" rel=\"attachment wp-att-22898\"><img loading=\"lazy\" decoding=\"async\" class=\"aligncenter size-medium wp-image-22898\" src=\"http:\/\/www.granadablogs.com\/pateandoelmundo\/wp-content\/uploads\/2017\/07\/Su-mejor-historia-1-300x126.jpg\" alt=\"\" width=\"300\" height=\"126\" srcset=\"https:\/\/www.granadablogs.com\/pateandoelmundo\/wp-content\/uploads\/2017\/07\/Su-mejor-historia-1-300x126.jpg 300w, https:\/\/www.granadablogs.com\/pateandoelmundo\/wp-content\/uploads\/2017\/07\/Su-mejor-historia-1.jpg 593w\" sizes=\"auto, (max-width: 300px) 100vw, 300px\" \/><\/a><\/p>\n<p>Miro la web de IDEAL. Y ah\u00ed est\u00e1 Juana Rivas, que no ha entregado a sus hijos a su antigua pareja, condenado por maltrato y residente en Italia. Es complicado opinar sobre temas basados en sentencias judiciales que no hemos le\u00eddo. Tripas y coraz\u00f3n nos llevan a alinearnos incondicionalmente con esa madre, pero la l\u00f3gica exige prudencia. Mucha prudencia.<\/p>\n<p><a href=\"http:\/\/www.granadablogs.com\/pateandoelmundo\/en-blanco-otra-vez\/juana-rivas\/\" rel=\"attachment wp-att-22897\"><img loading=\"lazy\" decoding=\"async\" class=\"aligncenter size-medium wp-image-22897\" src=\"http:\/\/www.granadablogs.com\/pateandoelmundo\/wp-content\/uploads\/2017\/07\/Juana-Rivas-300x143.jpg\" alt=\"\" width=\"300\" height=\"143\" srcset=\"https:\/\/www.granadablogs.com\/pateandoelmundo\/wp-content\/uploads\/2017\/07\/Juana-Rivas-300x143.jpg 300w, https:\/\/www.granadablogs.com\/pateandoelmundo\/wp-content\/uploads\/2017\/07\/Juana-Rivas-768x366.jpg 768w, https:\/\/www.granadablogs.com\/pateandoelmundo\/wp-content\/uploads\/2017\/07\/Juana-Rivas-644x307.jpg 644w, https:\/\/www.granadablogs.com\/pateandoelmundo\/wp-content\/uploads\/2017\/07\/Juana-Rivas.jpg 981w\" sizes=\"auto, (max-width: 300px) 100vw, 300px\" \/><\/a><\/p>\n<p>\u00bfY de lo de Rajoy? \u00bfQu\u00e9 les voy a decir de Rajoy que no est\u00e9 ya dicho, m\u00e1s all\u00e1 de que, a pesar de su apellido, no raj\u00f3 nada de nada, como estaba previsto y descontado?<\/p>\n<p>&nbsp;<\/p>\n<p>Y fue entre estas cuitas que pas\u00f3 la tarde\u2026<\/p>\n<p>&nbsp;<\/p>\n<p>Jes\u00fas Lens<\/p>\n<p><a href=\"https:\/\/twitter.com\/Jesus_Lens\" target=\"_blank\" rel=\"attachment wp-att-22754 noopener noreferrer\"><img loading=\"lazy\" decoding=\"async\" class=\"size-full wp-image-22754 alignleft\" src=\"http:\/\/www.granadablogs.com\/pateandoelmundo\/wp-content\/uploads\/2017\/07\/1-Twitter-Lens.jpg\" alt=\"\" width=\"196\" height=\"47\" \/><\/a><\/p>\n","protected":false},"excerpt":{"rendered":"<p>La noche del martes la pas\u00e9 pr\u00e1cticamente en blanco, sin pegar ojo por unas molestias f\u00edsicas muy inc\u00f3modas. La ma\u00f1ana de ayer fue, pues, fatigosa; as\u00ed que nada m\u00e1s llegar a casa, trat\u00e9 de echar una siesta reparadora que me permitiera estar descansado y l\u00facido para escribir esta columna. Pero el sue\u00f1o no lleg\u00f3, enganchado [&hellip;]<\/p>\n","protected":false},"author":1,"featured_media":0,"comment_status":"open","ping_status":"open","sticky":false,"template":"","format":"standard","meta":{"jetpack_post_was_ever_published":false,"_jetpack_newsletter_access":"","_jetpack_dont_email_post_to_subs":true,"_jetpack_newsletter_tier_id":0,"_jetpack_memberships_contains_paywalled_content":false,"_jetpack_memberships_contains_paid_content":false,"footnotes":""},"categories":[10,6],"tags":[14907,14892,14906,14903,14904,14905,14891],"class_list":["post-22894","post","type-post","status-publish","format-standard","hentry","category-cine","category-opinion","tag-dan-simmons","tag-dunkerque","tag-hyperion","tag-juana-rivas","tag-juana-rivas-somos-todos","tag-puedo-escribir-los-versos-mas-oscuros-esta-noche","tag-su-mejor-historia"],"jetpack_featured_media_url":"","jetpack_sharing_enabled":true,"_links":{"self":[{"href":"https:\/\/www.granadablogs.com\/pateandoelmundo\/wp-json\/wp\/v2\/posts\/22894","targetHints":{"allow":["GET"]}}],"collection":[{"href":"https:\/\/www.granadablogs.com\/pateandoelmundo\/wp-json\/wp\/v2\/posts"}],"about":[{"href":"https:\/\/www.granadablogs.com\/pateandoelmundo\/wp-json\/wp\/v2\/types\/post"}],"author":[{"embeddable":true,"href":"https:\/\/www.granadablogs.com\/pateandoelmundo\/wp-json\/wp\/v2\/users\/1"}],"replies":[{"embeddable":true,"href":"https:\/\/www.granadablogs.com\/pateandoelmundo\/wp-json\/wp\/v2\/comments?post=22894"}],"version-history":[{"count":2,"href":"https:\/\/www.granadablogs.com\/pateandoelmundo\/wp-json\/wp\/v2\/posts\/22894\/revisions"}],"predecessor-version":[{"id":22900,"href":"https:\/\/www.granadablogs.com\/pateandoelmundo\/wp-json\/wp\/v2\/posts\/22894\/revisions\/22900"}],"wp:attachment":[{"href":"https:\/\/www.granadablogs.com\/pateandoelmundo\/wp-json\/wp\/v2\/media?parent=22894"}],"wp:term":[{"taxonomy":"category","embeddable":true,"href":"https:\/\/www.granadablogs.com\/pateandoelmundo\/wp-json\/wp\/v2\/categories?post=22894"},{"taxonomy":"post_tag","embeddable":true,"href":"https:\/\/www.granadablogs.com\/pateandoelmundo\/wp-json\/wp\/v2\/tags?post=22894"}],"curies":[{"name":"wp","href":"https:\/\/api.w.org\/{rel}","templated":true}]}}