{"id":22886,"date":"2017-07-26T10:53:19","date_gmt":"2017-07-26T09:53:19","guid":{"rendered":"http:\/\/www.granadablogs.com\/pateandoelmundo\/?p=22886"},"modified":"2017-07-26T11:06:47","modified_gmt":"2017-07-26T10:06:47","slug":"nin-reznor-y-ross-musica-tetrico-noir","status":"publish","type":"post","link":"https:\/\/www.granadablogs.com\/pateandoelmundo\/nin-reznor-y-ross-musica-tetrico-noir\/","title":{"rendered":"NIN, Reznor y Ross: m\u00fasica T\u00e9trico-Noir"},"content":{"rendered":"<p>En la vida de todo seri\u00e9filo, cin\u00e9filo y aficionado al g\u00e9nero negro hay un antes y un despu\u00e9s del episodio 8 de la nueva temporada de \u201cTwin Peaks\u201d. Nunca se hab\u00eda hecho nada igual. Se trata de una hora de fascinante ida de olla, en el m\u00e1s estricto sentido de la expresi\u00f3n, en la que pasan un mont\u00f3n de cosas aunque, en realidad, no ocurre nada. Narrativamente hablando.<\/p>\n<p><a href=\"http:\/\/www.granadablogs.com\/pateandoelmundo\/nin-reznor-y-ross-musica-tetrico-noir\/rincon-oscuro-nin\/\" rel=\"attachment wp-att-22887\"><img loading=\"lazy\" decoding=\"async\" class=\"aligncenter size-medium wp-image-22887\" src=\"http:\/\/www.granadablogs.com\/pateandoelmundo\/wp-content\/uploads\/2017\/07\/Rinc\u00f3n-Oscuro-NIN-300x268.jpg\" alt=\"\" width=\"300\" height=\"268\" srcset=\"https:\/\/www.granadablogs.com\/pateandoelmundo\/wp-content\/uploads\/2017\/07\/Rinc\u00f3n-Oscuro-NIN-300x268.jpg 300w, https:\/\/www.granadablogs.com\/pateandoelmundo\/wp-content\/uploads\/2017\/07\/Rinc\u00f3n-Oscuro-NIN-644x576.jpg 644w, https:\/\/www.granadablogs.com\/pateandoelmundo\/wp-content\/uploads\/2017\/07\/Rinc\u00f3n-Oscuro-NIN.jpg 734w\" sizes=\"auto, (max-width: 300px) 100vw, 300px\" \/><\/a><\/p>\n<p>El episodio 8 de \u201cTwin Peaks\u201d obliga al espectador a posicionarse, fervientemente a favor o iracundamente en contra. No caben medias tintas, que para David Lynch y para Mark Frost, la virtud jam\u00e1s puede estar en el t\u00e9rmino medio.<\/p>\n<p>&nbsp;<\/p>\n<p>El episodio 8 es una concatenaci\u00f3n de secuencias on\u00edricas, recreaciones pict\u00f3ricas y personajes surgidos de un surrealista M\u00e1s All\u00e1 en el que la m\u00fasica, como en todas las pel\u00edculas y series de David Lynch, desempe\u00f1a un papel esencial. Y, como no pod\u00eda ser de otra manera, el grupo que protagoniza la actuaci\u00f3n musical de este cap\u00edtulo, hist\u00f3rico y memorable, de la historia de la televisi\u00f3n es Nine Inch Nails.<\/p>\n<p>&nbsp;<\/p>\n<p><iframe loading=\"lazy\" src=\"https:\/\/www.youtube.com\/embed\/QczxCxFRUf0\" width=\"560\" height=\"315\" frameborder=\"0\" allowfullscreen=\"allowfullscreen\"><\/iframe><\/p>\n<p>Hablar de NIN es hablar de su fundador y \u00fanico miembro oficial de la banda, el fascinante y camale\u00f3nico Trent Reznor, en su qu\u00edntuple funci\u00f3n de productor, cantante, compositor, multiinstrumentista e ingeniero de sonido.<\/p>\n<p>&nbsp;<\/p>\n<p>Hablamos de una de las grandes bandas de rock industrial de los a\u00f1os 90, la d\u00e9cada prodigiosa del metal norteamericano, y cuya impronta permiti\u00f3 la aparici\u00f3n de otros grupos m\u00edticos e ic\u00f3nicos como Marilyn Manson, con tantas vinculaciones est\u00e9ticas y tem\u00e1ticas con lo m\u00e1s oscuro y terror\u00edfico del Noir norteamericano.<\/p>\n<p>&nbsp;<\/p>\n<p>Discos como \u201cThe Downward Spiral\u201d o \u201cThe Fragile\u201d, que ocupan la c\u00faspide de la escena musical de los 90, permiten m\u00faltiples reinterpretaciones y adaptaciones para sus presentaciones en directo, que NIN es un grupo abierto y en permanente estado de cambio y adaptaci\u00f3n. De esa manera, era inevitable que Reznor llegara al cine. Y lo hizo por la puerta grande, en 1997, cuando produjo la banda sonora de la pel\u00edcula \u201cLost Highway\u201d, dirigida por David Lynch.<\/p>\n<p>&nbsp;<\/p>\n<p>\u201cCarretera Perdida\u201d es una de las obras maestras del cineasta. Una pel\u00edcula extra\u00f1a, conceptual y aterradora, en la que los mism\u00edsimos Marilyn Manson aparec\u00edan brevemente en pantalla, como protagonistas de la filmaci\u00f3n de una siniestra pel\u00edcula pornogr\u00e1fica. Ah\u00ed estaba ya todo lo malsano y lo on\u00edrico, lo extra\u00f1o, lo paranoico y lo radical del mejor cine de Lynch, cuya simbiosis con Reznor result\u00f3 de lo m\u00e1s estimulante. No es de extra\u00f1ar, pues, que haya recurrido a \u00e9l como fetiche para ese episodio n\u00famero 8 de la vuelta de \u201cTwin Peaks\u201d, magno evento del que ya hablamos en esta secci\u00f3n hace unos meses. (Leer <a href=\"http:\/\/www.granadablogs.com\/pateandoelmundo\/twin-peaks-jesus-lens\/\" target=\"_blank\" rel=\"noopener noreferrer\">AQU\u00cd<\/a>)<\/p>\n<p>&nbsp;<\/p>\n<p><iframe loading=\"lazy\" src=\"https:\/\/www.youtube.com\/embed\/boqqOS3wrDk\" width=\"560\" height=\"315\" frameborder=\"0\" allowfullscreen=\"allowfullscreen\"><\/iframe><\/p>\n<p>Tambi\u00e9n hablamos en esta p\u00e1gina de la vinculaci\u00f3n de Reznor con el s\u00e9ptimo arte, \u00d3scar incluido. (Leer <a href=\"http:\/\/www.granadablogs.com\/pateandoelmundo\/musicanoir\/\" target=\"_blank\" rel=\"noopener noreferrer\">AQU\u00cd<\/a>) Y es que, tras su colaboraci\u00f3n con Lynch, el definido como \u201cel artista m\u00e1s vital de la m\u00fasica\u201d por la revista Spin sigui\u00f3 trabajando para cineastas tan interesantes como David Fincher, de la mano de su socio creativo y alter ego musical: Atticus Ross, otro m\u00fasico visionario, ingeniero, productor y programador vinculado a proyectos de m\u00fasicos tan ic\u00f3nicos como Zach de la Rosa (RATM) o de grupos m\u00edticos como Jane\u2019s Addiction.<\/p>\n<p>&nbsp;<\/p>\n<p><iframe loading=\"lazy\" src=\"https:\/\/www.youtube.com\/embed\/9SBNCYkSceU\" width=\"560\" height=\"315\" frameborder=\"0\" allowfullscreen=\"allowfullscreen\"><\/iframe><\/p>\n<p>Ross, que tambi\u00e9n aparece en el tan nombrado Episodio 8, debut\u00f3 en el cine como compositor de la banda sonora de una excelente pel\u00edcula dist\u00f3pica, \u201cEl libro de Eli\u201d. Y, ya con Reznor, trabaj\u00f3 en la oscarizada \u201cLa Red Social\u201d, en \u201c47 Ronin\u201d y en \u201cPerdida\u201d, tambi\u00e9n dirigida por David Fincher y oscura e inquietante muestra de Domestic Noir que convierte en escenario de pesadilla a los habitualmente c\u00e1lidos y amables barrios residenciales de las ciudades de Estados Unidos.<\/p>\n<p>&nbsp;<\/p>\n<p>Y as\u00ed llegamos a este 2017. Al estreno de \u201cD\u00eda de patriotas\u201d, actualmente en cartelera. Se trata de una interesant\u00edsima pel\u00edcula de Peter Berg protagonizada por Mark Whalberg en la que se cuenta el atentado de Boston de 2013, cuando dos terroristas detonaron sendas bombas durante el transcurso de su internacionalmente famosa marat\u00f3n.<\/p>\n<p><a href=\"http:\/\/www.granadablogs.com\/pateandoelmundo\/nin-reznor-y-ross-musica-tetrico-noir\/dia-de-patriotas\/\" rel=\"attachment wp-att-22891\"><img loading=\"lazy\" decoding=\"async\" class=\"aligncenter size-medium wp-image-22891\" src=\"http:\/\/www.granadablogs.com\/pateandoelmundo\/wp-content\/uploads\/2017\/07\/D\u00eda-de-Patriotas-210x300.jpg\" alt=\"\" width=\"210\" height=\"300\" srcset=\"https:\/\/www.granadablogs.com\/pateandoelmundo\/wp-content\/uploads\/2017\/07\/D\u00eda-de-Patriotas-210x300.jpg 210w, https:\/\/www.granadablogs.com\/pateandoelmundo\/wp-content\/uploads\/2017\/07\/D\u00eda-de-Patriotas.jpg 550w\" sizes=\"auto, (max-width: 210px) 100vw, 210px\" \/><\/a><\/p>\n<p>En realidad, lo m\u00e1s interesante de la pel\u00edcula es la investigaci\u00f3n posterior al atentado y la caza del hombre desatada en una ciudad aterrorizada que busca a los asesinos en los suburbios y en los barrios residenciales de Boston. Y precisamente ah\u00ed es donde vuelven a entrar en juego Reznor y Ross, que han compuesto una banda sonora extraordinaria, al pelo con las im\u00e1genes que vemos en pantalla.<\/p>\n<p>&nbsp;<\/p>\n<p><iframe loading=\"lazy\" src=\"https:\/\/www.youtube.com\/embed\/huQtzucbPfc\" width=\"560\" height=\"315\" frameborder=\"0\" allowfullscreen=\"allowfullscreen\"><\/iframe><\/p>\n<p>Porque la clave de una buena banda sonora no radica, solo, en la calidad de la m\u00fasica, sino en que est\u00e9 al servicio de la historia. Que contribuya a generar atm\u00f3sferas. Que sirva para mostrar el estado de \u00e1nimo de los personajes. Que genere tensi\u00f3n dram\u00e1tica. Que lleve en volandas a los protagonistas en las escenas de acci\u00f3n. Pero sin que se note. Sin que resalte. Sin que se haga expl\u00edcita. Al menos, hasta los t\u00edtulos de cr\u00e9dito.<\/p>\n<p>&nbsp;<\/p>\n<p>En todo ello, la banda sonora de \u201cD\u00eda de patriotas\u201d es mod\u00e9lica y ejemplar, con el tono justo en cada momento. Y no era f\u00e1cil, que la pel\u00edcula es larga y con momentos muy diferentes, desde la presentaci\u00f3n de los personajes, en el primer cuarto; al impacto de las explosiones, el duelo por las v\u00edctimas y, finalmente, la investigaci\u00f3n y la persecuci\u00f3n de los sospechosos, larga y brillantemente contada.<\/p>\n<p>&nbsp;<\/p>\n<p>Hay que destacar el tratamiento de los personajes de los terroristas: dos j\u00f3venes e inexpertos, atolondrados y torpes; que en el secuestro de un joven asi\u00e1tico muestran su impericia y falta de preparaci\u00f3n, lo que los aleja de esos supervillanos a los que Hollywood nos tiene tan acostumbrados.<\/p>\n<p><a href=\"http:\/\/www.granadablogs.com\/pateandoelmundo\/nin-reznor-y-ross-musica-tetrico-noir\/dia-de-patriotas-actores\/\" rel=\"attachment wp-att-22892\"><img loading=\"lazy\" decoding=\"async\" class=\"aligncenter size-medium wp-image-22892\" src=\"http:\/\/www.granadablogs.com\/pateandoelmundo\/wp-content\/uploads\/2017\/07\/D\u00eda-de-Patriotas-actores-300x169.jpg\" alt=\"\" width=\"300\" height=\"169\" srcset=\"https:\/\/www.granadablogs.com\/pateandoelmundo\/wp-content\/uploads\/2017\/07\/D\u00eda-de-Patriotas-actores-300x169.jpg 300w, https:\/\/www.granadablogs.com\/pateandoelmundo\/wp-content\/uploads\/2017\/07\/D\u00eda-de-Patriotas-actores-768x432.jpg 768w, https:\/\/www.granadablogs.com\/pateandoelmundo\/wp-content\/uploads\/2017\/07\/D\u00eda-de-Patriotas-actores-644x362.jpg 644w, https:\/\/www.granadablogs.com\/pateandoelmundo\/wp-content\/uploads\/2017\/07\/D\u00eda-de-Patriotas-actores.jpg 1280w\" sizes=\"auto, (max-width: 300px) 100vw, 300px\" \/><\/a><\/p>\n<p>Una muy buena pel\u00edcula que prueba que la m\u00fasica es elemento imprescindible de la narraci\u00f3n audiovisual y una muestra m\u00e1s de que Trent Reznor y a Atticus Ross son dos de los grandes referentes del cine negro del siglo XXI.<\/p>\n<p>&nbsp;<\/p>\n<p>Jes\u00fas Lens<\/p>\n<p><a href=\"https:\/\/twitter.com\/Jesus_Lens\" target=\"_blank\" rel=\"attachment wp-att-22754 noopener noreferrer\"><img loading=\"lazy\" decoding=\"async\" class=\"size-full wp-image-22754 alignleft\" src=\"http:\/\/www.granadablogs.com\/pateandoelmundo\/wp-content\/uploads\/2017\/07\/1-Twitter-Lens.jpg\" alt=\"\" width=\"196\" height=\"47\" \/><\/a><\/p>\n","protected":false},"excerpt":{"rendered":"<p>En la vida de todo seri\u00e9filo, cin\u00e9filo y aficionado al g\u00e9nero negro hay un antes y un despu\u00e9s del episodio 8 de la nueva temporada de \u201cTwin Peaks\u201d. Nunca se hab\u00eda hecho nada igual. Se trata de una hora de fascinante ida de olla, en el m\u00e1s estricto sentido de la expresi\u00f3n, en la que [&hellip;]<\/p>\n","protected":false},"author":1,"featured_media":0,"comment_status":"open","ping_status":"open","sticky":false,"template":"","format":"standard","meta":{"jetpack_post_was_ever_published":false,"_jetpack_newsletter_access":"","_jetpack_dont_email_post_to_subs":true,"_jetpack_newsletter_tier_id":0,"_jetpack_memberships_contains_paywalled_content":false,"_jetpack_memberships_contains_paid_content":false,"footnotes":""},"categories":[10,17,11774,12],"tags":[3629,14902,14901,3626,14900,3718,3209],"class_list":["post-22886","post","type-post","status-publish","format-standard","hentry","category-cine","category-musica","category-rincon-oscuro","category-television","tag-atticus-ross","tag-bandas-sonoras-noir","tag-dia-de-patriotas","tag-nine-inch-nails","tag-rincon-oscuro-jesus-lens","tag-trent-reznor","tag-twin-peaks"],"jetpack_featured_media_url":"","jetpack_sharing_enabled":true,"_links":{"self":[{"href":"https:\/\/www.granadablogs.com\/pateandoelmundo\/wp-json\/wp\/v2\/posts\/22886","targetHints":{"allow":["GET"]}}],"collection":[{"href":"https:\/\/www.granadablogs.com\/pateandoelmundo\/wp-json\/wp\/v2\/posts"}],"about":[{"href":"https:\/\/www.granadablogs.com\/pateandoelmundo\/wp-json\/wp\/v2\/types\/post"}],"author":[{"embeddable":true,"href":"https:\/\/www.granadablogs.com\/pateandoelmundo\/wp-json\/wp\/v2\/users\/1"}],"replies":[{"embeddable":true,"href":"https:\/\/www.granadablogs.com\/pateandoelmundo\/wp-json\/wp\/v2\/comments?post=22886"}],"version-history":[{"count":4,"href":"https:\/\/www.granadablogs.com\/pateandoelmundo\/wp-json\/wp\/v2\/posts\/22886\/revisions"}],"predecessor-version":[{"id":22893,"href":"https:\/\/www.granadablogs.com\/pateandoelmundo\/wp-json\/wp\/v2\/posts\/22886\/revisions\/22893"}],"wp:attachment":[{"href":"https:\/\/www.granadablogs.com\/pateandoelmundo\/wp-json\/wp\/v2\/media?parent=22886"}],"wp:term":[{"taxonomy":"category","embeddable":true,"href":"https:\/\/www.granadablogs.com\/pateandoelmundo\/wp-json\/wp\/v2\/categories?post=22886"},{"taxonomy":"post_tag","embeddable":true,"href":"https:\/\/www.granadablogs.com\/pateandoelmundo\/wp-json\/wp\/v2\/tags?post=22886"}],"curies":[{"name":"wp","href":"https:\/\/api.w.org\/{rel}","templated":true}]}}