{"id":2282,"date":"2009-05-16T18:43:23","date_gmt":"2009-05-16T17:43:23","guid":{"rendered":"http:\/\/www.granadablogs.com\/pateandoelmundo\/?p=2282"},"modified":"2009-05-16T18:50:17","modified_gmt":"2009-05-16T17:50:17","slug":"cajagranada-abrimos-una-puerta-al-futuro","status":"publish","type":"post","link":"https:\/\/www.granadablogs.com\/pateandoelmundo\/cajagranada-abrimos-una-puerta-al-futuro\/","title":{"rendered":"CAJAGRANADA: ABRIMOS UNA PUERTA AL FUTURO"},"content":{"rendered":"<p style=\"text-align: justify;\">Perm\u00edtanme que sea un poco corporativista. Aunque sea s\u00f3lo esta semana que nos viene. Hay proyectos en los que la vida te permite participar, aunque sea de lejos, una sola vez. Y el del Centro Cultural CajaGRANADA y Museo de la Memoria de Andaluc\u00eda es uno de ellos.<\/p>\n<p style=\"text-align: center;\">\u00a0<a href=\"http:\/\/www.granadablogs.com\/pateandoelmundo\/wp-content\/uploads\/2009\/05\/_03.jpg\"><img loading=\"lazy\" decoding=\"async\" class=\"size-full wp-image-2283 aligncenter\" title=\"Centro cultural CajaGRANADA\" src=\"http:\/\/www.granadablogs.com\/pateandoelmundo\/wp-content\/uploads\/2009\/05\/_03.jpg\" alt=\"\" width=\"500\" height=\"374\" srcset=\"https:\/\/www.granadablogs.com\/pateandoelmundo\/wp-content\/uploads\/2009\/05\/_03.jpg 819w, https:\/\/www.granadablogs.com\/pateandoelmundo\/wp-content\/uploads\/2009\/05\/_03-300x224.jpg 300w\" sizes=\"auto, (max-width: 500px) 100vw, 500px\" \/><\/a><\/p>\n<p style=\"text-align: justify;\">El pasado viernes estuve vi\u00e9ndolo.<\/p>\n<p style=\"text-align: justify;\">\u00a0<\/p>\n<p style=\"text-align: justify;\">IMPRESIONANTE<\/p>\n<p style=\"text-align: justify;\">\u00a0<\/p>\n<p style=\"text-align: justify;\">Y no es pasi\u00f3n de padre, hermano menor o v\u00edctima de un s\u00fabito ataque de s\u00edndrome de Estocolmo, cr\u00e9anme.<\/p>\n<p style=\"text-align: justify;\">\u00a0<\/p>\n<p style=\"text-align: justify;\">Flip\u00e9.<\/p>\n<p style=\"text-align: justify;\">\u00a0<\/p>\n<p style=\"text-align: justify;\">Alucin\u00e9 en colores.<\/p>\n<p style=\"text-align: justify;\">\u00a0<\/p>\n<p style=\"text-align: justify;\">Y ustedes tambi\u00e9n lo har\u00e1n.<\/p>\n<p style=\"text-align: justify;\">\u00a0<\/p>\n<p style=\"text-align: justify;\">Palabrita de ni\u00f1o Jes\u00fas.<\/p>\n<p style=\"text-align: justify;\">\u00a0<\/p>\n<p style=\"text-align: justify;\">Pero antes de hablar del Centro&#8230; pinchen <strong><a href=\"http:\/\/caja.caja-granada.es\/cajamagica\/\">AQU\u00cd <\/a><\/strong>y d\u00edganme qu\u00e9 les parece este anuncio, por favor.<\/p>\n<p style=\"text-align: justify;\">\u00a0<\/p>\n<p style=\"text-align: justify;\">Jes\u00fas Lens, como ni\u00f1o con zapatos nuevos \ud83d\ude42<\/p>\n","protected":false},"excerpt":{"rendered":"<p>Perm\u00edtanme que sea un poco corporativista. Aunque sea s\u00f3lo esta semana que nos viene. Hay proyectos en los que la vida te permite participar, aunque sea de lejos, una sola vez. Y el del Centro Cultural CajaGRANADA y Museo de la Memoria de Andaluc\u00eda es uno de ellos. \u00a0 El pasado viernes estuve vi\u00e9ndolo. \u00a0 [&hellip;]<\/p>\n","protected":false},"author":1,"featured_media":0,"comment_status":"open","ping_status":"open","sticky":false,"template":"","format":"standard","meta":{"jetpack_post_was_ever_published":false,"_jetpack_newsletter_access":"","_jetpack_dont_email_post_to_subs":false,"_jetpack_newsletter_tier_id":0,"_jetpack_memberships_contains_paywalled_content":false,"_jetpack_memberships_contains_paid_content":false,"footnotes":""},"categories":[15],"tags":[1041,106,1042,1043],"class_list":["post-2282","post","type-post","status-publish","format-standard","hentry","category-videos","tag-caja-magica","tag-cajagranada","tag-centro-cultural","tag-museo-memoria-de-andalucia"],"jetpack_featured_media_url":"","jetpack_sharing_enabled":true,"_links":{"self":[{"href":"https:\/\/www.granadablogs.com\/pateandoelmundo\/wp-json\/wp\/v2\/posts\/2282","targetHints":{"allow":["GET"]}}],"collection":[{"href":"https:\/\/www.granadablogs.com\/pateandoelmundo\/wp-json\/wp\/v2\/posts"}],"about":[{"href":"https:\/\/www.granadablogs.com\/pateandoelmundo\/wp-json\/wp\/v2\/types\/post"}],"author":[{"embeddable":true,"href":"https:\/\/www.granadablogs.com\/pateandoelmundo\/wp-json\/wp\/v2\/users\/1"}],"replies":[{"embeddable":true,"href":"https:\/\/www.granadablogs.com\/pateandoelmundo\/wp-json\/wp\/v2\/comments?post=2282"}],"version-history":[{"count":3,"href":"https:\/\/www.granadablogs.com\/pateandoelmundo\/wp-json\/wp\/v2\/posts\/2282\/revisions"}],"predecessor-version":[{"id":2285,"href":"https:\/\/www.granadablogs.com\/pateandoelmundo\/wp-json\/wp\/v2\/posts\/2282\/revisions\/2285"}],"wp:attachment":[{"href":"https:\/\/www.granadablogs.com\/pateandoelmundo\/wp-json\/wp\/v2\/media?parent=2282"}],"wp:term":[{"taxonomy":"category","embeddable":true,"href":"https:\/\/www.granadablogs.com\/pateandoelmundo\/wp-json\/wp\/v2\/categories?post=2282"},{"taxonomy":"post_tag","embeddable":true,"href":"https:\/\/www.granadablogs.com\/pateandoelmundo\/wp-json\/wp\/v2\/tags?post=2282"}],"curies":[{"name":"wp","href":"https:\/\/api.w.org\/{rel}","templated":true}]}}