{"id":22788,"date":"2017-07-13T11:08:59","date_gmt":"2017-07-13T10:08:59","guid":{"rendered":"http:\/\/www.granadablogs.com\/pateandoelmundo\/?p=22788"},"modified":"2017-07-13T11:08:59","modified_gmt":"2017-07-13T10:08:59","slug":"cine-aliatar","status":"publish","type":"post","link":"https:\/\/www.granadablogs.com\/pateandoelmundo\/cine-aliatar\/","title":{"rendered":"Cine Aliatar"},"content":{"rendered":"<p>Mis amigos saben que, cuando en la conversaci\u00f3n sale a relucir el \u201c\u00bfTe acuerdas de\u2026?\u201d, la cosa empieza a ir mal. Porque a la segunda o tercera rememoranza de los supuestos buenos viejos tiempos, me asalta un terrible dolor de cabeza que me obliga a pedir la cuenta de las cervezas tomadas hasta el momento y a salir por piernas.<\/p>\n<p><a href=\"http:\/\/www.granadablogs.com\/pateandoelmundo\/cine-aliatar\/cine-aliatar\/\" rel=\"attachment wp-att-22789\"><img loading=\"lazy\" decoding=\"async\" class=\"aligncenter size-medium wp-image-22789\" src=\"http:\/\/www.granadablogs.com\/pateandoelmundo\/wp-content\/uploads\/2017\/07\/Cine-aliatar-183x300.jpg\" alt=\"\" width=\"183\" height=\"300\" srcset=\"https:\/\/www.granadablogs.com\/pateandoelmundo\/wp-content\/uploads\/2017\/07\/Cine-aliatar-183x300.jpg 183w, https:\/\/www.granadablogs.com\/pateandoelmundo\/wp-content\/uploads\/2017\/07\/Cine-aliatar-644x1059.jpg 644w, https:\/\/www.granadablogs.com\/pateandoelmundo\/wp-content\/uploads\/2017\/07\/Cine-aliatar.jpg 730w\" sizes=\"auto, (max-width: 183px) 100vw, 183px\" \/><\/a><\/p>\n<p>\u00bfC\u00f3mo es posible que, partiendo de esa premisa, me haya gustado tant\u00edsimo \u201cCine Aliatar\u201d, de Jos\u00e9 Mar\u00eda P\u00e9rez Z\u00fa\u00f1iga, publicada por Valpara\u00edso ediciones? Hablamos de una novela generacional que toca de lleno a alguien como yo, nacido en 1970 y que vivi\u00f3 en primera persona muchas de las cosas que cuenta el autor.<\/p>\n<p>&nbsp;<\/p>\n<p>Una novela inici\u00e1tica protagonizada por C\u00e9sar y Luc\u00eda, una joven pareja que vive su tr\u00e1nsito hacia la madurez en la Granada de comienzos de los 80, acosados por el peso de la memoria y la tradici\u00f3n de la familia de ella y por la supuesta abulia vital de \u00e9l, sin ambiciones acad\u00e9micas o profesionales y obsesionado por ese arte vamp\u00edrico llamado cine.<\/p>\n<p><a href=\"http:\/\/www.granadablogs.com\/pateandoelmundo\/cine-aliatar\/cine-aliatar-perez-zuniga\/\" rel=\"attachment wp-att-22790\"><img loading=\"lazy\" decoding=\"async\" class=\"aligncenter size-medium wp-image-22790\" src=\"http:\/\/www.granadablogs.com\/pateandoelmundo\/wp-content\/uploads\/2017\/07\/Cine-aliatar-P\u00e9rez-Z\u00fa\u00f1iga-225x300.jpg\" alt=\"\" width=\"225\" height=\"300\" srcset=\"https:\/\/www.granadablogs.com\/pateandoelmundo\/wp-content\/uploads\/2017\/07\/Cine-aliatar-P\u00e9rez-Z\u00fa\u00f1iga-225x300.jpg 225w, https:\/\/www.granadablogs.com\/pateandoelmundo\/wp-content\/uploads\/2017\/07\/Cine-aliatar-P\u00e9rez-Z\u00fa\u00f1iga-644x858.jpg 644w, https:\/\/www.granadablogs.com\/pateandoelmundo\/wp-content\/uploads\/2017\/07\/Cine-aliatar-P\u00e9rez-Z\u00fa\u00f1iga.jpg 660w\" sizes=\"auto, (max-width: 225px) 100vw, 225px\" \/><\/a><\/p>\n<p>\u00bfQu\u00e9 pas\u00f3 aquella noche en Almu\u00f1\u00e9car, el d\u00eda que todo lo cambi\u00f3? Partiendo de ese hilo argumental y utilizando los estrenos de pel\u00edculas m\u00edticas en la historia de la cartelera granadina, Jos\u00e9 Mar\u00eda P\u00e9rez Z\u00fa\u00f1iga teje una historia a caballo entre la realidad y la ficci\u00f3n en la que la fabulaci\u00f3n desempe\u00f1a un papel trascendental.<\/p>\n<p>&nbsp;<\/p>\n<p>\u00bfPuede una pel\u00edcula llevarte a tomar algunas de las decisiones m\u00e1s importantes de tu vida? \u00bfQu\u00e9 ocurre cuando cobras conciencia de que una persona de tu entorno m\u00e1s cercano es moralmente id\u00e9ntico al villano de una de tus pel\u00edculas de referencia? \u00bfEs raz\u00f3n suficiente para abandonarle y replantearte toda tu existencia?<\/p>\n<p>&nbsp;<\/p>\n<p>A m\u00ed me pasa como a C\u00e9sar: podr\u00eda escribir mi biograf\u00eda a partir del impacto que me han ido provocando ciertas pel\u00edculas. De estreno o vistas en casa. Sobre todo, en la \u00e9poca del v\u00eddeo y las cintas de 180 minutos.<\/p>\n<figure id=\"attachment_22791\" aria-describedby=\"caption-attachment-22791\" style=\"width: 300px\" class=\"wp-caption aligncenter\"><a href=\"http:\/\/www.granadablogs.com\/pateandoelmundo\/cine-aliatar\/cine-aliatar-victor-tristante\/\" rel=\"attachment wp-att-22791\"><img loading=\"lazy\" decoding=\"async\" class=\"size-medium wp-image-22791\" src=\"http:\/\/www.granadablogs.com\/pateandoelmundo\/wp-content\/uploads\/2017\/07\/Cine-Aliatar-V\u00edctor-Tristante-300x185.jpg\" alt=\"\" width=\"300\" height=\"185\" srcset=\"https:\/\/www.granadablogs.com\/pateandoelmundo\/wp-content\/uploads\/2017\/07\/Cine-Aliatar-V\u00edctor-Tristante-300x185.jpg 300w, https:\/\/www.granadablogs.com\/pateandoelmundo\/wp-content\/uploads\/2017\/07\/Cine-Aliatar-V\u00edctor-Tristante-768x474.jpg 768w, https:\/\/www.granadablogs.com\/pateandoelmundo\/wp-content\/uploads\/2017\/07\/Cine-Aliatar-V\u00edctor-Tristante-644x397.jpg 644w, https:\/\/www.granadablogs.com\/pateandoelmundo\/wp-content\/uploads\/2017\/07\/Cine-Aliatar-V\u00edctor-Tristante.jpg 1600w\" sizes=\"auto, (max-width: 300px) 100vw, 300px\" \/><\/a><figcaption id=\"caption-attachment-22791\" class=\"wp-caption-text\">V\u00edctor Tristante<\/figcaption><\/figure>\n<p>Busquen \u201cCine Aliatar\u201d en su librer\u00eda. Y alucinen con la foto de la portada, de Joaqu\u00edn Puga. En la memoria sentimental de todos ustedes, si tienen treinta o m\u00e1s a\u00f1os, ha de haber un cine Aliatar. Lean la novela. Y d\u00e9jense conducir por Luc\u00eda y C\u00e9sar a su pasado. Al de ellos y, por extensi\u00f3n, al suyo propio. Porque esta novela contiene un billete de ida y vuelta a sus propios recuerdos.<\/p>\n<p>&nbsp;<\/p>\n<p>Jes\u00fas Lens<\/p>\n<p><a href=\"https:\/\/twitter.com\/Jesus_Lens\" target=\"_blank\" rel=\"attachment wp-att-22754 noopener noreferrer\"><img loading=\"lazy\" decoding=\"async\" class=\"size-full wp-image-22754 alignleft\" src=\"http:\/\/www.granadablogs.com\/pateandoelmundo\/wp-content\/uploads\/2017\/07\/1-Twitter-Lens.jpg\" alt=\"\" width=\"196\" height=\"47\" \/><\/a><\/p>\n","protected":false},"excerpt":{"rendered":"<p>Mis amigos saben que, cuando en la conversaci\u00f3n sale a relucir el \u201c\u00bfTe acuerdas de\u2026?\u201d, la cosa empieza a ir mal. Porque a la segunda o tercera rememoranza de los supuestos buenos viejos tiempos, me asalta un terrible dolor de cabeza que me obliga a pedir la cuenta de las cervezas tomadas hasta el momento [&hellip;]<\/p>\n","protected":false},"author":1,"featured_media":0,"comment_status":"open","ping_status":"open","sticky":false,"template":"","format":"standard","meta":{"jetpack_post_was_ever_published":false,"_jetpack_newsletter_access":"","_jetpack_dont_email_post_to_subs":true,"_jetpack_newsletter_tier_id":0,"_jetpack_memberships_contains_paywalled_content":false,"_jetpack_memberships_contains_paid_content":false,"footnotes":""},"categories":[6],"tags":[14825,14827,14826,14828],"class_list":["post-22788","post","type-post","status-publish","format-standard","hentry","category-opinion","tag-cine-aliatar","tag-jose-maria-perez-zuniga","tag-novela-cine-aliatar","tag-novela-perez-zuniga"],"jetpack_featured_media_url":"","jetpack_sharing_enabled":true,"_links":{"self":[{"href":"https:\/\/www.granadablogs.com\/pateandoelmundo\/wp-json\/wp\/v2\/posts\/22788","targetHints":{"allow":["GET"]}}],"collection":[{"href":"https:\/\/www.granadablogs.com\/pateandoelmundo\/wp-json\/wp\/v2\/posts"}],"about":[{"href":"https:\/\/www.granadablogs.com\/pateandoelmundo\/wp-json\/wp\/v2\/types\/post"}],"author":[{"embeddable":true,"href":"https:\/\/www.granadablogs.com\/pateandoelmundo\/wp-json\/wp\/v2\/users\/1"}],"replies":[{"embeddable":true,"href":"https:\/\/www.granadablogs.com\/pateandoelmundo\/wp-json\/wp\/v2\/comments?post=22788"}],"version-history":[{"count":2,"href":"https:\/\/www.granadablogs.com\/pateandoelmundo\/wp-json\/wp\/v2\/posts\/22788\/revisions"}],"predecessor-version":[{"id":22793,"href":"https:\/\/www.granadablogs.com\/pateandoelmundo\/wp-json\/wp\/v2\/posts\/22788\/revisions\/22793"}],"wp:attachment":[{"href":"https:\/\/www.granadablogs.com\/pateandoelmundo\/wp-json\/wp\/v2\/media?parent=22788"}],"wp:term":[{"taxonomy":"category","embeddable":true,"href":"https:\/\/www.granadablogs.com\/pateandoelmundo\/wp-json\/wp\/v2\/categories?post=22788"},{"taxonomy":"post_tag","embeddable":true,"href":"https:\/\/www.granadablogs.com\/pateandoelmundo\/wp-json\/wp\/v2\/tags?post=22788"}],"curies":[{"name":"wp","href":"https:\/\/api.w.org\/{rel}","templated":true}]}}