{"id":22778,"date":"2017-07-12T09:51:36","date_gmt":"2017-07-12T08:51:36","guid":{"rendered":"http:\/\/www.granadablogs.com\/pateandoelmundo\/?p=22778"},"modified":"2017-07-12T09:51:37","modified_gmt":"2017-07-12T08:51:37","slug":"matar-en-los-festivales","status":"publish","type":"post","link":"https:\/\/www.granadablogs.com\/pateandoelmundo\/matar-en-los-festivales\/","title":{"rendered":"Matar en los Festivales"},"content":{"rendered":"<p>Hubo un tiempo en que hab\u00eda escritores adscritos al Noir que hubieran matado por participar en determinados festivales literarios dedicados al g\u00e9nero negro y criminal. De un tiempo a esta parte, sin embargo, hay tantos festivales que Nieves Abarca ha preferido matar a los escritores que participan en los mismos. Literariamente hablando, por supuesto.<\/p>\n<p><a href=\"http:\/\/www.granadablogs.com\/pateandoelmundo\/matar-en-los-festivales\/el-rincon-oscuro-matar-en-los-festivales\/\" rel=\"attachment wp-att-22779\"><img loading=\"lazy\" decoding=\"async\" class=\"aligncenter size-medium wp-image-22779\" src=\"http:\/\/www.granadablogs.com\/pateandoelmundo\/wp-content\/uploads\/2017\/07\/El-Rinc\u00f3n-Oscuro-Matar-en-los-Festivales-300x197.jpg\" alt=\"\" width=\"300\" height=\"197\" srcset=\"https:\/\/www.granadablogs.com\/pateandoelmundo\/wp-content\/uploads\/2017\/07\/El-Rinc\u00f3n-Oscuro-Matar-en-los-Festivales-300x197.jpg 300w, https:\/\/www.granadablogs.com\/pateandoelmundo\/wp-content\/uploads\/2017\/07\/El-Rinc\u00f3n-Oscuro-Matar-en-los-Festivales-768x504.jpg 768w, https:\/\/www.granadablogs.com\/pateandoelmundo\/wp-content\/uploads\/2017\/07\/El-Rinc\u00f3n-Oscuro-Matar-en-los-Festivales-644x423.jpg 644w, https:\/\/www.granadablogs.com\/pateandoelmundo\/wp-content\/uploads\/2017\/07\/El-Rinc\u00f3n-Oscuro-Matar-en-los-Festivales.jpg 960w\" sizes=\"auto, (max-width: 300px) 100vw, 300px\" \/><\/a><\/p>\n<p>Le pregunto a Nieves por el asunto y me responde lo siguiente: \u201cLa idea principal era someter a los escritores a las mismas <em>torturas<\/em> a las que ellos someten a los personajes. C\u00f3mo reaccionar\u00edan los escritores ante la realidad de lo que ellos escriben. Qu\u00e9 ocurrir\u00eda si, en unas jornadas negras, los escritores pasaran por lo mismo que escriben. Y de paso denunciar a los plagiadores y a los farsantes, que hay mucho de eso\u201d. \u00a1Ah\u00ed queda eso!<\/p>\n<p>&nbsp;<\/p>\n<p>Su novela \u201cLos muertos viajan deprisa\u201d (Ediciones B), escrita a cuatro manos junto a Vicente Garrido, comienza con la violaci\u00f3n y asesinato de Cecilia Jardiel, joven escritora que viaja en el conocido como Tren Negro camino de Gij\u00f3n, donde precisamente estos d\u00edas se celebra la trig\u00e9sima edici\u00f3n de la m\u00edtica e imprescindible Semana Negra.<\/p>\n<p><a href=\"http:\/\/www.granadablogs.com\/pateandoelmundo\/matar-en-los-festivales\/matar-en-los-festivales-los-muertos-viajan-deprisa\/\" rel=\"attachment wp-att-22780\"><img loading=\"lazy\" decoding=\"async\" class=\"aligncenter size-medium wp-image-22780\" src=\"http:\/\/www.granadablogs.com\/pateandoelmundo\/wp-content\/uploads\/2017\/07\/Matar-en-los-Festivales-los-muertos-viajan-deprisa-195x300.jpg\" alt=\"\" width=\"195\" height=\"300\" srcset=\"https:\/\/www.granadablogs.com\/pateandoelmundo\/wp-content\/uploads\/2017\/07\/Matar-en-los-Festivales-los-muertos-viajan-deprisa-195x300.jpg 195w, https:\/\/www.granadablogs.com\/pateandoelmundo\/wp-content\/uploads\/2017\/07\/Matar-en-los-Festivales-los-muertos-viajan-deprisa-768x1180.jpg 768w, https:\/\/www.granadablogs.com\/pateandoelmundo\/wp-content\/uploads\/2017\/07\/Matar-en-los-Festivales-los-muertos-viajan-deprisa-644x990.jpg 644w, https:\/\/www.granadablogs.com\/pateandoelmundo\/wp-content\/uploads\/2017\/07\/Matar-en-los-Festivales-los-muertos-viajan-deprisa.jpg 781w\" sizes=\"auto, (max-width: 195px) 100vw, 195px\" \/><\/a><\/p>\n<p>Meses despu\u00e9s, justo antes de la inauguraci\u00f3n de la primera edici\u00f3n de A Coru\u00f1a Negra, otro conocido escritor noir es asesinado en su habitaci\u00f3n del hotel coru\u00f1\u00e9s que acoge a la flor y nata de las letras polic\u00edacas espa\u00f1olas. En este caso, el sadismo empleado roza lo inconcebible, dado que el asesino utiliza un antiguo objeto empleado por la Inquisici\u00f3n en sus interrogatorios.<\/p>\n<p>&nbsp;<\/p>\n<p>La inspectora Valentina Negro y el crimin\u00f3logo Javier Sanju\u00e1n ser\u00e1n los encargados de investigar el caso, hilo narrativo principal de una novela con muchas ramificaciones y que conecta con los grandes thrillers internacionales sobre asesinos en serie y desequilibrados mentales aquejados de grav\u00edsimas patolog\u00edas, un tema poco tratado en la literatura espa\u00f1ola contempor\u00e1nea.<\/p>\n<p>&nbsp;<\/p>\n<p>Poco tratado con solvencia y profesionalidad, quiero decir. Que asesinos en serie de ficci\u00f3n hay muchos, pero cre\u00edbles y documentados, bien trazados y mejor desarrollados; apenas existen.<\/p>\n<p>&nbsp;<\/p>\n<p>Y es que Nieves Abarca y Vicente Garrido tienen el suficiente bagaje cultural y formativo, adem\u00e1s de experiencia laboral y vital, como para no tomar el nombre del serial killer en vano. Que, como en el caso de la obra de Bernard Minier, sus asesinos seriales son tan terriblemente cre\u00edbles que, cuando est\u00e1s leyendo sus novelas, sospechas que cualquier persona de tu entorno -sobre todo las m\u00e1s simp\u00e1ticas, hacendosas y agradables- pueden ser unos despiadados carniceros.<\/p>\n<p><a href=\"http:\/\/www.granadablogs.com\/pateandoelmundo\/matar-en-los-festivales\/matar-en-los-festivales-nieves-abarca-vicente-garrido\/\" rel=\"attachment wp-att-22781\"><img loading=\"lazy\" decoding=\"async\" class=\"aligncenter size-full wp-image-22781\" src=\"http:\/\/www.granadablogs.com\/pateandoelmundo\/wp-content\/uploads\/2017\/07\/Matar-en-los-Festivales-Nieves-Abarca-Vicente-Garrido.jpg\" alt=\"\" width=\"289\" height=\"174\" \/><\/a><\/p>\n<p>Pero hoy quiero destacar las dosis de humor y vitriolo que el t\u00e1ndem Abarca-Garrido imprime a \u201cLos muertos viajan deprisa\u201d, ri\u00e9ndose a mand\u00edbula batiente del postureo que existe en la feria de las vanidades literarias de este pa\u00eds, haciendo coincidir en A Coru\u00f1a Noir a escritores, editores, lectores, mecenas, empresarios, libreros, periodistas y blogueros; un c\u00f3ctel potencialmente m\u00e1s letal y da\u00f1ino de una bomba de Goma 2.<\/p>\n<p>&nbsp;<\/p>\n<p>\u00bfQuieren ustedes saber qu\u00e9 se mueve entre bambalinas, en determinados festivales literarios? Lean \u201cLos muertos siempre viajan deprisa\u201d y, cuando en un programa vean cenas de gala, anuncios de grandes premios, lujo, fastos y oropeles\u2026 \u00a1desconf\u00eden! Que los buenos festivales son abiertos, populares y maridan con buena cerveza fr\u00eda. Y si es una Cerveza Alhambra Especial, una Alhambra Roja o una Milnoh, ni les cuento.<\/p>\n<p>&nbsp;<\/p>\n<p>Leyendo esta novela me acord\u00e9 de t\u00edtulos m\u00edticos de Manuel V\u00e1zquez Montalb\u00e1n como \u201cAsesinato en Prado del Rey y otras historias s\u00f3rdidas\u201d o \u201cEl premio\u201d, de la que el propio autor dijo que es \u201cuna s\u00e1tira del mundo literario, yo incluido\u201d. Efectivamente, como MVM no tuvo empacho en reconocer, \u201cse trataba de dar una mirada al entorno de los premios literarios, a esos otros h\u00e9roes contempor\u00e1neos que son los financieros, que encuentran en el premio una coartada para limpiar su imagen\u201d. Teniendo en cuenta que se public\u00f3 en 1996, no parece que las cosas hayan cambiado tanto, \u00bfverdad?<\/p>\n<p><a href=\"http:\/\/www.granadablogs.com\/pateandoelmundo\/matar-en-los-festivales\/matar-en-los-festivales-el-premio\/\" rel=\"attachment wp-att-22782\"><img loading=\"lazy\" decoding=\"async\" class=\"aligncenter size-medium wp-image-22782\" src=\"http:\/\/www.granadablogs.com\/pateandoelmundo\/wp-content\/uploads\/2017\/07\/Matar-en-los-Festivales-El-Premio-188x300.jpg\" alt=\"\" width=\"188\" height=\"300\" srcset=\"https:\/\/www.granadablogs.com\/pateandoelmundo\/wp-content\/uploads\/2017\/07\/Matar-en-los-Festivales-El-Premio-188x300.jpg 188w, https:\/\/www.granadablogs.com\/pateandoelmundo\/wp-content\/uploads\/2017\/07\/Matar-en-los-Festivales-El-Premio.jpg 550w\" sizes=\"auto, (max-width: 188px) 100vw, 188px\" \/><\/a><\/p>\n<p>En ocasiones, V\u00e1zquez Montalb\u00e1n utilizaba a Carvalho para cobrarse \u00edntimas venganzas por afrentas recibidas, por ejemplo, con la penosa adaptaci\u00f3n a la televisi\u00f3n de sus novelas. As\u00ed naci\u00f3 \u201cAsesinato en Prado del Rey y otras historias s\u00f3rdidas\u201d, que el autor presentaba haciendo esta preclara declaraci\u00f3n de intenciones: \u201cCualquier parecido entre los personajes de esta novela corta y personajes de la realidad es responsabilidad de la intenci\u00f3n del lector. A m\u00ed que me registren, aunque cuando se escribe en clave de divertimento la parodia lleve inevitablemente a una cierta impresi\u00f3n de caricatura de rostros y esp\u00edritus realmente existentes\u201d. \u00bfQueda o no queda claro?<\/p>\n<p><a href=\"http:\/\/www.granadablogs.com\/pateandoelmundo\/matar-en-los-festivales\/matar-en-los-festivales-manuel-vazquez-montalban\/\" rel=\"attachment wp-att-22783\"><img loading=\"lazy\" decoding=\"async\" class=\"aligncenter size-medium wp-image-22783\" src=\"http:\/\/www.granadablogs.com\/pateandoelmundo\/wp-content\/uploads\/2017\/07\/Matar-en-los-Festivales-Manuel-V\u00e1zquez-Montalb\u00e1n-181x300.jpg\" alt=\"\" width=\"181\" height=\"300\" srcset=\"https:\/\/www.granadablogs.com\/pateandoelmundo\/wp-content\/uploads\/2017\/07\/Matar-en-los-Festivales-Manuel-V\u00e1zquez-Montalb\u00e1n-181x300.jpg 181w, https:\/\/www.granadablogs.com\/pateandoelmundo\/wp-content\/uploads\/2017\/07\/Matar-en-los-Festivales-Manuel-V\u00e1zquez-Montalb\u00e1n-768x1270.jpg 768w, https:\/\/www.granadablogs.com\/pateandoelmundo\/wp-content\/uploads\/2017\/07\/Matar-en-los-Festivales-Manuel-V\u00e1zquez-Montalb\u00e1n-644x1065.jpg 644w, https:\/\/www.granadablogs.com\/pateandoelmundo\/wp-content\/uploads\/2017\/07\/Matar-en-los-Festivales-Manuel-V\u00e1zquez-Montalb\u00e1n.jpg 944w\" sizes=\"auto, (max-width: 181px) 100vw, 181px\" \/><\/a><\/p>\n<p>Pero volvamos a Gij\u00f3n y a su imprescindible Semana Negra, que hoy est\u00e1 justo en su ecuador. Recordemos que, en 2007, uno de los grandes maestros del g\u00e9nero negro patrio, Andreu Mart\u00edn, publicaba \u201cEl blues de la semana m\u00e1s negra\u201d en Edeb\u00e9, dentro de la colecci\u00f3n \u201cAsesinatos en clave de jazz\u201d, un fascinante maridaje literario musical en el que el libro iba acompa\u00f1ado del disco de Dani Nel.lo, un excepcional saxofonista muy vinculado a los ambientes negro-literarios de Barcelona.<\/p>\n<p><a href=\"http:\/\/www.granadablogs.com\/pateandoelmundo\/matar-en-los-festivales\/matar-en-los-festivales-andreu-martin\/\" rel=\"attachment wp-att-22784\"><img loading=\"lazy\" decoding=\"async\" class=\"aligncenter size-medium wp-image-22784\" src=\"http:\/\/www.granadablogs.com\/pateandoelmundo\/wp-content\/uploads\/2017\/07\/Matar-en-los-Festivales-Andreu-Mart\u00edn-300x199.jpg\" alt=\"\" width=\"300\" height=\"199\" srcset=\"https:\/\/www.granadablogs.com\/pateandoelmundo\/wp-content\/uploads\/2017\/07\/Matar-en-los-Festivales-Andreu-Mart\u00edn-300x199.jpg 300w, https:\/\/www.granadablogs.com\/pateandoelmundo\/wp-content\/uploads\/2017\/07\/Matar-en-los-Festivales-Andreu-Mart\u00edn.jpg 640w\" sizes=\"auto, (max-width: 300px) 100vw, 300px\" \/><\/a><\/p>\n<p>La novela de Mart\u00edn es un homenaje a una de las citas literarias capitales del calendario cultural espa\u00f1ol, con la participaci\u00f3n de personajes como Paco Ignacio Taibo II, creador de Semana Negra y director de las misma hasta hace pocos a\u00f1os, o de Paco Camarasa, el famoso librero de la Barceloneta que ha sido, adem\u00e1s, comisario de BCNegra, otra de las citas imprescindibles del noir en Espa\u00f1a. Tambi\u00e9n aparecen Alejandro Gallo, escritor y jefe de la polic\u00eda local de Gij\u00f3n y mi querida Cristina Mac\u00eda, una de las grandes activistas culturales de este pa\u00eds.<\/p>\n<p><a href=\"http:\/\/www.granadablogs.com\/pateandoelmundo\/matar-en-los-festivales\/matar-en-los-festivales-cristina-macia\/\" rel=\"attachment wp-att-22785\"><img loading=\"lazy\" decoding=\"async\" class=\"aligncenter size-medium wp-image-22785\" src=\"http:\/\/www.granadablogs.com\/pateandoelmundo\/wp-content\/uploads\/2017\/07\/Matar-en-los-Festivales-Cristina-Mac\u00eda-300x180.jpg\" alt=\"\" width=\"300\" height=\"180\" srcset=\"https:\/\/www.granadablogs.com\/pateandoelmundo\/wp-content\/uploads\/2017\/07\/Matar-en-los-Festivales-Cristina-Mac\u00eda-300x180.jpg 300w, https:\/\/www.granadablogs.com\/pateandoelmundo\/wp-content\/uploads\/2017\/07\/Matar-en-los-Festivales-Cristina-Mac\u00eda.jpg 474w\" sizes=\"auto, (max-width: 300px) 100vw, 300px\" \/><\/a><\/p>\n<p>Si no pueden ir a Semana Negra estos d\u00edas, maten el gusanillo leyendo novelas que transcurren en ambientes literarios. Y, a primeros de octubre, vengan a Granada Noir, a comprobar en primera persona qu\u00e9 hay de cierto en lo que cuentan autores imprescindibles del g\u00e9nero como Mart\u00edn, Abarca o Garrido.<\/p>\n<p>&nbsp;<\/p>\n<p>Jes\u00fas Lens<\/p>\n<p><a href=\"https:\/\/twitter.com\/Jesus_Lens\" target=\"_blank\" rel=\"attachment wp-att-22754 noopener noreferrer\"><img loading=\"lazy\" decoding=\"async\" class=\"size-full wp-image-22754 alignleft\" src=\"http:\/\/www.granadablogs.com\/pateandoelmundo\/wp-content\/uploads\/2017\/07\/1-Twitter-Lens.jpg\" alt=\"\" width=\"196\" height=\"47\" \/><\/a><\/p>\n","protected":false},"excerpt":{"rendered":"<p>Hubo un tiempo en que hab\u00eda escritores adscritos al Noir que hubieran matado por participar en determinados festivales literarios dedicados al g\u00e9nero negro y criminal. De un tiempo a esta parte, sin embargo, hay tantos festivales que Nieves Abarca ha preferido matar a los escritores que participan en los mismos. Literariamente hablando, por supuesto. Le [&hellip;]<\/p>\n","protected":false},"author":1,"featured_media":0,"comment_status":"open","ping_status":"open","sticky":false,"template":"","format":"standard","meta":{"jetpack_post_was_ever_published":false,"_jetpack_newsletter_access":"","_jetpack_dont_email_post_to_subs":true,"_jetpack_newsletter_tier_id":0,"_jetpack_memberships_contains_paywalled_content":false,"_jetpack_memberships_contains_paid_content":false,"footnotes":""},"categories":[21,11774],"tags":[3265,13982,2374,2960,14822,14824,14823,11145,13413,13817,14820,14817,14818,14819,28,14821],"class_list":["post-22778","post","type-post","status-publish","format-standard","hentry","category-negra-y-criminal","category-rincon-oscuro","tag-andreu-martin","tag-bernard-minier","tag-cervezas-alhambra","tag-cristina-macia","tag-el-blues-de-la-semana-mas-negra","tag-el-premio-manuel-vazquez-montalban","tag-festivales-noir-espana","tag-granada-noir-2","tag-granada-noir-3","tag-grn3","tag-los-muertos-viajan-deprisa","tag-matar-en-los-festivales","tag-matar-en-los-festivales-noir","tag-nieves-abarca","tag-semana-negra","tag-vicente-garrido"],"jetpack_featured_media_url":"","jetpack_sharing_enabled":true,"_links":{"self":[{"href":"https:\/\/www.granadablogs.com\/pateandoelmundo\/wp-json\/wp\/v2\/posts\/22778","targetHints":{"allow":["GET"]}}],"collection":[{"href":"https:\/\/www.granadablogs.com\/pateandoelmundo\/wp-json\/wp\/v2\/posts"}],"about":[{"href":"https:\/\/www.granadablogs.com\/pateandoelmundo\/wp-json\/wp\/v2\/types\/post"}],"author":[{"embeddable":true,"href":"https:\/\/www.granadablogs.com\/pateandoelmundo\/wp-json\/wp\/v2\/users\/1"}],"replies":[{"embeddable":true,"href":"https:\/\/www.granadablogs.com\/pateandoelmundo\/wp-json\/wp\/v2\/comments?post=22778"}],"version-history":[{"count":2,"href":"https:\/\/www.granadablogs.com\/pateandoelmundo\/wp-json\/wp\/v2\/posts\/22778\/revisions"}],"predecessor-version":[{"id":22787,"href":"https:\/\/www.granadablogs.com\/pateandoelmundo\/wp-json\/wp\/v2\/posts\/22778\/revisions\/22787"}],"wp:attachment":[{"href":"https:\/\/www.granadablogs.com\/pateandoelmundo\/wp-json\/wp\/v2\/media?parent=22778"}],"wp:term":[{"taxonomy":"category","embeddable":true,"href":"https:\/\/www.granadablogs.com\/pateandoelmundo\/wp-json\/wp\/v2\/categories?post=22778"},{"taxonomy":"post_tag","embeddable":true,"href":"https:\/\/www.granadablogs.com\/pateandoelmundo\/wp-json\/wp\/v2\/tags?post=22778"}],"curies":[{"name":"wp","href":"https:\/\/api.w.org\/{rel}","templated":true}]}}