{"id":22557,"date":"2017-06-12T10:28:20","date_gmt":"2017-06-12T09:28:20","guid":{"rendered":"http:\/\/www.granadablogs.com\/pateandoelmundo\/?p=22557"},"modified":"2017-06-12T10:28:41","modified_gmt":"2017-06-12T09:28:41","slug":"320-kilos-donados","status":"publish","type":"post","link":"https:\/\/www.granadablogs.com\/pateandoelmundo\/320-kilos-donados\/","title":{"rendered":"320 kilos donados"},"content":{"rendered":"<p>Efectivamente, quien hace la donaci\u00f3n es la Fundaci\u00f3n Amancio Ortega y, con ello, cumple con una serie de requisitos econ\u00f3micos imprescindibles para redondear la complej\u00edsima actividad fiscal del grupo Inditex.<\/p>\n<p><a href=\"http:\/\/www.granadablogs.com\/pateandoelmundo\/320-kilos-donados\/fundacion-amancio-ortega\/\" rel=\"attachment wp-att-22558\"><img loading=\"lazy\" decoding=\"async\" class=\"aligncenter size-full wp-image-22558\" src=\"http:\/\/www.granadablogs.com\/pateandoelmundo\/wp-content\/uploads\/2017\/06\/Fundaci\u00f3n-Amancio-Ortega.png\" alt=\"\" width=\"298\" height=\"82\" \/><\/a><\/p>\n<p>La pregunta es: \u00bfY? \u00bfQu\u00e9 tiene de malo? De ello hablo hoy en IDEAL.<\/p>\n<p>&nbsp;<\/p>\n<p>A decir de los cr\u00edticos de uno de los hombres m\u00e1s ricos del mundo, Inditex deber\u00eda tributar en Espa\u00f1a y no acogerse a las posibilidades que permite la ingenier\u00eda financiera internacional. Adem\u00e1s, no deber\u00eda beneficiarse de las condiciones m\u00e1s laxas que, en materia laboral, existen en muchos de los pa\u00edses en los que fabrica el gigante textil.<\/p>\n<p>&nbsp;<\/p>\n<p>Las dos cr\u00edticas, que no carecen de raz\u00f3n, apelan a un mundo ideal en el que la sanidad espa\u00f1ola deber\u00eda ser capaz de responder a todas las demandas de los pacientes, sin que fuera necesaria una donaci\u00f3n particular de 320 millones de euros. \u00a1Ojal\u00e1 fuera as\u00ed! Pero no lo es.<\/p>\n<p><a href=\"http:\/\/www.granadablogs.com\/pateandoelmundo\/320-kilos-donados\/cancer-maquinaria\/\" rel=\"attachment wp-att-22559\"><img loading=\"lazy\" decoding=\"async\" class=\"aligncenter size-medium wp-image-22559\" src=\"http:\/\/www.granadablogs.com\/pateandoelmundo\/wp-content\/uploads\/2017\/06\/C\u00e1ncer-maquinaria-300x214.jpg\" alt=\"\" width=\"300\" height=\"214\" srcset=\"https:\/\/www.granadablogs.com\/pateandoelmundo\/wp-content\/uploads\/2017\/06\/C\u00e1ncer-maquinaria-300x214.jpg 300w, https:\/\/www.granadablogs.com\/pateandoelmundo\/wp-content\/uploads\/2017\/06\/C\u00e1ncer-maquinaria.jpg 410w\" sizes=\"auto, (max-width: 300px) 100vw, 300px\" \/><\/a><\/p>\n<p>Quiere la casualidad que coincida esta tormenta con la sentencia del Tribunal Constitucional, tumbando la amnist\u00eda fiscal de Montoro. Perm\u00edtanme ser c\u00ednico e imaginemos que Inditex tributara en Espa\u00f1a sin acogerse a ninguno de los beneficios que usen sus asesores fiscales: dados los alt\u00edsimos niveles de corrupci\u00f3n de este pa\u00eds, las derramas y las menguas presupuestarias, los contratos opacos, el amiguismo\u2026 \u00bfno creen ustedes que, a los hospitales, llegar\u00eda bastante menos dinero por v\u00eda impositiva que gracias a la donaci\u00f3n directa realizada por la Fundaci\u00f3n Amancio Ortega?<\/p>\n<p>&nbsp;<\/p>\n<p>Insisto: en un mundo ideal, nada de eso ocurrir\u00eda. Pero ocurre. Y, a la vista est\u00e1 que la sociedad espa\u00f1ola es complaciente y tolerante con la corrupci\u00f3n, sin que sea necesario dar ejemplos, \u00bfverdad?<\/p>\n<p>&nbsp;<\/p>\n<p>Y luego est\u00e1 lo de fabricar en pa\u00edses del tercer mundo para abaratar costes. \u00a1Ojal\u00e1 fu\u00e9ramos tan puntillosos con este tema, todos y cada uno de nosotros, en nuestra vida diaria! En el pa\u00eds l\u00edder mundial en pirater\u00eda y en el que proliferan como setas esos comercios que no respetan ning\u00fan horario comercial, que venden Todo a 1 euro y dispensan alcohol a los menores de edad, le exigimos a las grandes empresas lo que no nos exigimos ni a nosotros mismos.<\/p>\n<p><a href=\"http:\/\/www.granadablogs.com\/pateandoelmundo\/320-kilos-donados\/inditex\/\" rel=\"attachment wp-att-22560\"><img loading=\"lazy\" decoding=\"async\" class=\"aligncenter size-medium wp-image-22560\" src=\"http:\/\/www.granadablogs.com\/pateandoelmundo\/wp-content\/uploads\/2017\/06\/Inditex-300x127.png\" alt=\"\" width=\"300\" height=\"127\" srcset=\"https:\/\/www.granadablogs.com\/pateandoelmundo\/wp-content\/uploads\/2017\/06\/Inditex-300x127.png 300w, https:\/\/www.granadablogs.com\/pateandoelmundo\/wp-content\/uploads\/2017\/06\/Inditex.png 616w\" sizes=\"auto, (max-width: 300px) 100vw, 300px\" \/><\/a><\/p>\n<p>Eso s\u00ed: luego, a hacer colas interminables en las tiendas que venden productos textiles de \u00ednfima calidad a precios de risa. Estamos tan llenos de contradicciones que llega a irritarnos que una Fundaci\u00f3n done 320 millones de euros a la sanidad p\u00fablica.<\/p>\n<p>&nbsp;<\/p>\n<p>Jes\u00fas Lens<\/p>\n<p><a href=\"https:\/\/twitter.com\/Jesus_Lens\" target=\"_blank\" rel=\"attachment wp-att-22458 noopener noreferrer\"><img loading=\"lazy\" decoding=\"async\" class=\"size-full wp-image-22458 alignleft\" src=\"http:\/\/www.granadablogs.com\/pateandoelmundo\/wp-content\/uploads\/2017\/05\/1-Twitter-Lens.jpg\" alt=\"\" width=\"196\" height=\"47\" \/><\/a><\/p>\n","protected":false},"excerpt":{"rendered":"<p>Efectivamente, quien hace la donaci\u00f3n es la Fundaci\u00f3n Amancio Ortega y, con ello, cumple con una serie de requisitos econ\u00f3micos imprescindibles para redondear la complej\u00edsima actividad fiscal del grupo Inditex. La pregunta es: \u00bfY? \u00bfQu\u00e9 tiene de malo? De ello hablo hoy en IDEAL. &nbsp; A decir de los cr\u00edticos de uno de los hombres [&hellip;]<\/p>\n","protected":false},"author":1,"featured_media":0,"comment_status":"open","ping_status":"open","sticky":false,"template":"","format":"standard","meta":{"jetpack_post_was_ever_published":false,"_jetpack_newsletter_access":"","_jetpack_dont_email_post_to_subs":true,"_jetpack_newsletter_tier_id":0,"_jetpack_memberships_contains_paywalled_content":false,"_jetpack_memberships_contains_paid_content":false,"footnotes":""},"categories":[6],"tags":[14044,14672,14673,14671,14674],"class_list":["post-22557","post","type-post","status-publish","format-standard","hentry","category-opinion","tag-corrupcion-espana","tag-donacion-320-millones","tag-donaciones-amancio-ortega","tag-fundacion-amancio-ortega","tag-hipocresia"],"jetpack_featured_media_url":"","jetpack_sharing_enabled":true,"_links":{"self":[{"href":"https:\/\/www.granadablogs.com\/pateandoelmundo\/wp-json\/wp\/v2\/posts\/22557","targetHints":{"allow":["GET"]}}],"collection":[{"href":"https:\/\/www.granadablogs.com\/pateandoelmundo\/wp-json\/wp\/v2\/posts"}],"about":[{"href":"https:\/\/www.granadablogs.com\/pateandoelmundo\/wp-json\/wp\/v2\/types\/post"}],"author":[{"embeddable":true,"href":"https:\/\/www.granadablogs.com\/pateandoelmundo\/wp-json\/wp\/v2\/users\/1"}],"replies":[{"embeddable":true,"href":"https:\/\/www.granadablogs.com\/pateandoelmundo\/wp-json\/wp\/v2\/comments?post=22557"}],"version-history":[{"count":3,"href":"https:\/\/www.granadablogs.com\/pateandoelmundo\/wp-json\/wp\/v2\/posts\/22557\/revisions"}],"predecessor-version":[{"id":22563,"href":"https:\/\/www.granadablogs.com\/pateandoelmundo\/wp-json\/wp\/v2\/posts\/22557\/revisions\/22563"}],"wp:attachment":[{"href":"https:\/\/www.granadablogs.com\/pateandoelmundo\/wp-json\/wp\/v2\/media?parent=22557"}],"wp:term":[{"taxonomy":"category","embeddable":true,"href":"https:\/\/www.granadablogs.com\/pateandoelmundo\/wp-json\/wp\/v2\/categories?post=22557"},{"taxonomy":"post_tag","embeddable":true,"href":"https:\/\/www.granadablogs.com\/pateandoelmundo\/wp-json\/wp\/v2\/tags?post=22557"}],"curies":[{"name":"wp","href":"https:\/\/api.w.org\/{rel}","templated":true}]}}