{"id":22144,"date":"2017-04-26T08:52:16","date_gmt":"2017-04-26T07:52:16","guid":{"rendered":"http:\/\/www.granadablogs.com\/pateandoelmundo\/?p=22144"},"modified":"2017-04-26T11:04:50","modified_gmt":"2017-04-26T10:04:50","slug":"feria-del-libro-en-clave-noir","status":"publish","type":"post","link":"https:\/\/www.granadablogs.com\/pateandoelmundo\/feria-del-libro-en-clave-noir\/","title":{"rendered":"Feria del Libro en clave Noir"},"content":{"rendered":"<p>Me preguntaban de la Feria del libro de Granada, que alcanza ahora su ecuador, por una recomendaci\u00f3n literaria para estos d\u00edas. Eleg\u00ed \u201cPiel de topo\u201d, la novela m\u00e1s reciente de Jon Arretxe, publicada por la editorial Erein. Y daba mis razones: se trata de una novela negra que aborda el g\u00e9nero tal y como yo lo entiendo, iluminando los rincones oscuros de nuestra sociedad, sacando a relucir sus contradicciones y mostrando las grietas que la amenazan: racismo, corrupci\u00f3n, gentrificaci\u00f3n, precariedad\u2026 Y es que Toure es mucho Toure, como ya comentamos <a href=\"http:\/\/www.granadablogs.com\/pateandoelmundo\/toure-un-heroe-imprescindible-del-noir\/\" target=\"_blank\" rel=\"noopener noreferrer\">aqu\u00ed<\/a>, en esta misma secci\u00f3n.<\/p>\n<p><a href=\"http:\/\/www.granadablogs.com\/pateandoelmundo\/feria-del-libro-en-clave-noir\/la-feria-del-libro-noir\/\" rel=\"attachment wp-att-22145\"><img loading=\"lazy\" decoding=\"async\" class=\"aligncenter size-medium wp-image-22145\" src=\"http:\/\/www.granadablogs.com\/pateandoelmundo\/wp-content\/uploads\/2017\/04\/La-Feria-del-Libro-Noir-249x300.jpg\" alt=\"\" width=\"249\" height=\"300\" srcset=\"https:\/\/www.granadablogs.com\/pateandoelmundo\/wp-content\/uploads\/2017\/04\/La-Feria-del-Libro-Noir-249x300.jpg 249w, https:\/\/www.granadablogs.com\/pateandoelmundo\/wp-content\/uploads\/2017\/04\/La-Feria-del-Libro-Noir.jpg 570w\" sizes=\"auto, (max-width: 249px) 100vw, 249px\" \/><\/a><\/p>\n<p>Paseando estos d\u00edas por las casetas de la feria, he visto muchas novelas de autores adscritos al Noir que no suelen decepcionar y que, por tanto, les aconsejo que compren\u2026 y lean.<\/p>\n<p><a href=\"http:\/\/www.granadablogs.com\/pateandoelmundo\/feria-del-libro-en-clave-noir\/feria-del-libro-granada-piel-de-topo\/\" rel=\"attachment wp-att-22146\"><img loading=\"lazy\" decoding=\"async\" class=\"aligncenter size-medium wp-image-22146\" src=\"http:\/\/www.granadablogs.com\/pateandoelmundo\/wp-content\/uploads\/2017\/04\/Feria-del-Libro-Granada-Piel-de-Topo-300x157.jpg\" alt=\"\" width=\"300\" height=\"157\" srcset=\"https:\/\/www.granadablogs.com\/pateandoelmundo\/wp-content\/uploads\/2017\/04\/Feria-del-Libro-Granada-Piel-de-Topo-300x157.jpg 300w, https:\/\/www.granadablogs.com\/pateandoelmundo\/wp-content\/uploads\/2017\/04\/Feria-del-Libro-Granada-Piel-de-Topo.jpg 642w\" sizes=\"auto, (max-width: 300px) 100vw, 300px\" \/><\/a><\/p>\n<p>Empecemos por uno de los grandes baluartes del g\u00e9nero, el griego Petros Markaris, figura de talla internacional que acaba de publicar \u201cOffshore\u201d, en Tusquets, protagonizada por uno de nuestros personajes favoritos: el comisario Kostas Jaritos, enfrentado a un caso de corrupci\u00f3n y blanqueo de capitales. \u00bfVen lo que les dec\u00eda? \u00bfEs posible un g\u00e9nero narrativo m\u00e1s apegado a lo que pasa en la calle\u2026 y en los despachos del poder?<\/p>\n<p>&nbsp;<\/p>\n<p>Lean, lean a Markaris para saber qu\u00e9 es esto de la Crisis, qu\u00e9 la provoc\u00f3, que efectos y consecuencias ha tenido\u2026 y si podemos darla por enterrada. <a href=\"http:\/\/www.granadablogs.com\/pateandoelmundo\/pan-educacion-y-libertad\/\" target=\"_blank\" rel=\"noopener noreferrer\">Aqu\u00ed<\/a> escribimos de \u00e9l, por ejemplo.<\/p>\n<p><a href=\"http:\/\/www.granadablogs.com\/pateandoelmundo\/feria-del-libro-en-clave-noir\/feria-del-libro-granada-offshore\/\" rel=\"attachment wp-att-22147\"><img loading=\"lazy\" decoding=\"async\" class=\"aligncenter size-medium wp-image-22147\" src=\"http:\/\/www.granadablogs.com\/pateandoelmundo\/wp-content\/uploads\/2017\/04\/Feria-del-Libro-Granada-Offshore-197x300.jpg\" alt=\"\" width=\"197\" height=\"300\" srcset=\"https:\/\/www.granadablogs.com\/pateandoelmundo\/wp-content\/uploads\/2017\/04\/Feria-del-Libro-Granada-Offshore-197x300.jpg 197w, https:\/\/www.granadablogs.com\/pateandoelmundo\/wp-content\/uploads\/2017\/04\/Feria-del-Libro-Granada-Offshore-768x1167.jpg 768w, https:\/\/www.granadablogs.com\/pateandoelmundo\/wp-content\/uploads\/2017\/04\/Feria-del-Libro-Granada-Offshore-644x979.jpg 644w, https:\/\/www.granadablogs.com\/pateandoelmundo\/wp-content\/uploads\/2017\/04\/Feria-del-Libro-Granada-Offshore.jpg 2000w\" sizes=\"auto, (max-width: 197px) 100vw, 197px\" \/><\/a><\/p>\n<p>Otro grande de las letras negras internacionales, el galo Pierre Lemaitre, vuelve a las librer\u00edas con \u201cRecursos inhumanos\u201d, en Alfaguara. Si el t\u00edtulo ya es suficientemente expresivo, atentos a la pregunta que nos plantea la novela: \u00bfPuede el paro convertirnos en una bomba de relojer\u00eda? Y, de inmediato, la respuesta: \u201cCon humor, crudeza y un realismo brutal, Lemaitre explora el lado m\u00e1s inmoral del mundo empresarial y los efectos perversos que el desempleo puede llegar a tener en cualquiera de nosotros\u201d.<\/p>\n<p><a href=\"http:\/\/www.granadablogs.com\/pateandoelmundo\/feria-del-libro-en-clave-noir\/feria-del-libro-granada-recursos-inhumanos\/\" rel=\"attachment wp-att-22148\"><img loading=\"lazy\" decoding=\"async\" class=\"aligncenter size-medium wp-image-22148\" src=\"http:\/\/www.granadablogs.com\/pateandoelmundo\/wp-content\/uploads\/2017\/04\/Feria-del-Libro-Granada-Recursos-inhumanos-188x300.jpg\" alt=\"\" width=\"188\" height=\"300\" srcset=\"https:\/\/www.granadablogs.com\/pateandoelmundo\/wp-content\/uploads\/2017\/04\/Feria-del-Libro-Granada-Recursos-inhumanos-188x300.jpg 188w, https:\/\/www.granadablogs.com\/pateandoelmundo\/wp-content\/uploads\/2017\/04\/Feria-del-Libro-Granada-Recursos-inhumanos.jpg 480w\" sizes=\"auto, (max-width: 188px) 100vw, 188px\" \/><\/a><\/p>\n<p>Reconozco que mi relaci\u00f3n \u2013lectora- con Lemaitre no es sencilla. En ocasiones lo he amado hasta el paroxismo y, a veces, he sentido unas irrefrenables ganas de romper con \u00e9l, romper las p\u00e1ginas de sus libros y hasta de romperle\u2026 bueno. Dej\u00e9moslo ah\u00ed. Lo que est\u00e1 claro es que el ganador del premio Gongourt de 2013 no deja indiferente a nadie y que esta \u201cRecursos inhumanos\u201d promete emociones fuertes. (<a href=\"http:\/\/www.granadablogs.com\/pateandoelmundo\/vestido-de-novia\/\" target=\"_blank\" rel=\"noopener noreferrer\">Aqu\u00ed<\/a>, argumentos a favor y no tan a favor de Lemaitre)<\/p>\n<p>&nbsp;<\/p>\n<p>Pero volvamos al Noir patrio, al m\u00e1s cercano y de andar por casa. Empezando por ese \u201cCine Aliatar\u201d publicado por la granadina editorial Valpara\u00edso y que Jos\u00e9 Mar\u00eda P\u00e9rez Z\u00fa\u00f1iga present\u00f3 hace unos d\u00edas, en loor de multitudes. Yo ya lo tengo. Y estoy loco por hincarle el diente. Que el protagonista es un enfermo de cine cuya vida tiene varios misterios por desentra\u00f1ar.<\/p>\n<p><a href=\"http:\/\/www.granadablogs.com\/pateandoelmundo\/feria-del-libro-en-clave-noir\/feria-del-libro-granada-cine-aliatar\/\" rel=\"attachment wp-att-22149\"><img loading=\"lazy\" decoding=\"async\" class=\"aligncenter size-medium wp-image-22149\" src=\"http:\/\/www.granadablogs.com\/pateandoelmundo\/wp-content\/uploads\/2017\/04\/Feria-del-Libro-Granada-Cine-Aliatar-218x300.jpg\" alt=\"\" width=\"218\" height=\"300\" srcset=\"https:\/\/www.granadablogs.com\/pateandoelmundo\/wp-content\/uploads\/2017\/04\/Feria-del-Libro-Granada-Cine-Aliatar-218x300.jpg 218w, https:\/\/www.granadablogs.com\/pateandoelmundo\/wp-content\/uploads\/2017\/04\/Feria-del-Libro-Granada-Cine-Aliatar-644x886.jpg 644w, https:\/\/www.granadablogs.com\/pateandoelmundo\/wp-content\/uploads\/2017\/04\/Feria-del-Libro-Granada-Cine-Aliatar.jpg 727w\" sizes=\"auto, (max-width: 218px) 100vw, 218px\" \/><\/a><\/p>\n<p>No tardar\u00e9 en contarles qu\u00e9 tal. Y si todav\u00eda no la he emprendido con ella es porque estoy en mitad de \u201cMientras mueres\u201d, un thriller de Javier Hern\u00e1ndez-Vel\u00e1zquez, publicado por Alrev\u00e9s, cuya trama trascurre entre varias ciudades alemanas: Berl\u00edn, Colonia, M\u00f6nchengladbach\u2026 y Santa Cruz de Tenerife. Y es que, en el futuro dist\u00f3pico planteado por el autor, las Islas Canarias pertenecen a Marruecos, pero siguen acogiendo a una nutrida colonia alemana\u2026 (<a href=\"http:\/\/www.granadablogs.com\/pateandoelmundo\/tag\/javier-hernandez-velazquez\/\" target=\"_blank\" rel=\"noopener noreferrer\">Aqu\u00ed<\/a>, m\u00e1s sobre Javier)<\/p>\n<p><a href=\"http:\/\/www.granadablogs.com\/pateandoelmundo\/feria-del-libro-en-clave-noir\/feria-del-libro-granada-mientras-mueres\/\" rel=\"attachment wp-att-22150\"><img loading=\"lazy\" decoding=\"async\" class=\"aligncenter size-medium wp-image-22150\" src=\"http:\/\/www.granadablogs.com\/pateandoelmundo\/wp-content\/uploads\/2017\/04\/Feria-del-Libro-Granada-Mientras-mueres-195x300.jpg\" alt=\"\" width=\"195\" height=\"300\" srcset=\"https:\/\/www.granadablogs.com\/pateandoelmundo\/wp-content\/uploads\/2017\/04\/Feria-del-Libro-Granada-Mientras-mueres-195x300.jpg 195w, https:\/\/www.granadablogs.com\/pateandoelmundo\/wp-content\/uploads\/2017\/04\/Feria-del-Libro-Granada-Mientras-mueres-768x1179.jpg 768w, https:\/\/www.granadablogs.com\/pateandoelmundo\/wp-content\/uploads\/2017\/04\/Feria-del-Libro-Granada-Mientras-mueres-644x989.jpg 644w, https:\/\/www.granadablogs.com\/pateandoelmundo\/wp-content\/uploads\/2017\/04\/Feria-del-Libro-Granada-Mientras-mueres.jpg 1770w\" sizes=\"auto, (max-width: 195px) 100vw, 195px\" \/><\/a><\/p>\n<p>Tambi\u00e9n me he hecho con todos los tebeos de Antonio Altarriba, desde \u201cYo asesino\u201d a \u201cEl perd\u00f3n y la furia\u201d, una recreaci\u00f3n de la figura de Ribera encargada por el mism\u00edsimo Museo del Prado; pasando por sus dos obras biogr\u00e1ficas, publicadas por Norma: \u201cEl arte de volar\u201d y \u201cEl ala rota\u201d, de la mano del gran dibujante Kim. Y, hablando de c\u00f3mic, el jueves a las 20 horas se presenta en la Feria del libro una novela gr\u00e1fica con trazas de apasionante: \u201cCamus. Entre justicia y madre\u201d, de Jos\u00e9 Lenzini y Laurent Gnoni, igualmente publicado por Norma. De la mano de la Fundaci\u00f3n Tres Culturas y de la Alianza Francesa de Granada, es una de las citas obligatorias para estos d\u00edas. <a href=\"http:\/\/www.alianzafrancesagranada.org\/actividades-culturales\/337-homenaje_albert_camus.html\" target=\"_blank\" rel=\"noopener noreferrer\">Aqu\u00ed<\/a>, toda la informaci\u00f3n.<\/p>\n<p><a href=\"http:\/\/www.granadablogs.com\/pateandoelmundo\/feria-del-libro-en-clave-noir\/albert-camus-feria-libro-granada\/\" rel=\"attachment wp-att-22151\"><img loading=\"lazy\" decoding=\"async\" class=\"aligncenter size-medium wp-image-22151\" src=\"http:\/\/www.granadablogs.com\/pateandoelmundo\/wp-content\/uploads\/2017\/04\/Albert-Camus-Feria-Libro-Granada-300x300.jpg\" alt=\"\" width=\"300\" height=\"300\" srcset=\"https:\/\/www.granadablogs.com\/pateandoelmundo\/wp-content\/uploads\/2017\/04\/Albert-Camus-Feria-Libro-Granada-300x300.jpg 300w, https:\/\/www.granadablogs.com\/pateandoelmundo\/wp-content\/uploads\/2017\/04\/Albert-Camus-Feria-Libro-Granada-150x150.jpg 150w, https:\/\/www.granadablogs.com\/pateandoelmundo\/wp-content\/uploads\/2017\/04\/Albert-Camus-Feria-Libro-Granada-768x768.jpg 768w, https:\/\/www.granadablogs.com\/pateandoelmundo\/wp-content\/uploads\/2017\/04\/Albert-Camus-Feria-Libro-Granada-644x644.jpg 644w, https:\/\/www.granadablogs.com\/pateandoelmundo\/wp-content\/uploads\/2017\/04\/Albert-Camus-Feria-Libro-Granada.jpg 838w\" sizes=\"auto, (max-width: 300px) 100vw, 300px\" \/><\/a><\/p>\n<p>Adem\u00e1s de todo ello, estoy encantado de que una nueva, joven y din\u00e1mica editorial haya abierto sus puertas en Granada: se llama Artificios, su responsable es la incansable Ana Morilla y, entre sus primeros t\u00edtulos, \u201cLa tercera planta\u201d, \u00f3pera prima de la joven escritora Patricia Moreno, una mezcla entre g\u00e9nero negro y novela de amores, sexo, celos y venganza que podr\u00edamos denominar como Romantic Noir, en la l\u00ednea de la obra m\u00e1s reciente de la periodista Marta Robles: \u201cA menos de cinco cent\u00edmetros\u201d.<\/p>\n<p><a href=\"http:\/\/www.granadablogs.com\/pateandoelmundo\/feria-del-libro-en-clave-noir\/feria-del-libro-granada-patricia-moreno\/\" rel=\"attachment wp-att-22152\"><img loading=\"lazy\" decoding=\"async\" class=\"aligncenter size-medium wp-image-22152\" src=\"http:\/\/www.granadablogs.com\/pateandoelmundo\/wp-content\/uploads\/2017\/04\/Feria-del-Libro-Granada-Patricia-Moreno-201x300.jpg\" alt=\"\" width=\"201\" height=\"300\" srcset=\"https:\/\/www.granadablogs.com\/pateandoelmundo\/wp-content\/uploads\/2017\/04\/Feria-del-Libro-Granada-Patricia-Moreno-201x300.jpg 201w, https:\/\/www.granadablogs.com\/pateandoelmundo\/wp-content\/uploads\/2017\/04\/Feria-del-Libro-Granada-Patricia-Moreno-768x1146.jpg 768w, https:\/\/www.granadablogs.com\/pateandoelmundo\/wp-content\/uploads\/2017\/04\/Feria-del-Libro-Granada-Patricia-Moreno-644x961.jpg 644w, https:\/\/www.granadablogs.com\/pateandoelmundo\/wp-content\/uploads\/2017\/04\/Feria-del-Libro-Granada-Patricia-Moreno.jpg 1072w\" sizes=\"auto, (max-width: 201px) 100vw, 201px\" \/><\/a><\/p>\n<p>Si es usted, amable lector, seguidor habitual de esta secci\u00f3n, a buen seguro que ya se habr\u00e1 hecho con las novelas de Francisco G\u00f3mez Escribano y Pere Cervantes,<a href=\"http:\/\/www.granadablogs.com\/pateandoelmundo\/el-quinqui-noir\/\" target=\"_blank\" rel=\"noopener noreferrer\"> \u201cManguis\u201d<\/a> (Erein) y <a href=\"http:\/\/www.granadablogs.com\/pateandoelmundo\/tag\/pere-cervantes\/\" target=\"_blank\" rel=\"noopener noreferrer\">\u201cTres minutos de color\u201d<\/a> (Alrev\u00e9s), de las que hemos hablado con anterioridad, mucho y bien. Y con <a href=\"http:\/\/www.granadablogs.com\/pateandoelmundo\/tag\/los-angeles-de-hielo\/\" target=\"_blank\" rel=\"noopener noreferrer\">\u201cLos \u00e1ngeles de hielo\u201d<\/a> de Toni Hill, publicada en Grijalbo, o con las novelas de <a href=\"http:\/\/www.granadablogs.com\/pateandoelmundo\/tag\/empar-fernandez\/\" target=\"_blank\" rel=\"noopener noreferrer\">Empar Fern\u00e1ndez<\/a> y <a href=\"http:\/\/www.granadablogs.com\/pateandoelmundo\/la-lluvia-en-la-mazomorra\/\" target=\"_blank\" rel=\"noopener noreferrer\">Juan Ram\u00f3n Biedma<\/a>, publicadas por Off Vers\u00e1til. Como tampoco habr\u00e1n dejado pasar las novelas de Carlos Bassas del Rey, que la \u00faltima, <a href=\"http:\/\/www.granadablogs.com\/pateandoelmundo\/mal-trago\/\" target=\"_blank\" rel=\"noopener noreferrer\">\u201cMal trago\u201d<\/a>, enlaza con lo que escrib\u00eda al comienzo de estas l\u00edneas.<\/p>\n<p><a href=\"http:\/\/www.granadablogs.com\/pateandoelmundo\/feria-del-libro-en-clave-noir\/mal-trago-2\/\" rel=\"attachment wp-att-22153\"><img loading=\"lazy\" decoding=\"async\" class=\"aligncenter size-medium wp-image-22153\" src=\"http:\/\/www.granadablogs.com\/pateandoelmundo\/wp-content\/uploads\/2017\/04\/mal-trago-196x300.jpg\" alt=\"\" width=\"196\" height=\"300\" srcset=\"https:\/\/www.granadablogs.com\/pateandoelmundo\/wp-content\/uploads\/2017\/04\/mal-trago-196x300.jpg 196w, https:\/\/www.granadablogs.com\/pateandoelmundo\/wp-content\/uploads\/2017\/04\/mal-trago.jpg 626w\" sizes=\"auto, (max-width: 196px) 100vw, 196px\" \/><\/a><\/p>\n<p>S\u00ed. Es complicado estar al d\u00eda de todo lo que se publica en el universo del Noir. F\u00edjense la cantidad de nombres que hemos deslizado en estas l\u00edneas. \u00a1Y no hemos hecho referencia a ning\u00fan autor americano, ni del norte, ni del centro ni del sur! Por no citar, no hemos citado ni a un solo n\u00f3rdico\u2026<\/p>\n<p>&nbsp;<\/p>\n<p>Y es que universo literario negro y criminal es tan amplio, variado, vasto y polif\u00f3nico que\u2026 \u00a1no se termina nunca! Afortunadamente\u2026<\/p>\n<p><a href=\"http:\/\/www.granadablogs.com\/pateandoelmundo\/feria-del-libro-en-clave-noir\/feria-del-libro-granada-el-perdon-y-la-furia\/\" rel=\"attachment wp-att-22154\"><img loading=\"lazy\" decoding=\"async\" class=\"aligncenter size-full wp-image-22154\" src=\"http:\/\/www.granadablogs.com\/pateandoelmundo\/wp-content\/uploads\/2017\/04\/Feria-del-Libro-Granada-El-Perd\u00f3n-y-la-Furia.jpg\" alt=\"\" width=\"187\" height=\"269\" \/><\/a><\/p>\n<p>Por cierto: \u00bfsaben ustedes qu\u00e9 maestro hist\u00f3rico del g\u00e9nero negro espa\u00f1ol y muy, muy cercano a nosotros; est\u00e1 a punto de publicar nueva novela? Pues permanezcan atentos a estas p\u00e1ginas. La respuesta, muy pronto.<\/p>\n<p>&nbsp;<\/p>\n<p>Jes\u00fas Lens<\/p>\n<p><a href=\"https:\/\/twitter.com\/Jesus_Lens\" target=\"_blank\" rel=\"attachment wp-att-21978 noopener noreferrer\"><img loading=\"lazy\" decoding=\"async\" class=\"size-full wp-image-21978 alignleft\" src=\"http:\/\/www.granadablogs.com\/pateandoelmundo\/wp-content\/uploads\/2017\/04\/1-Twitter-Lens.jpg\" alt=\"\" width=\"196\" height=\"47\" \/><\/a><\/p>\n","protected":false},"excerpt":{"rendered":"<p>Me preguntaban de la Feria del libro de Granada, que alcanza ahora su ecuador, por una recomendaci\u00f3n literaria para estos d\u00edas. Eleg\u00ed \u201cPiel de topo\u201d, la novela m\u00e1s reciente de Jon Arretxe, publicada por la editorial Erein. Y daba mis razones: se trata de una novela negra que aborda el g\u00e9nero tal y como yo [&hellip;]<\/p>\n","protected":false},"author":1,"featured_media":0,"comment_status":"open","ping_status":"open","sticky":false,"template":"","format":"standard","meta":{"jetpack_post_was_ever_published":false,"_jetpack_newsletter_access":"","_jetpack_dont_email_post_to_subs":true,"_jetpack_newsletter_tier_id":0,"_jetpack_memberships_contains_paywalled_content":false,"_jetpack_memberships_contains_paid_content":false,"footnotes":""},"categories":[11774],"tags":[9360,14403,14401,6504,14400,13676,14402,2881],"class_list":["post-22144","post","type-post","status-publish","format-standard","hentry","category-rincon-oscuro","tag-carlos-bassas-del-rey","tag-cine-aliatar-zuniga","tag-el-perdon-y-la-furia","tag-feria-libro-granada","tag-feria-libro-noir","tag-mal-trago","tag-patricia-moreno","tag-petros-markaris"],"jetpack_featured_media_url":"","jetpack_sharing_enabled":true,"_links":{"self":[{"href":"https:\/\/www.granadablogs.com\/pateandoelmundo\/wp-json\/wp\/v2\/posts\/22144","targetHints":{"allow":["GET"]}}],"collection":[{"href":"https:\/\/www.granadablogs.com\/pateandoelmundo\/wp-json\/wp\/v2\/posts"}],"about":[{"href":"https:\/\/www.granadablogs.com\/pateandoelmundo\/wp-json\/wp\/v2\/types\/post"}],"author":[{"embeddable":true,"href":"https:\/\/www.granadablogs.com\/pateandoelmundo\/wp-json\/wp\/v2\/users\/1"}],"replies":[{"embeddable":true,"href":"https:\/\/www.granadablogs.com\/pateandoelmundo\/wp-json\/wp\/v2\/comments?post=22144"}],"version-history":[{"count":5,"href":"https:\/\/www.granadablogs.com\/pateandoelmundo\/wp-json\/wp\/v2\/posts\/22144\/revisions"}],"predecessor-version":[{"id":22159,"href":"https:\/\/www.granadablogs.com\/pateandoelmundo\/wp-json\/wp\/v2\/posts\/22144\/revisions\/22159"}],"wp:attachment":[{"href":"https:\/\/www.granadablogs.com\/pateandoelmundo\/wp-json\/wp\/v2\/media?parent=22144"}],"wp:term":[{"taxonomy":"category","embeddable":true,"href":"https:\/\/www.granadablogs.com\/pateandoelmundo\/wp-json\/wp\/v2\/categories?post=22144"},{"taxonomy":"post_tag","embeddable":true,"href":"https:\/\/www.granadablogs.com\/pateandoelmundo\/wp-json\/wp\/v2\/tags?post=22144"}],"curies":[{"name":"wp","href":"https:\/\/api.w.org\/{rel}","templated":true}]}}