{"id":22084,"date":"2017-04-19T09:24:37","date_gmt":"2017-04-19T08:24:37","guid":{"rendered":"http:\/\/www.granadablogs.com\/pateandoelmundo\/?p=22084"},"modified":"2017-04-19T13:31:34","modified_gmt":"2017-04-19T12:31:34","slug":"musicanoir","status":"publish","type":"post","link":"https:\/\/www.granadablogs.com\/pateandoelmundo\/musicanoir\/","title":{"rendered":"La m\u00fasica del Noir contempor\u00e1neo"},"content":{"rendered":"<p>Si tuviera usted menos de cinco segundos para se\u00f1alar con qu\u00e9 m\u00fasica se identifica m\u00e1s y mejor el g\u00e9nero negro y criminal, \u00bfqu\u00e9 dir\u00eda? El jazz, posiblemente. Y raz\u00f3n, no le faltar\u00eda. Pero, aunque no tardaremos en dedicar una entrega de El Rinc\u00f3n Oscuro a la influencia del jazz en el g\u00e9nero, hoy les quiero hablar de cinco nombres alternativos que, con su m\u00fasica, est\u00e1n llevando al Noir cinematogr\u00e1fico a otra dimensi\u00f3n.<\/p>\n<p><a href=\"http:\/\/www.granadablogs.com\/pateandoelmundo\/22084-2\/la-musica-del-noir-contemporaneo\/\" rel=\"attachment wp-att-22085\"><img loading=\"lazy\" decoding=\"async\" class=\"aligncenter size-medium wp-image-22085\" src=\"http:\/\/www.granadablogs.com\/pateandoelmundo\/wp-content\/uploads\/2017\/04\/La-m\u00fasica-del-Noir-contempor\u00e1neo-142x300.jpg\" alt=\"\" width=\"142\" height=\"300\" srcset=\"https:\/\/www.granadablogs.com\/pateandoelmundo\/wp-content\/uploads\/2017\/04\/La-m\u00fasica-del-Noir-contempor\u00e1neo-142x300.jpg 142w, https:\/\/www.granadablogs.com\/pateandoelmundo\/wp-content\/uploads\/2017\/04\/La-m\u00fasica-del-Noir-contempor\u00e1neo.jpg 439w\" sizes=\"auto, (max-width: 142px) 100vw, 142px\" \/><\/a><\/p>\n<p>Comencemos por la m\u00e1s reciente, la imprescindible \u201cComancher\u00eda\u201d. Es una de esas pel\u00edculas, extraordinaria, en la que cada pieza del puzle encaja a la perfecci\u00f3n. Por ejemplo \u2013y por supuesto- la banda sonora, compuesta por una de esas personalidades distintas y a contracorriente, diferente, original, \u00fanica y casi siempre magistral: Nick Cave.<\/p>\n<p>&nbsp;<\/p>\n<p><iframe loading=\"lazy\" src=\"https:\/\/www.youtube.com\/embed\/cDoElG-mWxU\" width=\"560\" height=\"315\" frameborder=\"0\" allowfullscreen=\"allowfullscreen\"><\/iframe><\/p>\n<p>Efectivamente, el crooner australiano de la voz rota, el genio de las visiones surrealistas y las im\u00e1genes po\u00e9ticas imposibles, el trovador del lado oscuro; compuso la banda sonora de \u201cComancher\u00eda\u201d junto a Warren Ellis. Y ambas, m\u00fasica y pel\u00edcula, se adaptan, se acoplan y se retroalimentan en perfecta simbiosis, como desierto polvoriento y serpiente ondulante, recio cowboy y espuelas desgastadas o ranchera baqueteada y gasolinera desvencijada.<\/p>\n<p>&nbsp;<\/p>\n<p><iframe loading=\"lazy\" src=\"https:\/\/www.youtube.com\/embed\/sBXAorGyQHE\" width=\"560\" height=\"315\" frameborder=\"0\" allowfullscreen=\"allowfullscreen\"><\/iframe><\/p>\n<p>Para \u201cHell or high water\u201d, que es como se titula originalmente la pel\u00edcula de David Mackenzie, el d\u00fao conformado por Cave &amp; Ellis ha creado una m\u00fasica eleg\u00edaca y nost\u00e1lgica, crepuscular, de mundo que se termina y civilizaci\u00f3n en plena descomposici\u00f3n: muchos graves, mucho bajo, mucho acorde repetido una y otra vez, sin resultar reiterativo.<\/p>\n<p>&nbsp;<\/p>\n<p>Son tiempos prol\u00edficos para un Nick Cave que, tras la tr\u00e1gica muerte de su hijo, adem\u00e1s de este trabajo ha editado nuevo disco con su banda de toda la vida, The Bad Seeds, esas Malas Semillas que germinan entre la muerte y la violencia. Y es que, para los aficionados al Noir, el disco titulado \u201cMurder Ballads\u201d es de escucha obligatoria.<\/p>\n<p><iframe loading=\"lazy\" src=\"https:\/\/www.youtube.com\/embed\/QzmMB8dTwGs\" width=\"560\" height=\"315\" frameborder=\"0\" allowfullscreen=\"allowfullscreen\"><\/iframe><\/p>\n<p>&nbsp;<\/p>\n<p>Y, como compa\u00f1ero de viaje de Cave por la Comancher\u00eda, Warren Ellis, otro m\u00fasico y multiinstrumentista australiano radicalmente fuera de modas o tendencias que lo mismo toca el piano, el viol\u00edn, la mandolina, la guitarra, la flauta o el mism\u00edsimo bouzouki griego. Miembro espor\u00e1dico de The Bad Seeds, ha colaborado con Cave en otras bandas sonoras. Como la igualmente rese\u00f1able y apocal\u00edptica \u201dThe road\u201d, cinta basada en la novela de Cormac McCarthy y que tanto tiene que ver con el universo oscuro y decadente de las carreteras secundarias de la vida, demasiado poco transitadas y cada vez por menos gente.<\/p>\n<p><iframe loading=\"lazy\" src=\"https:\/\/www.youtube.com\/embed\/lDpnjE1LUvE?list=RDQzmMB8dTwGs\" width=\"560\" height=\"315\" frameborder=\"0\" allowfullscreen=\"allowfullscreen\"><\/iframe><\/p>\n<p>&nbsp;<\/p>\n<p>Ahora si bien, si hablamos de tipos con personalidad propia, resulta imprescindible y obligatorio hablar de Trent Reznor, el m\u00edtico l\u00edder de la no menos m\u00edtica banda Nine Inch Nails y que, junto al m\u00fasico, productor e ingeniero Atticus Ross y al cineasta David Fincher, han conformado un creativo y productivo tr\u00edo estable que les ha llevado a colaborar hasta en tres pel\u00edculas: \u201cLos hombres que no amaban a las mujeres\u201d, adaptaci\u00f3n de la famosa novela sueca de Stieg Larson, \u201cLa Red Social\u201d y \u201cPerdida\u201d, ejemplo perfecto del llamado Domestic Noir.<\/p>\n<p><iframe loading=\"lazy\" src=\"https:\/\/www.youtube.com\/embed\/U38JBoY09GI\" width=\"560\" height=\"315\" frameborder=\"0\" allowfullscreen=\"allowfullscreen\"><\/iframe><\/p>\n<p>&nbsp;<\/p>\n<p>La m\u00fasica que firman Reznor &amp; Ross en sus incursiones cinematogr\u00e1ficas es una prolongaci\u00f3n de su estilo tecno, oscuro, ambiental, post industrial y electr\u00f3nico. Un fascinante e hipn\u00f3tico rock alternativo que conduce a la obsesi\u00f3n y a la ansiedad, potenciando la paranoia de los personajes.<\/p>\n<p>&nbsp;<\/p>\n<p>Y es que Reznor, desde que vio \u201cTaxi Driver\u201d y escuch\u00f3 la excepcional banda sonora compuesta por Bernard Herrmann para el film de Scorsese, supo que la m\u00fasica es un elemento esencial para la construcci\u00f3n de la atm\u00f3sfera cinematogr\u00e1fica de una pel\u00edcula. De ah\u00ed que sus composiciones para las cintas de Fincher, tan opresivas y angustiosas, contribuyan en gran medida a mostrar al p\u00fablico la pesadumbre que se cierne sobre los personajes. De hecho, por su trabajo en \u201cLa Red Social\u201d, en la que se cuenta el origen de Facebook, Reznor y Ross ganaron el \u00d3scar a la Mejor Banda Sonora Original.<\/p>\n<p><iframe loading=\"lazy\" src=\"https:\/\/www.youtube.com\/embed\/yydZbVoCbn0\" width=\"560\" height=\"315\" frameborder=\"0\" allowfullscreen=\"allowfullscreen\"><\/iframe><\/p>\n<p>&nbsp;<\/p>\n<p>Es una pena que los pr\u00f3ximos proyectos cinematogr\u00e1ficos de Fincher sean, sobre el papel, tan poco excitantes: remakes de \u201cExtra\u00f1os en un tren\u201d, sobre la novela de Patricia Highsmith que ya fue llevada al cine por Hitchcock, y una continuaci\u00f3n de \u201cWorld War Z\u201d. Menos mal que, con Netflix, s\u00ed est\u00e1 desarrollando proyectos televisivos interesantes, como \u201cMindnunter\u201d, sobre la unidad especial que el FBI cre\u00f3 para combatir a los asesinos en serie. Se estrena en octubre de este a\u00f1o y, por supuesto, estaremos muy atentos a ella.<\/p>\n<p>&nbsp;<\/p>\n<p>Y el quinto elemento de esta hornada de m\u00fasicos que, con su arte y su trabajo, est\u00e1n llevando al Noir a dimensiones s\u00f3nicas desconocidas hasta la fecha, es J\u00f3hann J\u00f3hannsson, nacido en Islandia en 1969. Tras estudiar idiomas y literatura y tocar la guitarra en un grupo <em>indie<\/em>, en 1999 contribuy\u00f3 a poner en marcha el proyecto Kitchen Motors, que es a la vez un grupo de reflexi\u00f3n, una organizaci\u00f3n de arte y un sello discogr\u00e1fico que propicia y fomenta la colaboraci\u00f3n interdisciplinar entre artistas de punk, jazz, m\u00fasica cl\u00e1sica, metal y m\u00fasica electr\u00f3nica.<\/p>\n<p><iframe loading=\"lazy\" src=\"https:\/\/www.youtube.com\/embed\/2zwoHb-QnHs\" width=\"560\" height=\"315\" frameborder=\"0\" allowfullscreen=\"allowfullscreen\"><\/iframe><\/p>\n<p>&nbsp;<\/p>\n<p>Y fue de estas experiencias musicales de las que naci\u00f3 el propio estilo de un J\u00f3hann J\u00f3hannsson que ha hecho pareja creativa con el cineasta Dennis Villeneuve, firmando las bandas sonoras de sus pel\u00edculas m\u00e1s negras y criminales: \u201cPrisioneros\u201d y la excepcional \u201cSicario\u201d, uno de los grandes t\u00edtulos del Noir contempor\u00e1neo cuyo sonido met\u00e1lico y acerado contribuye a crear esa opresiva atm\u00f3sfera, cruel, fr\u00eda y desapasionada, que tanto impone al espectador.<\/p>\n<p><iframe loading=\"lazy\" src=\"https:\/\/www.youtube.com\/embed\/aKoDZq7wdYE\" width=\"560\" height=\"315\" frameborder=\"0\" allowfullscreen=\"allowfullscreen\"><\/iframe><\/p>\n<p>&nbsp;<\/p>\n<p>Un J\u00f3hann J\u00f3hannsson que, en estos momentos, est\u00e1 trabajando en la banda sonora de \u201cBlade Runner 2049\u201d y que, dirigida por Villeneuve, es una de las pel\u00edculas m\u00e1s ansiadas por cientos de miles de espectadores que la esperamos con tantas expectativas\u2026 como temores, miedos y suspicacias.<\/p>\n<p>&nbsp;<\/p>\n<p>Jes\u00fas Lens<\/p>\n<p><a href=\"https:\/\/twitter.com\/Jesus_Lens\" target=\"_blank\" rel=\"attachment wp-att-21978\"><img loading=\"lazy\" decoding=\"async\" class=\"size-full wp-image-21978 alignleft\" src=\"http:\/\/www.granadablogs.com\/pateandoelmundo\/wp-content\/uploads\/2017\/04\/1-Twitter-Lens.jpg\" alt=\"\" width=\"196\" height=\"47\" \/><\/a><\/p>\n","protected":false},"excerpt":{"rendered":"<p>Si tuviera usted menos de cinco segundos para se\u00f1alar con qu\u00e9 m\u00fasica se identifica m\u00e1s y mejor el g\u00e9nero negro y criminal, \u00bfqu\u00e9 dir\u00eda? El jazz, posiblemente. Y raz\u00f3n, no le faltar\u00eda. Pero, aunque no tardaremos en dedicar una entrega de El Rinc\u00f3n Oscuro a la influencia del jazz en el g\u00e9nero, hoy les quiero [&hellip;]<\/p>\n","protected":false},"author":1,"featured_media":0,"comment_status":"open","ping_status":"open","sticky":false,"template":"","format":"standard","meta":{"jetpack_post_was_ever_published":false,"_jetpack_newsletter_access":"","_jetpack_dont_email_post_to_subs":true,"_jetpack_newsletter_tier_id":0,"_jetpack_memberships_contains_paywalled_content":false,"_jetpack_memberships_contains_paid_content":false,"footnotes":""},"categories":[17,21,11774],"tags":[3629,14352,14351,14357,14350,11776,14354,11788,14356,14349,11649,14353,14355],"class_list":["post-22084","post","type-post","status-publish","format-standard","hentry","category-musica","category-negra-y-criminal","category-rincon-oscuro","tag-atticus-ross","tag-bad-seeds","tag-banda-sonora-comancheria","tag-blade-runner-2049-soundtrack","tag-el-noir-musical","tag-el-rincon-oscuro","tag-gone-girl-soundtrack","tag-johann-johannsson","tag-johann-johannsson-blade-runner-2049","tag-musica-genero-nor","tag-nick-cave","tag-trent-reznor-david-fincher","tag-warren-ellis-comancheria"],"jetpack_featured_media_url":"","jetpack_sharing_enabled":true,"_links":{"self":[{"href":"https:\/\/www.granadablogs.com\/pateandoelmundo\/wp-json\/wp\/v2\/posts\/22084","targetHints":{"allow":["GET"]}}],"collection":[{"href":"https:\/\/www.granadablogs.com\/pateandoelmundo\/wp-json\/wp\/v2\/posts"}],"about":[{"href":"https:\/\/www.granadablogs.com\/pateandoelmundo\/wp-json\/wp\/v2\/types\/post"}],"author":[{"embeddable":true,"href":"https:\/\/www.granadablogs.com\/pateandoelmundo\/wp-json\/wp\/v2\/users\/1"}],"replies":[{"embeddable":true,"href":"https:\/\/www.granadablogs.com\/pateandoelmundo\/wp-json\/wp\/v2\/comments?post=22084"}],"version-history":[{"count":6,"href":"https:\/\/www.granadablogs.com\/pateandoelmundo\/wp-json\/wp\/v2\/posts\/22084\/revisions"}],"predecessor-version":[{"id":22091,"href":"https:\/\/www.granadablogs.com\/pateandoelmundo\/wp-json\/wp\/v2\/posts\/22084\/revisions\/22091"}],"wp:attachment":[{"href":"https:\/\/www.granadablogs.com\/pateandoelmundo\/wp-json\/wp\/v2\/media?parent=22084"}],"wp:term":[{"taxonomy":"category","embeddable":true,"href":"https:\/\/www.granadablogs.com\/pateandoelmundo\/wp-json\/wp\/v2\/categories?post=22084"},{"taxonomy":"post_tag","embeddable":true,"href":"https:\/\/www.granadablogs.com\/pateandoelmundo\/wp-json\/wp\/v2\/tags?post=22084"}],"curies":[{"name":"wp","href":"https:\/\/api.w.org\/{rel}","templated":true}]}}