{"id":21837,"date":"2017-03-18T07:26:25","date_gmt":"2017-03-18T06:26:25","guid":{"rendered":"http:\/\/www.granadablogs.com\/pateandoelmundo\/?p=21837"},"modified":"2017-03-17T14:35:23","modified_gmt":"2017-03-17T13:35:23","slug":"realismo-metrico","status":"publish","type":"post","link":"https:\/\/www.granadablogs.com\/pateandoelmundo\/realismo-metrico\/","title":{"rendered":"Realismo m\u00e9trico"},"content":{"rendered":"<p>Me doli\u00f3 escribir <a href=\"http:\/\/www.granadablogs.com\/pateandoelmundo\/por-un-punado-de-centimos\/\" target=\"_blank\">este art\u00edculo sobre el Metro de ayer<\/a>. Juro que, cada vez que alguien ha echado pestes sobre \u00e9l en estos a\u00f1os, yo he pedido un voto de confianza. \u00a0Por eso, hoy vuelvo a hablar de este tema, en IDEAL.<\/p>\n<p><a href=\"http:\/\/www.granadablogs.com\/pateandoelmundo\/?attachment_id=21839\" rel=\"attachment wp-att-21839\"><img loading=\"lazy\" decoding=\"async\" class=\"aligncenter size-medium wp-image-21839\" src=\"http:\/\/www.granadablogs.com\/pateandoelmundo\/wp-content\/uploads\/2017\/03\/metro-plano-300x227.jpg\" alt=\"\" width=\"300\" height=\"227\" srcset=\"https:\/\/www.granadablogs.com\/pateandoelmundo\/wp-content\/uploads\/2017\/03\/metro-plano-300x227.jpg 300w, https:\/\/www.granadablogs.com\/pateandoelmundo\/wp-content\/uploads\/2017\/03\/metro-plano.jpg 445w\" sizes=\"auto, (max-width: 300px) 100vw, 300px\" \/><\/a><\/p>\n<p>Hace unos d\u00edas estuve en M\u00e1laga. Y le pregunt\u00e9 a un taxista por el suyo. Socarronamente, me dec\u00eda que no ha calado entre los malague\u00f1os: \u201cSer\u00e1 casualidad, o mala suerte, pero cada vez que lo veo pasar, va pr\u00e1cticamente vac\u00edo\u201c.<\/p>\n<p>Me fastidi\u00f3 tener que criticar c\u00f3mo se est\u00e1 conduciendo todo lo referente a las tarifas del Metro. Me hubiera encantado escribir que me hace una enorme ilusi\u00f3n contar, por fin, con una nueva infraestructura de transporte interurbano en Granada, poco contaminante y que ayudar\u00e1 a descongestionar el tr\u00e1fico. Pero, por desgracia, la tozuda realidad no invita al optimismo.<\/p>\n<p>&nbsp;<\/p>\n<p>Me jode ser ave de mal ag\u00fcero, oscuro y ceniciento. Pero hay cosas que no se sostienen ni se entienden. \u00bfC\u00f3mo es posible que el Pleno del Ayuntamiento de Granada apruebe la gratuidad del Metro durante los meses de prueba y que, acto seguido, la Junta de Andaluc\u00eda diga que no, que legalmente es imposible? \u00bfNo son conscientes del descr\u00e9dito y la merma de confianza que provocan este tipo de sainetes?<\/p>\n<p><a href=\"http:\/\/www.granadablogs.com\/pateandoelmundo\/por-un-punado-de-centimos\/metro-granada-estacion\/\" rel=\"attachment wp-att-21834\"><img loading=\"lazy\" decoding=\"async\" class=\"aligncenter size-medium wp-image-21834\" src=\"http:\/\/www.granadablogs.com\/pateandoelmundo\/wp-content\/uploads\/2017\/03\/Metro-Granada-Estaci\u00f3n-300x148.jpg\" alt=\"\" width=\"300\" height=\"148\" srcset=\"https:\/\/www.granadablogs.com\/pateandoelmundo\/wp-content\/uploads\/2017\/03\/Metro-Granada-Estaci\u00f3n-300x148.jpg 300w, https:\/\/www.granadablogs.com\/pateandoelmundo\/wp-content\/uploads\/2017\/03\/Metro-Granada-Estaci\u00f3n-644x319.jpg 644w, https:\/\/www.granadablogs.com\/pateandoelmundo\/wp-content\/uploads\/2017\/03\/Metro-Granada-Estaci\u00f3n.jpg 647w\" sizes=\"auto, (max-width: 300px) 100vw, 300px\" \/><\/a><\/p>\n<p>En septiembre de 2015, la delegada de Fomento de la Junta de Andaluc\u00eda dijo que, para no generarles problemas a los granadinos, no habr\u00eda que renovar ni actualizar las tarjetas de transporte. Que los servicios inform\u00e1ticos se hab\u00edan puesto a trabajar para la implantaci\u00f3n de un bono \u00fanico que permitiera viajar en autobuses urbanos, interurbanos y en el Metro, con reducci\u00f3n de precios respecto a los billetes sencillos. Que ese maravilloso bono \u00fanico ser\u00eda el \u00fanico medio de pago aceptado en los tres sistemas de transporte p\u00fablico. \u201cTenemos un a\u00f1o para preparar la estrategia\u201d, remat\u00f3 Mariela Fern\u00e1ndez-Bermejo.<\/p>\n<p><a href=\"http:\/\/www.granadablogs.com\/pateandoelmundo\/?attachment_id=21838\" rel=\"attachment wp-att-21838\"><img loading=\"lazy\" decoding=\"async\" class=\"aligncenter size-medium wp-image-21838\" src=\"http:\/\/www.granadablogs.com\/pateandoelmundo\/wp-content\/uploads\/2017\/03\/Metro-fomento-300x169.jpg\" alt=\"\" width=\"300\" height=\"169\" srcset=\"https:\/\/www.granadablogs.com\/pateandoelmundo\/wp-content\/uploads\/2017\/03\/Metro-fomento-300x169.jpg 300w, https:\/\/www.granadablogs.com\/pateandoelmundo\/wp-content\/uploads\/2017\/03\/Metro-fomento.jpg 575w\" sizes=\"auto, (max-width: 300px) 100vw, 300px\" \/><\/a><\/p>\n<p>\u00bfEn qu\u00e9 ha quedado esa estrategia? \u00bfQu\u00e9 ha fallado? \u00bfLe echar\u00e1n la culpa a los inform\u00e1ticos o, mejor, al chachach\u00e1?<\/p>\n<p>&nbsp;<\/p>\n<p>No es derrotismo. Es realismo. Juro que, en cuanto eche andar, coger\u00e9 el Metro. Pagar\u00e9 el billete \u00fanico, el intermodal, el combinado, el Bonometro, el Bonob\u00fas, la Tarjeta Consorcio y hasta me sacar\u00e9 el Carn\u00e9 de Amigos del Metropolitano, si es necesario. Me har\u00e9 selfis, retransmitir\u00e9 el directo mi primer viaje, cantar\u00e9 durante el trayecto y todo lo que ustedes quieran. \u00bfSer\u00e1 por optimismo?<\/p>\n<p>&nbsp;<\/p>\n<p>Pero, por favor, \u00a1no intenten convencerme de que esto es normal!<\/p>\n<p>&nbsp;<\/p>\n<p>Jes\u00fas Lens<\/p>\n<p><a href=\"https:\/\/twitter.com\/Jesus_Lens\" target=\"_blank\" rel=\"attachment wp-att-21803\"><img loading=\"lazy\" decoding=\"async\" class=\"size-full wp-image-21803 alignleft\" src=\"http:\/\/www.granadablogs.com\/pateandoelmundo\/wp-content\/uploads\/2017\/03\/1-Twitter-Lens.jpg\" alt=\"\" width=\"196\" height=\"47\" \/><\/a><\/p>\n","protected":false},"excerpt":{"rendered":"<p>Me doli\u00f3 escribir este art\u00edculo sobre el Metro de ayer. Juro que, cada vez que alguien ha echado pestes sobre \u00e9l en estos a\u00f1os, yo he pedido un voto de confianza. \u00a0Por eso, hoy vuelvo a hablar de este tema, en IDEAL. Hace unos d\u00edas estuve en M\u00e1laga. Y le pregunt\u00e9 a un taxista por [&hellip;]<\/p>\n","protected":false},"author":1,"featured_media":0,"comment_status":"open","ping_status":"open","sticky":false,"template":"","format":"standard","meta":{"jetpack_post_was_ever_published":false,"_jetpack_newsletter_access":"","_jetpack_dont_email_post_to_subs":false,"_jetpack_newsletter_tier_id":0,"_jetpack_memberships_contains_paywalled_content":false,"_jetpack_memberships_contains_paid_content":false,"footnotes":""},"categories":[6],"tags":[14173,12218,14168,14172],"class_list":["post-21837","post","type-post","status-publish","format-standard","hentry","category-opinion","tag-bono-transportes-granada","tag-metro-granada","tag-precio-billete-metro-granada","tag-sainete-metro-granada"],"jetpack_featured_media_url":"","jetpack_sharing_enabled":true,"_links":{"self":[{"href":"https:\/\/www.granadablogs.com\/pateandoelmundo\/wp-json\/wp\/v2\/posts\/21837","targetHints":{"allow":["GET"]}}],"collection":[{"href":"https:\/\/www.granadablogs.com\/pateandoelmundo\/wp-json\/wp\/v2\/posts"}],"about":[{"href":"https:\/\/www.granadablogs.com\/pateandoelmundo\/wp-json\/wp\/v2\/types\/post"}],"author":[{"embeddable":true,"href":"https:\/\/www.granadablogs.com\/pateandoelmundo\/wp-json\/wp\/v2\/users\/1"}],"replies":[{"embeddable":true,"href":"https:\/\/www.granadablogs.com\/pateandoelmundo\/wp-json\/wp\/v2\/comments?post=21837"}],"version-history":[{"count":1,"href":"https:\/\/www.granadablogs.com\/pateandoelmundo\/wp-json\/wp\/v2\/posts\/21837\/revisions"}],"predecessor-version":[{"id":21840,"href":"https:\/\/www.granadablogs.com\/pateandoelmundo\/wp-json\/wp\/v2\/posts\/21837\/revisions\/21840"}],"wp:attachment":[{"href":"https:\/\/www.granadablogs.com\/pateandoelmundo\/wp-json\/wp\/v2\/media?parent=21837"}],"wp:term":[{"taxonomy":"category","embeddable":true,"href":"https:\/\/www.granadablogs.com\/pateandoelmundo\/wp-json\/wp\/v2\/categories?post=21837"},{"taxonomy":"post_tag","embeddable":true,"href":"https:\/\/www.granadablogs.com\/pateandoelmundo\/wp-json\/wp\/v2\/tags?post=21837"}],"curies":[{"name":"wp","href":"https:\/\/api.w.org\/{rel}","templated":true}]}}