{"id":21820,"date":"2017-03-15T06:47:48","date_gmt":"2017-03-15T05:47:48","guid":{"rendered":"http:\/\/www.granadablogs.com\/pateandoelmundo\/?p=21820"},"modified":"2017-03-15T11:50:51","modified_gmt":"2017-03-15T10:50:51","slug":"pp-amenazas-y-escuchas","status":"publish","type":"post","link":"https:\/\/www.granadablogs.com\/pateandoelmundo\/pp-amenazas-y-escuchas\/","title":{"rendered":"PP: Amenazas y escuchas"},"content":{"rendered":"<p>Estoy leyendo la noticia sobre la propuesta de soterramiento parcial de la entrada del AVE a Granada realizada por el ministerio de Fomento, pero no me siento capacitado para valorarla como positiva, negativa o neutra hasta que los especialistas la estudien con detenimiento y emitan sus juicios y dict\u00e1menes. Y de ello hablo hoy en IDEAL.<\/p>\n<p><a href=\"http:\/\/www.granadablogs.com\/pateandoelmundo\/bien-la-manifestacion-pero\/manifestacion-ave\/\" rel=\"attachment wp-att-21785\"><img loading=\"lazy\" decoding=\"async\" class=\"aligncenter size-medium wp-image-21785\" src=\"http:\/\/www.granadablogs.com\/pateandoelmundo\/wp-content\/uploads\/2017\/03\/Manifestaci\u00f3n-AVE-300x169.jpg\" alt=\"\" width=\"300\" height=\"169\" srcset=\"https:\/\/www.granadablogs.com\/pateandoelmundo\/wp-content\/uploads\/2017\/03\/Manifestaci\u00f3n-AVE-300x169.jpg 300w, https:\/\/www.granadablogs.com\/pateandoelmundo\/wp-content\/uploads\/2017\/03\/Manifestaci\u00f3n-AVE.jpg 573w\" sizes=\"auto, (max-width: 300px) 100vw, 300px\" \/><\/a><\/p>\n<p>Lo del semisoterramiento, as\u00ed escrito, ofrece dudas. Suena a ni chicha ni limon\u00e1, pero puede ser una soluci\u00f3n factible que evite la partici\u00f3n de la Chana sin necesidad de abordar otra interminable obra fara\u00f3nica. Tambi\u00e9n se puede entender como rendici\u00f3n: mientras en otras capitales espa\u00f1olas van a tener lo que quieren, en Granada tendr\u00edamos que conformarnos con el mal menor. Pero, insisto, quiero esperar a escuchar lo que dicen los que saben del tema antes de opinar sobre la cuesti\u00f3n.<\/p>\n<p>&nbsp;<\/p>\n<p>Entre tanto, \u00bfqu\u00e9 tal si hablamos de una ir\u00f3nica y mordaz coincidencia? De cara al pr\u00f3ximo Congreso del PP andaluz, Sebasti\u00e1n P\u00e9rez est\u00e1 trabajando en una ponencia sobre Comunicaci\u00f3n. Mientras, Juan Garc\u00eda Montero denuncia graves amenazas contra su integridad f\u00edsica, proferidas por alguien del propio PP. \u00a1Tremendo, eso de que tenga cuidado cuando circule con su moto por Recogidas, no sea que se le atraviese un coche! \u00bfPodr\u00edamos decir que, en este caso, la comunicaci\u00f3n ha llegado a su destinatario, alta y clara?<\/p>\n<p><a href=\"http:\/\/www.granadablogs.com\/pateandoelmundo\/juan-garcia-montero-el-spin-off\/juan-garcia-montero-totter-hurtado\/\" rel=\"attachment wp-att-21773\"><img loading=\"lazy\" decoding=\"async\" class=\"aligncenter size-medium wp-image-21773\" src=\"http:\/\/www.granadablogs.com\/pateandoelmundo\/wp-content\/uploads\/2017\/03\/Juan-Garc\u00eda-Montero-Totter-hurtado-300x185.jpg\" alt=\"\" width=\"300\" height=\"185\" srcset=\"https:\/\/www.granadablogs.com\/pateandoelmundo\/wp-content\/uploads\/2017\/03\/Juan-Garc\u00eda-Montero-Totter-hurtado-300x185.jpg 300w, https:\/\/www.granadablogs.com\/pateandoelmundo\/wp-content\/uploads\/2017\/03\/Juan-Garc\u00eda-Montero-Totter-hurtado-644x398.jpg 644w, https:\/\/www.granadablogs.com\/pateandoelmundo\/wp-content\/uploads\/2017\/03\/Juan-Garc\u00eda-Montero-Totter-hurtado.jpg 680w\" sizes=\"auto, (max-width: 300px) 100vw, 300px\" \/><\/a><\/p>\n<p>Pero es que, adem\u00e1s, Juan Garc\u00eda Montero se queja de que su partido no le permite dar ruedas de prensa para hablar de temas culturales como, por ejemplo, la suspensi\u00f3n de Retroback. En este caso, podr\u00edamos concluir que la comunicaci\u00f3n no fluye del todo bien\u2026<\/p>\n<p>&nbsp;<\/p>\n<p>Mientras Sebasti\u00e1n propon\u00eda la escucha activa de las bases del PP en redes sociales, al ex-edil de Cultura le susurraban al o\u00eddo amenazas que m\u00e1s bien invitan a una escucha policial, al estilo de \u201cThe Wire\u201d. Pero, por alguna raz\u00f3n que nadie entiende, Juan Garc\u00eda Montero no ha denunciado, coment\u00e1ndoselo a los periodistas como el que cuenta un chascarrillo gracioso o una simp\u00e1tica an\u00e9cdota.<\/p>\n<p><a href=\"http:\/\/www.granadablogs.com\/pateandoelmundo\/pp-amenazas-y-escuchas\/thewire\/\" rel=\"attachment wp-att-21821\"><img loading=\"lazy\" decoding=\"async\" class=\"aligncenter size-medium wp-image-21821\" src=\"http:\/\/www.granadablogs.com\/pateandoelmundo\/wp-content\/uploads\/2017\/03\/thewire-207x300.jpg\" alt=\"\" width=\"207\" height=\"300\" srcset=\"https:\/\/www.granadablogs.com\/pateandoelmundo\/wp-content\/uploads\/2017\/03\/thewire-207x300.jpg 207w, https:\/\/www.granadablogs.com\/pateandoelmundo\/wp-content\/uploads\/2017\/03\/thewire.jpg 400w\" sizes=\"auto, (max-width: 207px) 100vw, 207px\" \/><\/a><\/p>\n<p>Y, de ser cierto ese amenazador mensaje de aliento mafioso, deber\u00eda haberse ido de inmediato a la Comisar\u00eda m\u00e1s cercana, a denunciarlo. \u00bfEn qu\u00e9 lugar dejan este tipo de situaciones y cruces de declaraciones al PP granadino? Que, en este contexto, Sebasti\u00e1n P\u00e9rez destaque la importancia de la comunicaci\u00f3n interna y externa, mostrando proximidad e interactuando con la militancia y la ciudadan\u00eda, suena a broma macabra.<\/p>\n<p>&nbsp;<\/p>\n<p>Jes\u00fas Lens<\/p>\n<p><a href=\"https:\/\/twitter.com\/Jesus_Lens\" target=\"_blank\" rel=\"attachment wp-att-21803\"><img loading=\"lazy\" decoding=\"async\" class=\"size-full wp-image-21803 alignleft\" src=\"http:\/\/www.granadablogs.com\/pateandoelmundo\/wp-content\/uploads\/2017\/03\/1-Twitter-Lens.jpg\" alt=\"\" width=\"196\" height=\"47\" \/><\/a><\/p>\n","protected":false},"excerpt":{"rendered":"<p>Estoy leyendo la noticia sobre la propuesta de soterramiento parcial de la entrada del AVE a Granada realizada por el ministerio de Fomento, pero no me siento capacitado para valorarla como positiva, negativa o neutra hasta que los especialistas la estudien con detenimiento y emitan sus juicios y dict\u00e1menes. Y de ello hablo hoy en [&hellip;]<\/p>\n","protected":false},"author":1,"featured_media":0,"comment_status":"open","ping_status":"open","sticky":false,"template":"","format":"standard","meta":{"jetpack_post_was_ever_published":false,"_jetpack_newsletter_access":"","_jetpack_dont_email_post_to_subs":true,"_jetpack_newsletter_tier_id":0,"_jetpack_memberships_contains_paywalled_content":false,"_jetpack_memberships_contains_paid_content":false,"footnotes":""},"categories":[6],"tags":[14159,14158,1832],"class_list":["post-21820","post","type-post","status-publish","format-standard","hentry","category-opinion","tag-amenazas-juan-garcia-montero","tag-amenazas-pp-granada","tag-pp-granada"],"jetpack_featured_media_url":"","jetpack_sharing_enabled":true,"_links":{"self":[{"href":"https:\/\/www.granadablogs.com\/pateandoelmundo\/wp-json\/wp\/v2\/posts\/21820","targetHints":{"allow":["GET"]}}],"collection":[{"href":"https:\/\/www.granadablogs.com\/pateandoelmundo\/wp-json\/wp\/v2\/posts"}],"about":[{"href":"https:\/\/www.granadablogs.com\/pateandoelmundo\/wp-json\/wp\/v2\/types\/post"}],"author":[{"embeddable":true,"href":"https:\/\/www.granadablogs.com\/pateandoelmundo\/wp-json\/wp\/v2\/users\/1"}],"replies":[{"embeddable":true,"href":"https:\/\/www.granadablogs.com\/pateandoelmundo\/wp-json\/wp\/v2\/comments?post=21820"}],"version-history":[{"count":2,"href":"https:\/\/www.granadablogs.com\/pateandoelmundo\/wp-json\/wp\/v2\/posts\/21820\/revisions"}],"predecessor-version":[{"id":21823,"href":"https:\/\/www.granadablogs.com\/pateandoelmundo\/wp-json\/wp\/v2\/posts\/21820\/revisions\/21823"}],"wp:attachment":[{"href":"https:\/\/www.granadablogs.com\/pateandoelmundo\/wp-json\/wp\/v2\/media?parent=21820"}],"wp:term":[{"taxonomy":"category","embeddable":true,"href":"https:\/\/www.granadablogs.com\/pateandoelmundo\/wp-json\/wp\/v2\/categories?post=21820"},{"taxonomy":"post_tag","embeddable":true,"href":"https:\/\/www.granadablogs.com\/pateandoelmundo\/wp-json\/wp\/v2\/tags?post=21820"}],"curies":[{"name":"wp","href":"https:\/\/api.w.org\/{rel}","templated":true}]}}