{"id":21660,"date":"2017-02-24T12:45:27","date_gmt":"2017-02-24T11:45:27","guid":{"rendered":"http:\/\/www.granadablogs.com\/pateandoelmundo\/?p=21660"},"modified":"2017-02-24T12:45:27","modified_gmt":"2017-02-24T11:45:27","slug":"23-f-barro-y-lodo","status":"publish","type":"post","link":"https:\/\/www.granadablogs.com\/pateandoelmundo\/23-f-barro-y-lodo\/","title":{"rendered":"23-F: barro y lodo"},"content":{"rendered":"<p>Ayer fue 23-F, un d\u00eda presidido por una pertinaz lluvia de barro, f\u00edsica, metaf\u00f3rica y hasta metaf\u00edsica. El d\u00eda amaneci\u00f3 oscuro, con las calles cubiertas por una sucia capa de barro que, esta vez, ca\u00eda del cielo.<\/p>\n<p><a href=\"http:\/\/www.granadablogs.com\/pateandoelmundo\/23-f-barro-y-lodo\/fullsizerender-8\/\" rel=\"attachment wp-att-21661\"><img loading=\"lazy\" decoding=\"async\" class=\"aligncenter size-medium wp-image-21661\" src=\"http:\/\/www.granadablogs.com\/pateandoelmundo\/wp-content\/uploads\/2017\/02\/FullSizeRender-300x144.jpg\" alt=\"\" width=\"300\" height=\"144\" srcset=\"https:\/\/www.granadablogs.com\/pateandoelmundo\/wp-content\/uploads\/2017\/02\/FullSizeRender-300x144.jpg 300w, https:\/\/www.granadablogs.com\/pateandoelmundo\/wp-content\/uploads\/2017\/02\/FullSizeRender-768x369.jpg 768w, https:\/\/www.granadablogs.com\/pateandoelmundo\/wp-content\/uploads\/2017\/02\/FullSizeRender-644x309.jpg 644w, https:\/\/www.granadablogs.com\/pateandoelmundo\/wp-content\/uploads\/2017\/02\/FullSizeRender.jpg 1632w\" sizes=\"auto, (max-width: 300px) 100vw, 300px\" \/><\/a><\/p>\n<p>Travis, el conductor interpretado por Robert de Niro en \u201cTaxi driver\u201d, esperaba una lluvia redentora que limpiara de basura las acercas de una Nueva York violenta y corrupta. Ayer, en Granada, la lluvia lo ensuciaba todo y, como tuvieras la desdicha de siquiera tocar un pasamanos que te ayudara a subir unas escaleras, acababas pringado hasta los ojos.<\/p>\n<p>A la vez, ayer fue un d\u00eda complicado para todo lo relacionado con la administraci\u00f3n de justicia, sucedi\u00e9ndose, pis\u00e1ndose y atropell\u00e1ndose un mont\u00f3n de noticias judiciales que despertaron las iras de cientos de miles de personas.<\/p>\n<p><a href=\"http:\/\/www.granadablogs.com\/pateandoelmundo\/23-f-barro-y-lodo\/lluvia-barro-granada-kmxe-620x349abc\/\" rel=\"attachment wp-att-21662\"><img loading=\"lazy\" decoding=\"async\" class=\"aligncenter size-medium wp-image-21662\" src=\"http:\/\/www.granadablogs.com\/pateandoelmundo\/wp-content\/uploads\/2017\/02\/lluvia-barro-granada-kmXE-620x349@abc-300x169.jpg\" alt=\"\" width=\"300\" height=\"169\" srcset=\"https:\/\/www.granadablogs.com\/pateandoelmundo\/wp-content\/uploads\/2017\/02\/lluvia-barro-granada-kmXE-620x349@abc-300x169.jpg 300w, https:\/\/www.granadablogs.com\/pateandoelmundo\/wp-content\/uploads\/2017\/02\/lluvia-barro-granada-kmXE-620x349@abc.jpg 620w\" sizes=\"auto, (max-width: 300px) 100vw, 300px\" \/><\/a><\/p>\n<p>A primera hora ya se dieron a conocer los cambios en la c\u00fapula varias Fiscal\u00edas, incluyendo la de Murcia, que tanto hab\u00eda hecho por la imputaci\u00f3n del presidente regional por fraude, cohecho y revelaci\u00f3n de informaci\u00f3n. El fiscal cesado aprovech\u00f3 para denunciar amenazas, robos e intimidaciones. Un poco tarde, sin duda, pero son muy graves esas palabras y enormemente preocupantes sus declaraciones de que \u201cla mayor\u00eda de los fiscales anticorrupci\u00f3n del pa\u00eds sienten cierta desprotecci\u00f3n\u201d.<\/p>\n<p>Y luego les toc\u00f3 el turno a Urdangar\u00edn, Torres, Gri\u00f1\u00e1n, Blesa, Rato\u2026 Uno, como buen lector de novela negra, no cree en las casualidades. E iba asistiendo, entre at\u00f3nito y estupefacto, al incesante torrente de pol\u00e9micas decisiones judiciales\u2026 y a su paralelo an\u00e1lisis en las redes sociales, que herv\u00edan de indignaci\u00f3n, con Miguel \u00c1ngel Revilla, el presidente de Cantabria, como portavoz: \u201calguien dijo que la justicia que no entiende el pueblo, no es justicia. Yo esta justicia, no la entiendo\u201d. Y terminaba su alocuci\u00f3n con un admonitorio: \u201cse est\u00e1 jugando con fuego\u201d.<\/p>\n<p><a href=\"http:\/\/www.granadablogs.com\/pateandoelmundo\/23-f-barro-y-lodo\/img_jpi_20170223-195451_imagenes_lv_otras_fuentes_rato_urdangarin_fiscal-kuec-u42255515636syf-992x558lavanguardia-web\/\" rel=\"attachment wp-att-21663\"><img loading=\"lazy\" decoding=\"async\" class=\"aligncenter size-medium wp-image-21663\" src=\"http:\/\/www.granadablogs.com\/pateandoelmundo\/wp-content\/uploads\/2017\/02\/img_jpi_20170223-195451_imagenes_lv_otras_fuentes_rato_urdangarin_fiscal-kUEC-U42255515636SYF-992x558@LaVanguardia-Web-300x169.jpg\" alt=\"\" width=\"300\" height=\"169\" srcset=\"https:\/\/www.granadablogs.com\/pateandoelmundo\/wp-content\/uploads\/2017\/02\/img_jpi_20170223-195451_imagenes_lv_otras_fuentes_rato_urdangarin_fiscal-kUEC-U42255515636SYF-992x558@LaVanguardia-Web-300x169.jpg 300w, https:\/\/www.granadablogs.com\/pateandoelmundo\/wp-content\/uploads\/2017\/02\/img_jpi_20170223-195451_imagenes_lv_otras_fuentes_rato_urdangarin_fiscal-kUEC-U42255515636SYF-992x558@LaVanguardia-Web-768x432.jpg 768w, https:\/\/www.granadablogs.com\/pateandoelmundo\/wp-content\/uploads\/2017\/02\/img_jpi_20170223-195451_imagenes_lv_otras_fuentes_rato_urdangarin_fiscal-kUEC-U42255515636SYF-992x558@LaVanguardia-Web-644x362.jpg 644w, https:\/\/www.granadablogs.com\/pateandoelmundo\/wp-content\/uploads\/2017\/02\/img_jpi_20170223-195451_imagenes_lv_otras_fuentes_rato_urdangarin_fiscal-kUEC-U42255515636SYF-992x558@LaVanguardia-Web.jpg 992w\" sizes=\"auto, (max-width: 300px) 100vw, 300px\" \/><\/a><\/p>\n<p>Tenemos que creer en la presunci\u00f3n de inocencia y no podemos convertir los plat\u00f3s de televisi\u00f3n ni las redes sociales en Tribunales de la Inquisici\u00f3n. En el caso Noos, el d\u00eda de la sentencia, cada espa\u00f1ol parec\u00eda tener la suya. Que, por supuesto, no coincid\u00eda con la de las tres magistradas que dictaron la \u00fanica v\u00e1lida. No soy nadie para valorar dicha sentencia, pero s\u00ed tengo la sensaci\u00f3n de que no se est\u00e1 poniendo el suficiente \u00e9nfasis en la cacareada lucha contra la corrupci\u00f3n ni contra los delitos de cuello blanco.<\/p>\n<p>Jes\u00fas Lens<\/p>\n<p><a href=\"https:\/\/twitter.com\/Jesus_Lens\" target=\"_blank\" rel=\"attachment wp-att-21583\"><img loading=\"lazy\" decoding=\"async\" class=\"size-full wp-image-21583 alignleft\" src=\"http:\/\/www.granadablogs.com\/pateandoelmundo\/wp-content\/uploads\/2017\/02\/1-Twitter-Lens.jpg\" alt=\"\" width=\"196\" height=\"47\" \/><\/a><\/p>\n","protected":false},"excerpt":{"rendered":"<p>Ayer fue 23-F, un d\u00eda presidido por una pertinaz lluvia de barro, f\u00edsica, metaf\u00f3rica y hasta metaf\u00edsica. El d\u00eda amaneci\u00f3 oscuro, con las calles cubiertas por una sucia capa de barro que, esta vez, ca\u00eda del cielo. Travis, el conductor interpretado por Robert de Niro en \u201cTaxi driver\u201d, esperaba una lluvia redentora que limpiara de [&hellip;]<\/p>\n","protected":false},"author":1,"featured_media":0,"comment_status":"open","ping_status":"open","sticky":false,"template":"","format":"standard","meta":{"jetpack_post_was_ever_published":false,"_jetpack_newsletter_access":"","_jetpack_dont_email_post_to_subs":true,"_jetpack_newsletter_tier_id":0,"_jetpack_memberships_contains_paywalled_content":false,"_jetpack_memberships_contains_paid_content":false,"footnotes":""},"categories":[6],"tags":[14044,14045,14042,14043,14046],"class_list":["post-21660","post","type-post","status-publish","format-standard","hentry","category-opinion","tag-corrupcion-espana","tag-fiscales-anticorrupcion-amenazados","tag-lluvia-barro-granada","tag-lodo-espana","tag-miguel-angel-revilla"],"jetpack_featured_media_url":"","jetpack_sharing_enabled":true,"_links":{"self":[{"href":"https:\/\/www.granadablogs.com\/pateandoelmundo\/wp-json\/wp\/v2\/posts\/21660","targetHints":{"allow":["GET"]}}],"collection":[{"href":"https:\/\/www.granadablogs.com\/pateandoelmundo\/wp-json\/wp\/v2\/posts"}],"about":[{"href":"https:\/\/www.granadablogs.com\/pateandoelmundo\/wp-json\/wp\/v2\/types\/post"}],"author":[{"embeddable":true,"href":"https:\/\/www.granadablogs.com\/pateandoelmundo\/wp-json\/wp\/v2\/users\/1"}],"replies":[{"embeddable":true,"href":"https:\/\/www.granadablogs.com\/pateandoelmundo\/wp-json\/wp\/v2\/comments?post=21660"}],"version-history":[{"count":2,"href":"https:\/\/www.granadablogs.com\/pateandoelmundo\/wp-json\/wp\/v2\/posts\/21660\/revisions"}],"predecessor-version":[{"id":21665,"href":"https:\/\/www.granadablogs.com\/pateandoelmundo\/wp-json\/wp\/v2\/posts\/21660\/revisions\/21665"}],"wp:attachment":[{"href":"https:\/\/www.granadablogs.com\/pateandoelmundo\/wp-json\/wp\/v2\/media?parent=21660"}],"wp:term":[{"taxonomy":"category","embeddable":true,"href":"https:\/\/www.granadablogs.com\/pateandoelmundo\/wp-json\/wp\/v2\/categories?post=21660"},{"taxonomy":"post_tag","embeddable":true,"href":"https:\/\/www.granadablogs.com\/pateandoelmundo\/wp-json\/wp\/v2\/tags?post=21660"}],"curies":[{"name":"wp","href":"https:\/\/api.w.org\/{rel}","templated":true}]}}