{"id":21654,"date":"2017-02-23T10:59:12","date_gmt":"2017-02-23T09:59:12","guid":{"rendered":"http:\/\/www.granadablogs.com\/pateandoelmundo\/?p=21654"},"modified":"2017-02-23T10:59:12","modified_gmt":"2017-02-23T09:59:12","slug":"calendaria-lenguaje-y-violencia","status":"publish","type":"post","link":"https:\/\/www.granadablogs.com\/pateandoelmundo\/calendaria-lenguaje-y-violencia\/","title":{"rendered":"Calendaria, lenguaje y violencia"},"content":{"rendered":"<p>\u00a1Qu\u00e9 barbaridad, la que es capaz de liar un sencillo calendario! O la calendaria, mejor dicho, tal y como claman decenas de personas que han puesto el grito en el cielo por la idea de la Universidad de Granada de hacer un almanaque en el que le cambian el g\u00e9nero a algunos meses del a\u00f1o. Y de ello hablo hoy en IDEAL.<\/p>\n<p><a href=\"http:\/\/www.granadablogs.com\/pateandoelmundo\/calendaria-lenguaje-y-violencia\/calendaria\/\" rel=\"attachment wp-att-21655\"><img loading=\"lazy\" decoding=\"async\" class=\"aligncenter size-medium wp-image-21655\" src=\"http:\/\/www.granadablogs.com\/pateandoelmundo\/wp-content\/uploads\/2017\/02\/calendaria-300x157.png\" alt=\"\" width=\"300\" height=\"157\" srcset=\"https:\/\/www.granadablogs.com\/pateandoelmundo\/wp-content\/uploads\/2017\/02\/calendaria-300x157.png 300w, https:\/\/www.granadablogs.com\/pateandoelmundo\/wp-content\/uploads\/2017\/02\/calendaria-644x338.png 644w, https:\/\/www.granadablogs.com\/pateandoelmundo\/wp-content\/uploads\/2017\/02\/calendaria.png 682w\" sizes=\"auto, (max-width: 300px) 100vw, 300px\" \/><\/a><\/p>\n<p>De acuerdo con lo le\u00eddo en las \u00faltimas semanas, tener un calendario sobre la mesa que te recuerde que el 28 de febrera es el D\u00eda de Andaluc\u00eda o el 8 de marza es el D\u00eda de la Mujer Trabajadora, puede suponer una terrible amenaza para el castellano, ese idioma que hablan varios de millones de personas de todo el mundo.<\/p>\n<p>&nbsp;<\/p>\n<p>La UGR tuvo una idea brillante: hacer algo original y distinto, creativo y reivindicativo, con un objeto manido y en claro desuso como es el tradicional almanaque con el que empresas, instituciones, comercios y publicaciones agasajan a sus clientes cada a\u00f1o. Calendarios que, en su mayor parte, terminan directamente en la basura, sin haber sido siquiera abiertos.<\/p>\n<p><a href=\"http:\/\/www.granadablogs.com\/pateandoelmundo\/calendaria-lenguaje-y-violencia\/calendaria-noviembra\/\" rel=\"attachment wp-att-21656\"><img loading=\"lazy\" decoding=\"async\" class=\"aligncenter size-medium wp-image-21656\" src=\"http:\/\/www.granadablogs.com\/pateandoelmundo\/wp-content\/uploads\/2017\/02\/Calendaria-Noviembra-300x140.jpg\" alt=\"\" width=\"300\" height=\"140\" srcset=\"https:\/\/www.granadablogs.com\/pateandoelmundo\/wp-content\/uploads\/2017\/02\/Calendaria-Noviembra-300x140.jpg 300w, https:\/\/www.granadablogs.com\/pateandoelmundo\/wp-content\/uploads\/2017\/02\/Calendaria-Noviembra-644x300.jpg 644w, https:\/\/www.granadablogs.com\/pateandoelmundo\/wp-content\/uploads\/2017\/02\/Calendaria-Noviembra.jpg 667w\" sizes=\"auto, (max-width: 300px) 100vw, 300px\" \/><\/a><\/p>\n<p>La Unidad de Igualdad de la UGR decidi\u00f3 sacudir las conciencias y convertir el calendario en calendaria, para hacer visible la desigualdad que sigue imperando en la sociedad y la violencia de g\u00e9nero que provoca. Se trata de un toque de atenci\u00f3n. Una llamada. Un gui\u00f1o. Nada m\u00e1s, pero nada menos.<\/p>\n<p>&nbsp;<\/p>\n<p>La reacci\u00f3n ha sido furibunda. En contra, claro. Como si el castellano fuera un idioma acosado, en franco retroceso y en peligro de extinci\u00f3n. Un idioma d\u00e9bil y apocado para el que la Calendaria de la UGR supone una grav\u00edsima amenaza. Casi, casi, el tiro de gracia.<\/p>\n<p>&nbsp;<\/p>\n<p>Est\u00e1 muy bien tener a la RAE como piedra angular de nuestra vida, a la hora de hablar y escribir. Pero no hace falta ser tan puristas. Que el castellano es un idioma vivo y pujante que puede sobrevivir a un Febrera y a un Marza sin despeinarse. Malo ser\u00eda, lo contrario.<\/p>\n<p><a href=\"http:\/\/www.granadablogs.com\/pateandoelmundo\/calendaria-lenguaje-y-violencia\/calendaria-agosta\/\" rel=\"attachment wp-att-21657\"><img loading=\"lazy\" decoding=\"async\" class=\"aligncenter size-medium wp-image-21657\" src=\"http:\/\/www.granadablogs.com\/pateandoelmundo\/wp-content\/uploads\/2017\/02\/Calendaria-Agosta-300x142.jpg\" alt=\"\" width=\"300\" height=\"142\" srcset=\"https:\/\/www.granadablogs.com\/pateandoelmundo\/wp-content\/uploads\/2017\/02\/Calendaria-Agosta-300x142.jpg 300w, https:\/\/www.granadablogs.com\/pateandoelmundo\/wp-content\/uploads\/2017\/02\/Calendaria-Agosta.jpg 570w\" sizes=\"auto, (max-width: 300px) 100vw, 300px\" \/><\/a><\/p>\n<p>Por seguir hablando del lenguaje, \u00bfqu\u00e9 tal si ponemos el acento en la timidez con la que el castellano de uso com\u00fan describe a los asesinatos machistas? \u00bfQu\u00e9 bazofia es esa aberraci\u00f3n de \u201cotra mujer muerta por la violencia de g\u00e9nero\u201d? \u00bfNo queremos ser exigentes con el uso del lenguaje? Pues abominemos de esos eufemismos que distancian al lector de una tragedia que empieza a ser desgraciadamente cotidiana.<\/p>\n<p>&nbsp;<\/p>\n<p>Jes\u00fas Lens<\/p>\n<p><a href=\"https:\/\/twitter.com\/Jesus_Lens\" target=\"_blank\" rel=\"attachment wp-att-21583\"><img loading=\"lazy\" decoding=\"async\" class=\"size-full wp-image-21583 alignleft\" src=\"http:\/\/www.granadablogs.com\/pateandoelmundo\/wp-content\/uploads\/2017\/02\/1-Twitter-Lens.jpg\" alt=\"\" width=\"196\" height=\"47\" \/><\/a><\/p>\n","protected":false},"excerpt":{"rendered":"<p>\u00a1Qu\u00e9 barbaridad, la que es capaz de liar un sencillo calendario! O la calendaria, mejor dicho, tal y como claman decenas de personas que han puesto el grito en el cielo por la idea de la Universidad de Granada de hacer un almanaque en el que le cambian el g\u00e9nero a algunos meses del a\u00f1o. [&hellip;]<\/p>\n","protected":false},"author":1,"featured_media":0,"comment_status":"open","ping_status":"open","sticky":false,"template":"","format":"standard","meta":{"jetpack_post_was_ever_published":false,"_jetpack_newsletter_access":"","_jetpack_dont_email_post_to_subs":true,"_jetpack_newsletter_tier_id":0,"_jetpack_memberships_contains_paywalled_content":false,"_jetpack_memberships_contains_paid_content":false,"footnotes":""},"categories":[6],"tags":[14040,14035,14036,14037,14041,14038,14039,13362,4773],"class_list":["post-21654","post","type-post","status-publish","format-standard","hentry","category-opinion","tag-asesinatos-machistas","tag-calendaria","tag-calendaria-ugr","tag-enera","tag-machismo-asesino","tag-maya","tag-noviembra","tag-ugr","tag-violencia-de-genero"],"jetpack_featured_media_url":"","jetpack_sharing_enabled":true,"_links":{"self":[{"href":"https:\/\/www.granadablogs.com\/pateandoelmundo\/wp-json\/wp\/v2\/posts\/21654","targetHints":{"allow":["GET"]}}],"collection":[{"href":"https:\/\/www.granadablogs.com\/pateandoelmundo\/wp-json\/wp\/v2\/posts"}],"about":[{"href":"https:\/\/www.granadablogs.com\/pateandoelmundo\/wp-json\/wp\/v2\/types\/post"}],"author":[{"embeddable":true,"href":"https:\/\/www.granadablogs.com\/pateandoelmundo\/wp-json\/wp\/v2\/users\/1"}],"replies":[{"embeddable":true,"href":"https:\/\/www.granadablogs.com\/pateandoelmundo\/wp-json\/wp\/v2\/comments?post=21654"}],"version-history":[{"count":2,"href":"https:\/\/www.granadablogs.com\/pateandoelmundo\/wp-json\/wp\/v2\/posts\/21654\/revisions"}],"predecessor-version":[{"id":21659,"href":"https:\/\/www.granadablogs.com\/pateandoelmundo\/wp-json\/wp\/v2\/posts\/21654\/revisions\/21659"}],"wp:attachment":[{"href":"https:\/\/www.granadablogs.com\/pateandoelmundo\/wp-json\/wp\/v2\/media?parent=21654"}],"wp:term":[{"taxonomy":"category","embeddable":true,"href":"https:\/\/www.granadablogs.com\/pateandoelmundo\/wp-json\/wp\/v2\/categories?post=21654"},{"taxonomy":"post_tag","embeddable":true,"href":"https:\/\/www.granadablogs.com\/pateandoelmundo\/wp-json\/wp\/v2\/tags?post=21654"}],"curies":[{"name":"wp","href":"https:\/\/api.w.org\/{rel}","templated":true}]}}