{"id":21633,"date":"2017-02-21T11:33:15","date_gmt":"2017-02-21T10:33:15","guid":{"rendered":"http:\/\/www.granadablogs.com\/pateandoelmundo\/?p=21633"},"modified":"2017-02-21T11:33:15","modified_gmt":"2017-02-21T10:33:15","slug":"estiba-y-contratacion-temporal","status":"publish","type":"post","link":"https:\/\/www.granadablogs.com\/pateandoelmundo\/estiba-y-contratacion-temporal\/","title":{"rendered":"Estiba y contrataci\u00f3n temporal"},"content":{"rendered":"<p>Ayer, la \u00bfcasualidad? volv\u00eda a vincular dos noticias en la portada de IDEAL que nos invitan a reflexionar sobre los tiempos que nos han tocado vivir. Por un lado, ocupando buena parte de la primera plana, un enorme titular: \u201cLa mitad de los contratos firmados en Granada en 2016 no llegaban al mes\u201d. Y, debajo, m\u00e1s peque\u00f1o, pero igualmente destacado: \u201cLos 30 estibadores del Puerto de Motril defienden que no son unos privilegiados\u201d. Y de ello hablo hoy en IDEAL.<\/p>\n<figure id=\"attachment_21634\" aria-describedby=\"caption-attachment-21634\" style=\"width: 575px\" class=\"wp-caption aligncenter\"><a href=\"http:\/\/www.granadablogs.com\/pateandoelmundo\/estiba-y-contratacion-temporal\/a1-58381683-jpg\/\" rel=\"attachment wp-att-21634\"><img loading=\"lazy\" decoding=\"async\" class=\"size-full wp-image-21634\" src=\"http:\/\/www.granadablogs.com\/pateandoelmundo\/wp-content\/uploads\/2017\/02\/108611449.jpg\" alt=\"\" width=\"575\" height=\"237\" srcset=\"https:\/\/www.granadablogs.com\/pateandoelmundo\/wp-content\/uploads\/2017\/02\/108611449.jpg 575w, https:\/\/www.granadablogs.com\/pateandoelmundo\/wp-content\/uploads\/2017\/02\/108611449-300x124.jpg 300w\" sizes=\"auto, (max-width: 575px) 100vw, 575px\" \/><\/a><figcaption id=\"caption-attachment-21634\" class=\"wp-caption-text\">FOTO: JAVIER MARTIN<\/figcaption><\/figure>\n<p>Hasta hace unos d\u00edas, si alguien me hubiera hablado de los estibadores, yo habr\u00eda pensado en Marlon Brando, armado con un gancho y delatando a los mafiosos que controlaban el puerto de Nueva York en \u201cLa ley del silencio\u201d. Ahora, sin embargo, si hacemos caso a la campa\u00f1a de desprestigio iniciada contra ellos, podr\u00edamos concluir que son un atajo de vividores que llevan chup\u00e1ndonos la sangre desde hace generaciones.<\/p>\n<p><a href=\"http:\/\/www.granadablogs.com\/pateandoelmundo\/estiba-y-contratacion-temporal\/peliculas177\/\" rel=\"attachment wp-att-21635\"><img loading=\"lazy\" decoding=\"async\" class=\"aligncenter size-medium wp-image-21635\" src=\"http:\/\/www.granadablogs.com\/pateandoelmundo\/wp-content\/uploads\/2017\/02\/peliculas177-300x233.jpg\" alt=\"\" width=\"300\" height=\"233\" srcset=\"https:\/\/www.granadablogs.com\/pateandoelmundo\/wp-content\/uploads\/2017\/02\/peliculas177-300x233.jpg 300w, https:\/\/www.granadablogs.com\/pateandoelmundo\/wp-content\/uploads\/2017\/02\/peliculas177-768x597.jpg 768w, https:\/\/www.granadablogs.com\/pateandoelmundo\/wp-content\/uploads\/2017\/02\/peliculas177-644x501.jpg 644w\" sizes=\"auto, (max-width: 300px) 100vw, 300px\" \/><\/a><\/p>\n<p>Tan es as\u00ed que el pasado fin de semana le\u00eda en las p\u00e1ginas color salm\u00f3n de un peri\u00f3dico nacional una invectiva contra la estiba que, hablando de su origen gremial, destacaba su enraizamiento en los tiempos m\u00e1s oscuros de la mism\u00edsima Edad Media. Era un art\u00edculo tan apocal\u00edptico que a su autor le faltaba identificar a los estibadores con los mism\u00edsimos autores de los protocolos de los sabios de Sion.<\/p>\n<p>&nbsp;<\/p>\n<p>Sin embargo, atendamos a un estibador del Puerto de Motril, hablando de su sueldo: \u201cLa media, aqu\u00ed, es de 45.000 euros anuales. El 70% de nuestro salario son incentivos por rendimiento, si ganamos m\u00e1s es porque trabajamos a destajo\u201d. Trabajo a destajo en una actividad de alto riesgo en la que los accidentes son frecuentes, con disponibilidad las 24 horas del d\u00eda, los 7 d\u00edas de la semana; como bien refleja el completo e ilustrativo reportaje de Mercedes Navarrete que ustedes deber\u00edan leer, \u00edntegramente, para estar informados sobre este contencioso.<\/p>\n<figure id=\"attachment_21636\" aria-describedby=\"caption-attachment-21636\" style=\"width: 300px\" class=\"wp-caption aligncenter\"><a href=\"http:\/\/www.granadablogs.com\/pateandoelmundo\/estiba-y-contratacion-temporal\/zona-mercancias-puerto-motril\/\" rel=\"attachment wp-att-21636\"><img loading=\"lazy\" decoding=\"async\" class=\"size-medium wp-image-21636\" src=\"http:\/\/www.granadablogs.com\/pateandoelmundo\/wp-content\/uploads\/2017\/02\/zona-mercancias-puerto-motril-300x200.jpg\" alt=\"\" width=\"300\" height=\"200\" srcset=\"https:\/\/www.granadablogs.com\/pateandoelmundo\/wp-content\/uploads\/2017\/02\/zona-mercancias-puerto-motril-300x200.jpg 300w, https:\/\/www.granadablogs.com\/pateandoelmundo\/wp-content\/uploads\/2017\/02\/zona-mercancias-puerto-motril-644x430.jpg 644w, https:\/\/www.granadablogs.com\/pateandoelmundo\/wp-content\/uploads\/2017\/02\/zona-mercancias-puerto-motril.jpg 710w\" sizes=\"auto, (max-width: 300px) 100vw, 300px\" \/><\/a><figcaption id=\"caption-attachment-21636\" class=\"wp-caption-text\">Foto: Info Costa Tropical<\/figcaption><\/figure>\n<p>Y es Jos\u00e9 Manuel Principal, estibador desde hace treinta a\u00f1os, quien pone el dedo en la llaga al se\u00f1alar: \u201cNosotros no ganamos mucho, la pena es que otros trabajadores en este pa\u00eds ganan muy poco\u201d. Lo que nos lleva, de nuevo, a esa inestabilidad en el empleo propiciada por una reforma laboral que ha condenado a la precariedad a millones de trabajadores espa\u00f1oles que ahora miran, entre la envidia y el recelo, a la estiba. No caigamos en el enfrentamiento. El \u201cY t\u00fa menos\u201d nos perjudica a todos.<\/p>\n<p>Jes\u00fas Lens<\/p>\n<p><a href=\"https:\/\/twitter.com\/Jesus_Lens\" target=\"_blank\" rel=\"attachment wp-att-21583\"><img loading=\"lazy\" decoding=\"async\" class=\"size-full wp-image-21583 alignleft\" src=\"http:\/\/www.granadablogs.com\/pateandoelmundo\/wp-content\/uploads\/2017\/02\/1-Twitter-Lens.jpg\" alt=\"\" width=\"196\" height=\"47\" \/><\/a><\/p>\n","protected":false},"excerpt":{"rendered":"<p>Ayer, la \u00bfcasualidad? volv\u00eda a vincular dos noticias en la portada de IDEAL que nos invitan a reflexionar sobre los tiempos que nos han tocado vivir. Por un lado, ocupando buena parte de la primera plana, un enorme titular: \u201cLa mitad de los contratos firmados en Granada en 2016 no llegaban al mes\u201d. Y, debajo, [&hellip;]<\/p>\n","protected":false},"author":1,"featured_media":0,"comment_status":"open","ping_status":"open","sticky":false,"template":"","format":"standard","meta":{"jetpack_post_was_ever_published":false,"_jetpack_newsletter_access":"","_jetpack_dont_email_post_to_subs":true,"_jetpack_newsletter_tier_id":0,"_jetpack_memberships_contains_paywalled_content":false,"_jetpack_memberships_contains_paid_content":false,"footnotes":""},"categories":[6],"tags":[14029,14027,14025,14030,14028,14026],"class_list":["post-21633","post","type-post","status-publish","format-standard","hentry","category-opinion","tag-contratos-de-una-semana","tag-estiba","tag-estibadores","tag-estibadores-con-cojones","tag-precariedad-laboral","tag-puerto-motriz"],"jetpack_featured_media_url":"","jetpack_sharing_enabled":true,"_links":{"self":[{"href":"https:\/\/www.granadablogs.com\/pateandoelmundo\/wp-json\/wp\/v2\/posts\/21633","targetHints":{"allow":["GET"]}}],"collection":[{"href":"https:\/\/www.granadablogs.com\/pateandoelmundo\/wp-json\/wp\/v2\/posts"}],"about":[{"href":"https:\/\/www.granadablogs.com\/pateandoelmundo\/wp-json\/wp\/v2\/types\/post"}],"author":[{"embeddable":true,"href":"https:\/\/www.granadablogs.com\/pateandoelmundo\/wp-json\/wp\/v2\/users\/1"}],"replies":[{"embeddable":true,"href":"https:\/\/www.granadablogs.com\/pateandoelmundo\/wp-json\/wp\/v2\/comments?post=21633"}],"version-history":[{"count":2,"href":"https:\/\/www.granadablogs.com\/pateandoelmundo\/wp-json\/wp\/v2\/posts\/21633\/revisions"}],"predecessor-version":[{"id":21638,"href":"https:\/\/www.granadablogs.com\/pateandoelmundo\/wp-json\/wp\/v2\/posts\/21633\/revisions\/21638"}],"wp:attachment":[{"href":"https:\/\/www.granadablogs.com\/pateandoelmundo\/wp-json\/wp\/v2\/media?parent=21633"}],"wp:term":[{"taxonomy":"category","embeddable":true,"href":"https:\/\/www.granadablogs.com\/pateandoelmundo\/wp-json\/wp\/v2\/categories?post=21633"},{"taxonomy":"post_tag","embeddable":true,"href":"https:\/\/www.granadablogs.com\/pateandoelmundo\/wp-json\/wp\/v2\/tags?post=21633"}],"curies":[{"name":"wp","href":"https:\/\/api.w.org\/{rel}","templated":true}]}}