{"id":21503,"date":"2017-02-05T10:41:02","date_gmt":"2017-02-05T09:41:02","guid":{"rendered":"http:\/\/www.granadablogs.com\/pateandoelmundo\/?p=21503"},"modified":"2017-02-06T10:47:28","modified_gmt":"2017-02-06T09:47:28","slug":"es-la-policia-un-respeto","status":"publish","type":"post","link":"https:\/\/www.granadablogs.com\/pateandoelmundo\/es-la-policia-un-respeto\/","title":{"rendered":"Es la polic\u00eda. \u00a1Un respeto!"},"content":{"rendered":"<p>Hablar bien de la polic\u00eda no mola nada ni viste con elegancia. Ser bandolero, fugitivo o atracador siempre ha tenido mejor prensa. Como dec\u00eda Lisa Bonet en \u201cEl coraz\u00f3n del \u00e1ngel\u201d, siempre es el malo el que hace latir deprisa el coraz\u00f3n de una chica.<\/p>\n<p><a href=\"http:\/\/www.granadablogs.com\/pateandoelmundo\/es-la-policia-un-respeto\/harry-angel\/\" rel=\"attachment wp-att-21504\"><img loading=\"lazy\" decoding=\"async\" class=\"aligncenter size-medium wp-image-21504\" src=\"http:\/\/www.granadablogs.com\/pateandoelmundo\/wp-content\/uploads\/2017\/02\/Harry-Angel-300x162.jpg\" alt=\"\" width=\"300\" height=\"162\" srcset=\"https:\/\/www.granadablogs.com\/pateandoelmundo\/wp-content\/uploads\/2017\/02\/Harry-Angel-300x162.jpg 300w, https:\/\/www.granadablogs.com\/pateandoelmundo\/wp-content\/uploads\/2017\/02\/Harry-Angel.jpg 500w\" sizes=\"auto, (max-width: 300px) 100vw, 300px\" \/><\/a><\/p>\n<p>El fuera de la ley es un personaje que, desde los tiempos de Billy el Ni\u00f1o, nos excita mucho m\u00e1s que el sheriff Pat Garret que le dio caza. Pero una cosa es la mitolog\u00eda del Lejano Oeste y la mixtificaci\u00f3n que el cine ha hecho de personajes tan dudosos como Bonnie &amp; Clyde, Dillinger, los Corleone o Tony Montana, y otra muy distinta es la realidad. Y la realidad, en un estado de derecho como Espa\u00f1a, es que la polic\u00eda desempe\u00f1a un papel b\u00e1sico en nuestra sociedad. Y de ello hablo hoy domingo en IDEAL.<\/p>\n<p><a href=\"http:\/\/www.granadablogs.com\/pateandoelmundo\/es-la-policia-un-respeto\/billy-the-kid\/\" rel=\"attachment wp-att-21505\"><img loading=\"lazy\" decoding=\"async\" class=\"aligncenter size-medium wp-image-21505\" src=\"http:\/\/www.granadablogs.com\/pateandoelmundo\/wp-content\/uploads\/2017\/02\/Billy-the-kid-300x237.jpg\" alt=\"\" width=\"300\" height=\"237\" srcset=\"https:\/\/www.granadablogs.com\/pateandoelmundo\/wp-content\/uploads\/2017\/02\/Billy-the-kid-300x237.jpg 300w, https:\/\/www.granadablogs.com\/pateandoelmundo\/wp-content\/uploads\/2017\/02\/Billy-the-kid.jpg 382w\" sizes=\"auto, (max-width: 300px) 100vw, 300px\" \/><\/a><\/p>\n<p>De ah\u00ed que el SUP est\u00e9 tardando en querellarse contra Isabel Nieto por las graves acusaciones que la ex edil de urbanismo del Ayuntamiento de Granada ha vertido contra la polic\u00eda. En una\u00a0entrevista (leer <a href=\"http:\/\/sevilla.abc.es\/andalucia\/granada\/sevi-isabel-nieto-implicada-operacion-nazari-tengo-miedo-siento-inseguridad-juridica-tremenda-201701310751_noticia.html\" target=\"_blank\">AQU\u00cd<\/a>) ha llegado a decir: <em><strong>\u201cMe da miedo que me puedan meter cosas: pornograf\u00eda infantil, tr\u00e1fico de armas, terrorismo&#8230; Cualquier cosa. Siento una inseguridad jur\u00eddica tremenda\u201d<\/strong><\/em>, hablando sobre la incautaci\u00f3n de sus dispositivos electr\u00f3nicos en el curso de la investigaci\u00f3n de la Operaci\u00f3n Nazar\u00ed.<\/p>\n<p>Tanto ella como el anterior alcalde de la ciudad, Jos\u00e9 Torres, sostienen que dicha operaci\u00f3n es un montaje urdido por Sebasti\u00e1n P\u00e9rez, compa\u00f1ero suyo del PP. Un montaje en el que la UDEF ser\u00eda c\u00f3mplice\u2026 o tonto \u00fatil. En otra perla de la entrevista, Isabel Nieto dice que <em><strong>\u201cLa Operaci\u00f3n Nazar\u00ed surge por dejar una investigaci\u00f3n judicial en manos de la Polic\u00eda. La Polic\u00eda sabe investigar las huellas de un crimen&#8230; Cosas importantes desde el punto de vista penal. Pero no son expertos juristas\u201d<\/strong><\/em>.<\/p>\n<p><a href=\"http:\/\/www.granadablogs.com\/pateandoelmundo\/es-la-policia-un-respeto\/isabel-nieto\/\" rel=\"attachment wp-att-21506\"><img loading=\"lazy\" decoding=\"async\" class=\"aligncenter size-medium wp-image-21506\" src=\"http:\/\/www.granadablogs.com\/pateandoelmundo\/wp-content\/uploads\/2017\/02\/Isabel-Nieto-300x169.jpg\" alt=\"\" width=\"300\" height=\"169\" srcset=\"https:\/\/www.granadablogs.com\/pateandoelmundo\/wp-content\/uploads\/2017\/02\/Isabel-Nieto-300x169.jpg 300w, https:\/\/www.granadablogs.com\/pateandoelmundo\/wp-content\/uploads\/2017\/02\/Isabel-Nieto.jpg 575w\" sizes=\"auto, (max-width: 300px) 100vw, 300px\" \/><\/a><\/p>\n<p>\u00bfEstamos locos? \u00bfSe nos est\u00e1 yendo la pinza con las teor\u00edas de la conspiraci\u00f3n? Se\u00f1ores del SUP, quer\u00e9llense, por favor. Los funcionarios a los que ustedes representan se merecen respeto y consideraci\u00f3n. Y esas baladronadas constituyen un grave insulto que pone en tela de juicio el trabajo diario Polic\u00eda en su conjunto, socavando uno de los cimientos de nuestro Estado de Derecho.<\/p>\n<p><a href=\"http:\/\/www.granadablogs.com\/pateandoelmundo\/es-la-policia-un-respeto\/policia-nacional-espana\/\" rel=\"attachment wp-att-21507\"><img loading=\"lazy\" decoding=\"async\" class=\"aligncenter size-medium wp-image-21507\" src=\"http:\/\/www.granadablogs.com\/pateandoelmundo\/wp-content\/uploads\/2017\/02\/Polic\u00eda-Nacional-Espa\u00f1a-300x200.jpg\" alt=\"\" width=\"300\" height=\"200\" srcset=\"https:\/\/www.granadablogs.com\/pateandoelmundo\/wp-content\/uploads\/2017\/02\/Polic\u00eda-Nacional-Espa\u00f1a-300x200.jpg 300w, https:\/\/www.granadablogs.com\/pateandoelmundo\/wp-content\/uploads\/2017\/02\/Polic\u00eda-Nacional-Espa\u00f1a-644x429.jpg 644w, https:\/\/www.granadablogs.com\/pateandoelmundo\/wp-content\/uploads\/2017\/02\/Polic\u00eda-Nacional-Espa\u00f1a.jpg 700w\" sizes=\"auto, (max-width: 300px) 100vw, 300px\" \/><\/a><\/p>\n<p>Isabel Nieto es muy libre de decidir c\u00f3mo afronta su defensa, pero sugerir que la Polic\u00eda ser\u00eda capaz de manipular pruebas e inventarse pornograf\u00eda infantil o terrorismo para encausarla, es de una bajeza intolerable.<\/p>\n<p>&nbsp;<\/p>\n<p>Jes\u00fas Lens<\/p>\n<p><a href=\"https:\/\/twitter.com\/Jesus_Lens\" target=\"_blank\" rel=\"attachment wp-att-21248\"><img loading=\"lazy\" decoding=\"async\" class=\"size-full wp-image-21248 alignleft\" src=\"http:\/\/www.granadablogs.com\/pateandoelmundo\/wp-content\/uploads\/2017\/01\/1-Twitter-Lens.jpg\" alt=\"\" width=\"196\" height=\"47\" \/><\/a><\/p>\n","protected":false},"excerpt":{"rendered":"<p>Hablar bien de la polic\u00eda no mola nada ni viste con elegancia. Ser bandolero, fugitivo o atracador siempre ha tenido mejor prensa. Como dec\u00eda Lisa Bonet en \u201cEl coraz\u00f3n del \u00e1ngel\u201d, siempre es el malo el que hace latir deprisa el coraz\u00f3n de una chica. El fuera de la ley es un personaje que, desde [&hellip;]<\/p>\n","protected":false},"author":1,"featured_media":0,"comment_status":"open","ping_status":"open","sticky":false,"template":"","format":"standard","meta":{"jetpack_post_was_ever_published":false,"_jetpack_newsletter_access":"","_jetpack_dont_email_post_to_subs":true,"_jetpack_newsletter_tier_id":0,"_jetpack_memberships_contains_paywalled_content":false,"_jetpack_memberships_contains_paid_content":false,"footnotes":""},"categories":[6],"tags":[13924,13925,9479,13927,13928,13929,13926],"class_list":["post-21503","post","type-post","status-publish","format-standard","hentry","category-opinion","tag-isabel-nieto","tag-isabel-nieto-granada","tag-jose-torres-hurtado","tag-policia-nacional","tag-respeto-policia-naciona","tag-se-nos-va-la-pinza","tag-sup"],"jetpack_featured_media_url":"","jetpack_sharing_enabled":true,"_links":{"self":[{"href":"https:\/\/www.granadablogs.com\/pateandoelmundo\/wp-json\/wp\/v2\/posts\/21503","targetHints":{"allow":["GET"]}}],"collection":[{"href":"https:\/\/www.granadablogs.com\/pateandoelmundo\/wp-json\/wp\/v2\/posts"}],"about":[{"href":"https:\/\/www.granadablogs.com\/pateandoelmundo\/wp-json\/wp\/v2\/types\/post"}],"author":[{"embeddable":true,"href":"https:\/\/www.granadablogs.com\/pateandoelmundo\/wp-json\/wp\/v2\/users\/1"}],"replies":[{"embeddable":true,"href":"https:\/\/www.granadablogs.com\/pateandoelmundo\/wp-json\/wp\/v2\/comments?post=21503"}],"version-history":[{"count":2,"href":"https:\/\/www.granadablogs.com\/pateandoelmundo\/wp-json\/wp\/v2\/posts\/21503\/revisions"}],"predecessor-version":[{"id":21509,"href":"https:\/\/www.granadablogs.com\/pateandoelmundo\/wp-json\/wp\/v2\/posts\/21503\/revisions\/21509"}],"wp:attachment":[{"href":"https:\/\/www.granadablogs.com\/pateandoelmundo\/wp-json\/wp\/v2\/media?parent=21503"}],"wp:term":[{"taxonomy":"category","embeddable":true,"href":"https:\/\/www.granadablogs.com\/pateandoelmundo\/wp-json\/wp\/v2\/categories?post=21503"},{"taxonomy":"post_tag","embeddable":true,"href":"https:\/\/www.granadablogs.com\/pateandoelmundo\/wp-json\/wp\/v2\/tags?post=21503"}],"curies":[{"name":"wp","href":"https:\/\/api.w.org\/{rel}","templated":true}]}}