{"id":21314,"date":"2017-01-17T09:30:44","date_gmt":"2017-01-17T08:30:44","guid":{"rendered":"http:\/\/www.granadablogs.com\/pateandoelmundo\/?p=21314"},"modified":"2017-01-17T09:31:57","modified_gmt":"2017-01-17T08:31:57","slug":"el-rostro-de-la-muerte","status":"publish","type":"post","link":"https:\/\/www.granadablogs.com\/pateandoelmundo\/el-rostro-de-la-muerte\/","title":{"rendered":"El rostro de la muerte"},"content":{"rendered":"<p>Ayer hubo concentraciones en Hu\u00e9rcal de Almer\u00eda y hoy las habr\u00e1 en C\u00e1diz. En tierras gaditanas, la Asociaci\u00f3n Pro Derechos Humanos de Andaluc\u00eda convoca a los ciudadanos bajo el lema \u00abNo m\u00e1s muertes en el Mediterr\u00e1neo, las fronteras cerradas matan\u00bb, despu\u00e9s de que el pasado fin de semana se recuperaran los cad\u00e1veres de seis personas ahogadas en las costas de C\u00e1diz. Y de ello hablo hoy en IDEAL.<\/p>\n<figure id=\"attachment_21315\" aria-describedby=\"caption-attachment-21315\" style=\"width: 300px\" class=\"wp-caption aligncenter\"><a href=\"http:\/\/www.granadablogs.com\/pateandoelmundo\/el-rostro-de-la-muerte\/hallados-los-cadaveres-de-cinco-inmigrantes-en-las-costas-de-cadiz\/\" rel=\"attachment wp-att-21315\"><img loading=\"lazy\" decoding=\"async\" class=\"size-medium wp-image-21315\" src=\"http:\/\/www.granadablogs.com\/pateandoelmundo\/wp-content\/uploads\/2017\/01\/Muertos-Estrecho-Gibraltar-300x181.jpg\" alt=\"\" width=\"300\" height=\"181\" srcset=\"https:\/\/www.granadablogs.com\/pateandoelmundo\/wp-content\/uploads\/2017\/01\/Muertos-Estrecho-Gibraltar-300x181.jpg 300w, https:\/\/www.granadablogs.com\/pateandoelmundo\/wp-content\/uploads\/2017\/01\/Muertos-Estrecho-Gibraltar-768x464.jpg 768w, https:\/\/www.granadablogs.com\/pateandoelmundo\/wp-content\/uploads\/2017\/01\/Muertos-Estrecho-Gibraltar-644x389.jpg 644w, https:\/\/www.granadablogs.com\/pateandoelmundo\/wp-content\/uploads\/2017\/01\/Muertos-Estrecho-Gibraltar.jpg 1200w\" sizes=\"auto, (max-width: 300px) 100vw, 300px\" \/><\/a><figcaption id=\"caption-attachment-21315\" class=\"wp-caption-text\">GRA255 ALGECIRAS 14 01 2017 &#8211; Agentes de la Guardia Civil y de Salvamento Maritimo en el puerto de Algeciras con uno de los cinco cadaveres de inmigrantes que han sido encontrados en las ultimas horas en las costas de Algeciras y Tarifa Los cuerpos fueron hallados en dos lugares distintos pero no alejados EFE A Carrasco Ragel<\/figcaption><\/figure>\n<p>En Hu\u00e9rcal, por su parte, los vecinos se concentraron tras el asesinato de To\u00f1i a manos de su expareja, que la degoll\u00f3 sin contemplaciones. Un minuto de silencio para recordar a una v\u00edctima m\u00e1s de la violencia machista.<\/p>\n<p>&nbsp;<\/p>\n<p>El fin de semana volvi\u00f3 a hacerse visible el rostro de la muerte en Andaluc\u00eda. El Mediterr\u00e1neo, convertido en tumba para miles de personas. Las mujeres, que siguen siendo v\u00edctimas del machismo homicida. En C\u00e1diz y Almer\u00eda, unos cientos de personas desaf\u00edan al fr\u00edo y salen a la calle, a protestar por el drama que no cesa. A homenajear a sus v\u00edctimas m\u00e1s recientes. Unos cientos de personas que, con su actitud, sacuden y zarandean nuestras conciencias, a ver si espabilamos.<\/p>\n<p><a href=\"http:\/\/www.granadablogs.com\/pateandoelmundo\/el-rostro-de-la-muerte\/mujeres-asesinadas-por-hombres\/\" rel=\"attachment wp-att-21316\"><img loading=\"lazy\" decoding=\"async\" class=\"aligncenter size-medium wp-image-21316\" src=\"http:\/\/www.granadablogs.com\/pateandoelmundo\/wp-content\/uploads\/2017\/01\/Mujeres-asesinadas-por-hombres-300x200.jpg\" alt=\"\" width=\"300\" height=\"200\" srcset=\"https:\/\/www.granadablogs.com\/pateandoelmundo\/wp-content\/uploads\/2017\/01\/Mujeres-asesinadas-por-hombres-300x200.jpg 300w, https:\/\/www.granadablogs.com\/pateandoelmundo\/wp-content\/uploads\/2017\/01\/Mujeres-asesinadas-por-hombres-644x428.jpg 644w, https:\/\/www.granadablogs.com\/pateandoelmundo\/wp-content\/uploads\/2017\/01\/Mujeres-asesinadas-por-hombres.jpg 660w\" sizes=\"auto, (max-width: 300px) 100vw, 300px\" \/><\/a><\/p>\n<p>Porque ayer era, tambi\u00e9n, el Blue Monday, el d\u00eda m\u00e1s triste del a\u00f1o, seg\u00fan no s\u00e9 qu\u00e9 algoritmo utilizado en no s\u00e9 qu\u00e9 investigaci\u00f3n de no s\u00e9 qu\u00e9 Universidad. Y ah\u00ed est\u00e1bamos todos, desde muy temprano, hablando de las horas de oscuridad, del fr\u00edo, de lo duro de la cuesta de enero y de lo feo que es el lunes.<\/p>\n<p>&nbsp;<\/p>\n<p>\u00bfEn serio? \u00bfDe verdad? \u00bfBlue Monday? \u00bfEs posible que hayamos alcanzado tal nivel de majader\u00eda y estulticia? Lamentablemente, parece que s\u00ed.<\/p>\n<p>&nbsp;<\/p>\n<p>Nuestra sociedad, de tanto escuchar frases t\u00f3picas y manidas como \u201cel drama que no cesa\u201d, \u201ctragedia en el Mediterr\u00e1neo\u201d o \u201cuna nueva v\u00edctima de la violencia de g\u00e9nero\u201d; parece haberse quedado sin capacidad de respuesta, ensimismada en sus mamarrachadas y sus sandeces. En nader\u00edas como el Blue Monday.<\/p>\n<p><a href=\"http:\/\/www.granadablogs.com\/pateandoelmundo\/el-rostro-de-la-muerte\/muertos-estrecho\/\" rel=\"attachment wp-att-21317\"><img loading=\"lazy\" decoding=\"async\" class=\"aligncenter size-medium wp-image-21317\" src=\"http:\/\/www.granadablogs.com\/pateandoelmundo\/wp-content\/uploads\/2017\/01\/Muertos-estrecho-300x169.jpg\" alt=\"\" width=\"300\" height=\"169\" srcset=\"https:\/\/www.granadablogs.com\/pateandoelmundo\/wp-content\/uploads\/2017\/01\/Muertos-estrecho-300x169.jpg 300w, https:\/\/www.granadablogs.com\/pateandoelmundo\/wp-content\/uploads\/2017\/01\/Muertos-estrecho-768x432.jpg 768w, https:\/\/www.granadablogs.com\/pateandoelmundo\/wp-content\/uploads\/2017\/01\/Muertos-estrecho-644x362.jpg 644w, https:\/\/www.granadablogs.com\/pateandoelmundo\/wp-content\/uploads\/2017\/01\/Muertos-estrecho.jpg 1024w\" sizes=\"auto, (max-width: 300px) 100vw, 300px\" \/><\/a><\/p>\n<p>\u00bfEl d\u00eda m\u00e1s triste del a\u00f1o? \u00a1Claro que s\u00ed! Pero no para usted (espero) ni para m\u00ed. El d\u00eda m\u00e1s triste del a\u00f1o para la familia de To\u00f1i, asesinada a los 33 a\u00f1os de edad por una bestia sin entra\u00f1as que no aceptaba que le hubiera dejado.<\/p>\n<p>&nbsp;<\/p>\n<p>El d\u00eda m\u00e1s triste del a\u00f1o para las familias de las seis personas muertas en el Mediterr\u00e1neo, tratando de llegar a una Europa que, mientras ellos se ahogaban, era presa de la melancol\u00eda. Por el Blue Monday.<\/p>\n<p>&nbsp;<\/p>\n<p>Jes\u00fas Lens<\/p>\n<p><a href=\"https:\/\/twitter.com\/Jesus_Lens\" target=\"_blank\" rel=\"attachment wp-att-21248\"><img loading=\"lazy\" decoding=\"async\" class=\"size-full wp-image-21248 alignleft\" src=\"http:\/\/www.granadablogs.com\/pateandoelmundo\/wp-content\/uploads\/2017\/01\/1-Twitter-Lens.jpg\" alt=\"\" width=\"196\" height=\"47\" \/><\/a><\/p>\n","protected":false},"excerpt":{"rendered":"<p>Ayer hubo concentraciones en Hu\u00e9rcal de Almer\u00eda y hoy las habr\u00e1 en C\u00e1diz. En tierras gaditanas, la Asociaci\u00f3n Pro Derechos Humanos de Andaluc\u00eda convoca a los ciudadanos bajo el lema \u00abNo m\u00e1s muertes en el Mediterr\u00e1neo, las fronteras cerradas matan\u00bb, despu\u00e9s de que el pasado fin de semana se recuperaran los cad\u00e1veres de seis personas [&hellip;]<\/p>\n","protected":false},"author":1,"featured_media":0,"comment_status":"open","ping_status":"open","sticky":false,"template":"","format":"standard","meta":{"jetpack_post_was_ever_published":false,"_jetpack_newsletter_access":"","_jetpack_dont_email_post_to_subs":true,"_jetpack_newsletter_tier_id":0,"_jetpack_memberships_contains_paywalled_content":false,"_jetpack_memberships_contains_paid_content":false,"footnotes":""},"categories":[6],"tags":[13807,13808,122,13806,13805,12861],"class_list":["post-21314","post","type-post","status-publish","format-standard","hentry","category-opinion","tag-ahogados-estrecho","tag-blue-monday","tag-inmigracion","tag-muertos-estrecho-gibraltar","tag-mujeres-asesinadas","tag-violencia-machista"],"jetpack_featured_media_url":"","jetpack_sharing_enabled":true,"_links":{"self":[{"href":"https:\/\/www.granadablogs.com\/pateandoelmundo\/wp-json\/wp\/v2\/posts\/21314","targetHints":{"allow":["GET"]}}],"collection":[{"href":"https:\/\/www.granadablogs.com\/pateandoelmundo\/wp-json\/wp\/v2\/posts"}],"about":[{"href":"https:\/\/www.granadablogs.com\/pateandoelmundo\/wp-json\/wp\/v2\/types\/post"}],"author":[{"embeddable":true,"href":"https:\/\/www.granadablogs.com\/pateandoelmundo\/wp-json\/wp\/v2\/users\/1"}],"replies":[{"embeddable":true,"href":"https:\/\/www.granadablogs.com\/pateandoelmundo\/wp-json\/wp\/v2\/comments?post=21314"}],"version-history":[{"count":2,"href":"https:\/\/www.granadablogs.com\/pateandoelmundo\/wp-json\/wp\/v2\/posts\/21314\/revisions"}],"predecessor-version":[{"id":21319,"href":"https:\/\/www.granadablogs.com\/pateandoelmundo\/wp-json\/wp\/v2\/posts\/21314\/revisions\/21319"}],"wp:attachment":[{"href":"https:\/\/www.granadablogs.com\/pateandoelmundo\/wp-json\/wp\/v2\/media?parent=21314"}],"wp:term":[{"taxonomy":"category","embeddable":true,"href":"https:\/\/www.granadablogs.com\/pateandoelmundo\/wp-json\/wp\/v2\/categories?post=21314"},{"taxonomy":"post_tag","embeddable":true,"href":"https:\/\/www.granadablogs.com\/pateandoelmundo\/wp-json\/wp\/v2\/tags?post=21314"}],"curies":[{"name":"wp","href":"https:\/\/api.w.org\/{rel}","templated":true}]}}