{"id":21163,"date":"2016-12-27T17:00:20","date_gmt":"2016-12-27T16:00:20","guid":{"rendered":"http:\/\/www.granadablogs.com\/pateandoelmundo\/?p=21163"},"modified":"2016-12-27T14:54:19","modified_gmt":"2016-12-27T13:54:19","slug":"francia-inspiradora-primer-ciclo-de-aulacine-cajagranada-para-2017","status":"publish","type":"post","link":"https:\/\/www.granadablogs.com\/pateandoelmundo\/francia-inspiradora-primer-ciclo-de-aulacine-cajagranada-para-2017\/","title":{"rendered":"Francia inspiradora, primer ciclo de AulaCine CAJAGRANADA para 2017"},"content":{"rendered":"<p><strong>Organizado en colaboraci\u00f3n con el festival Granada Noir y con la Alianza Francesa de Granada, el ciclo <em>Francia inspiradora<\/em> constar\u00e1 de 10 pel\u00edculas que se proyectar\u00e1n los martes de enero, febrero y marzo, en el Teatro CAJAGRANADA, a las 19 horas, en versi\u00f3n original subtitulada y con entrada gratuita<\/strong><\/p>\n<p><strong>\u00a0<a href=\"http:\/\/www.granadablogs.com\/pateandoelmundo\/?attachment_id=21164\" rel=\"attachment wp-att-21164\"><img loading=\"lazy\" decoding=\"async\" class=\"aligncenter size-medium wp-image-21164\" src=\"http:\/\/www.granadablogs.com\/pateandoelmundo\/wp-content\/uploads\/2016\/12\/Francia-inspiradora-texto-217x300.jpg\" alt=\"\" width=\"217\" height=\"300\" srcset=\"https:\/\/www.granadablogs.com\/pateandoelmundo\/wp-content\/uploads\/2016\/12\/Francia-inspiradora-texto-217x300.jpg 217w, https:\/\/www.granadablogs.com\/pateandoelmundo\/wp-content\/uploads\/2016\/12\/Francia-inspiradora-texto-768x1060.jpg 768w, https:\/\/www.granadablogs.com\/pateandoelmundo\/wp-content\/uploads\/2016\/12\/Francia-inspiradora-texto-644x889.jpg 644w, https:\/\/www.granadablogs.com\/pateandoelmundo\/wp-content\/uploads\/2016\/12\/Francia-inspiradora-texto.jpg 1240w\" sizes=\"auto, (max-width: 217px) 100vw, 217px\" \/><\/a><\/strong><\/p>\n<p><strong>Gran \u00e9xito del anterior ciclo de AulaCine CAJAGRANADA, Luchando con monstruos, organizado junto al festival Granada Noir y que reuni\u00f3 a m\u00e1s de 1.500 espectadores\u00a0 \u00a0\u00a0\u00a0<\/strong><\/p>\n<p><strong>\u00a0<\/strong><\/p>\n<p><strong><em>\u00a0<\/em><\/strong><\/p>\n<p>CAJAGRANADA Fundaci\u00f3n ya ha programado el primer ciclo de AulaCine para el 2017: <em>Francia inspiradora<\/em>, una selecci\u00f3n de diez pel\u00edculas francesas filmadas entre finales de los a\u00f1os cuarenta y principios de los a\u00f1os sesenta del pasado siglo, una d\u00e9cada prodigiosa para la filmograf\u00eda gala.<\/p>\n<p>&nbsp;<\/p>\n<p>A\u00f1os que no solo permitieron abrir nuevas puertas a la narrativa cinematogr\u00e1fica, sino que alumbraron a directores de la talla de Ren\u00e9 Cl\u00e9ment, Jean-Luc Godard, Jean-Pierre Melville o Eric Rohmer y posibilitaron que otros directores consagrados como Jaques Becker, Luis Bu\u00f1uel o Robert Bresson filmaran algunas de sus obras maestras m\u00e1s memorables.<\/p>\n<p><a href=\"http:\/\/www.granadablogs.com\/pateandoelmundo\/?attachment_id=21165\" rel=\"attachment wp-att-21165\"><img loading=\"lazy\" decoding=\"async\" class=\"aligncenter size-medium wp-image-21165\" src=\"http:\/\/www.granadablogs.com\/pateandoelmundo\/wp-content\/uploads\/2016\/12\/Francia-inspiradora-pel\u00edculas-217x300.jpg\" alt=\"\" width=\"217\" height=\"300\" srcset=\"https:\/\/www.granadablogs.com\/pateandoelmundo\/wp-content\/uploads\/2016\/12\/Francia-inspiradora-pel\u00edculas-217x300.jpg 217w, https:\/\/www.granadablogs.com\/pateandoelmundo\/wp-content\/uploads\/2016\/12\/Francia-inspiradora-pel\u00edculas-768x1060.jpg 768w, https:\/\/www.granadablogs.com\/pateandoelmundo\/wp-content\/uploads\/2016\/12\/Francia-inspiradora-pel\u00edculas-644x889.jpg 644w, https:\/\/www.granadablogs.com\/pateandoelmundo\/wp-content\/uploads\/2016\/12\/Francia-inspiradora-pel\u00edculas.jpg 1240w\" sizes=\"auto, (max-width: 217px) 100vw, 217px\" \/><\/a><\/p>\n<p>El cine franc\u00e9s, m\u00e1s all\u00e1 de corresponder a una nacionalidad concreta, es sin\u00f3nimo de cine de autor, cine europeo, cine de calidad. Un cine intimista que, lejos de la pirotecnia del cine m\u00e1s comercial, pone el acento en las emociones e invita a la observaci\u00f3n y a la reflexi\u00f3n.<\/p>\n<p>&nbsp;<\/p>\n<p>Un cine que apuesta por el guion, por la profundidad en el desarrollo de los personajes, por mostrar una mirada anal\u00edtica y escrutadora a la realidad del momento. Un cine cr\u00edtico y comprometido con la sociedad que abri\u00f3 nuevas v\u00edas de expresi\u00f3n a g\u00e9neros cl\u00e1sicos como el Noir.<\/p>\n<p>&nbsp;<\/p>\n<p>Francia, acogiendo a cineastas de todas las nacionalidades, se convirti\u00f3 en refugio para artistas con una sensibilidad diferente y original, reivindic\u00f3 a directores norteamericanos maltratados en Hollywood, impuls\u00f3 carreras injustamente varadas y propici\u00f3 nuevas narrativas cinematogr\u00e1ficas.<\/p>\n<figure id=\"attachment_21166\" aria-describedby=\"caption-attachment-21166\" style=\"width: 212px\" class=\"wp-caption aligncenter\"><a href=\"http:\/\/www.granadablogs.com\/pateandoelmundo\/?attachment_id=21166\" rel=\"attachment wp-att-21166\"><img loading=\"lazy\" decoding=\"async\" class=\"size-medium wp-image-21166\" src=\"http:\/\/www.granadablogs.com\/pateandoelmundo\/wp-content\/uploads\/2016\/12\/A-pleno-sol-212x300.jpg\" alt=\"\" width=\"212\" height=\"300\" srcset=\"https:\/\/www.granadablogs.com\/pateandoelmundo\/wp-content\/uploads\/2016\/12\/A-pleno-sol-212x300.jpg 212w, https:\/\/www.granadablogs.com\/pateandoelmundo\/wp-content\/uploads\/2016\/12\/A-pleno-sol.jpg 300w\" sizes=\"auto, (max-width: 212px) 100vw, 212px\" \/><\/a><figcaption id=\"caption-attachment-21166\" class=\"wp-caption-text\">\u00a1M\u00e1xima atenci\u00f3n a este t\u00edtulo!<\/figcaption><\/figure>\n<p>Y AulaCine CAJAGRANADA, la Alianza Francesa de Granada y el festival Granada Noir reivindican ese cine franc\u00e9s que tanta importancia tiene en la construcci\u00f3n de una identidad europea, integradora y universalista.<\/p>\n<p>&nbsp;<\/p>\n<p>Las pel\u00edculas que componen el ciclo <em>Francia inspiradora<\/em> son:<\/p>\n<p>&nbsp;<\/p>\n<p>17 de enero: Pickpocket de Robert Bresson (1959)<\/p>\n<p>24 de enero: La evasi\u00f3n de Jaques Becker (1960)<\/p>\n<p>31 de enero: Ascensor para el cadalso de Louis Malle (1958)<\/p>\n<p>7 de febrero: Belle de jour de Luis Bu\u00f1uel (1967)<\/p>\n<p>14 de febrero: El silencio de un hombre de Jean-Pierre Melville (1968)<\/p>\n<p>21 de febrero: Accidente sin huella de Claude Chabrol (1969)<\/p>\n<p>14 de marzo: Los ojos sin rostro de Georges Franju (1960)<\/p>\n<p>21 de marzo: A pleno sol de Ren\u00e9 Cl\u00e9ment (1960)<\/p>\n<p>28 de marzo: Al final de la escapada de Jean-Luc Godard (1960)<\/p>\n<p>4 de abril: Mi Noche con Maud de Eric Rohmer (1969)<\/p>\n<p>&nbsp;<\/p>\n<p><strong>\u00c9xito del ciclo \u201cLuchando con monstruos\u201d<\/strong><\/p>\n<p>&nbsp;<\/p>\n<p>Una vez finalizada la proyecci\u00f3n de las diez pel\u00edculas del ciclo \u201cLuchando con monstruos\u201d, el balance del mismo ha sido muy positivo y satisfactorio ya que, en estos meses, pasaron 1.565 espectadores por el Teatro CAJAGRANADA para ver pel\u00edculas basadas en la caza y persecuci\u00f3n de diferentes asesinos en serie.<\/p>\n<p><a href=\"http:\/\/www.granadablogs.com\/pateandoelmundo\/el-nino-44-hoy-en-el-teatro-cajagranada\/el-nino-44-rostov\/\" rel=\"attachment wp-att-21052\"><img loading=\"lazy\" decoding=\"async\" class=\"aligncenter size-medium wp-image-21052\" src=\"http:\/\/www.granadablogs.com\/pateandoelmundo\/wp-content\/uploads\/2016\/12\/El-Ni\u00f1o-44-Rostov-300x225.jpg\" alt=\"\" width=\"300\" height=\"225\" srcset=\"https:\/\/www.granadablogs.com\/pateandoelmundo\/wp-content\/uploads\/2016\/12\/El-Ni\u00f1o-44-Rostov-300x225.jpg 300w, https:\/\/www.granadablogs.com\/pateandoelmundo\/wp-content\/uploads\/2016\/12\/El-Ni\u00f1o-44-Rostov.jpg 480w\" sizes=\"auto, (max-width: 300px) 100vw, 300px\" \/><\/a><\/p>\n<p>Cintas modernas como \u201cEl silencio de los corderos\u201d o \u201cSeven\u201d se dieron la mano con cl\u00e1sicos como \u201cLa noche del cazador\u201d o \u201cM, el vampiro de D\u00fcsseldorf\u201d. La pel\u00edcula m\u00e1s vista del ciclo fue \u201cAsesinato por decreto\u201d, en la que Sherlock Holmes trata de dar caza a Jack el Destripador. M\u00e1s de 200 espectadores de dieron cita para disfrutar de una excelente pel\u00edcula de \u00e9poca.<\/p>\n<p>&nbsp;<\/p>\n<p>Y un lujo, haber disfrutado de uno de los cl\u00e1sicos del cine espa\u00f1ol como \u201cEl cebo\u201d, en pantalla grande, o el descubrimiento que fue, para un centenar de espectadores, la pel\u00edcula china \u201cUn toque de violencia\u201d, con su \u00e1cida visi\u00f3n de la China contempor\u00e1nea.<\/p>\n<p>&nbsp;<\/p>\n<p>Un ciclo que, en el marco de Granada Noir, permiti\u00f3 la celebraci\u00f3n de coloquios sobre diferentes aspectos de la figura del <em>serial killer<\/em>, desde los m\u00e9dicos y psiqui\u00e1tricos a su tratamiento cinematogr\u00e1fico y a trav\u00e9s de los medios de comunicaci\u00f3n.<\/p>\n<p>&nbsp;<\/p>\n<p><strong>La Alianza Francesa de Granada<\/strong><\/p>\n<p><strong>\u00a0<\/strong><\/p>\n<p>En 2017, la Alianza Francesa de Granada cumple 30 a\u00f1os de presencia en la provincia. Para conmemorar este aniversario, est\u00e1 preparando un completo y atractivo programa de actividades. La Alianza Francesa de Granada forma parte de la red ling\u00fc\u00edstica y cultural de la Embajada de Francia. Es la tercera Alianza Francesa en Espa\u00f1a en importancia. Por sus aulas y centros de ex\u00e1menes han pasado decenas de miles de personas.<\/p>\n<p>&nbsp;<\/p>\n<p>Su objetivo es la promoci\u00f3n y difusi\u00f3n de la lengua y cultura francesas. Dispone de un amplio centro de documentaci\u00f3n y organiza varias manifestaciones culturales\u00a0 dentro de la ciudad en colaboraci\u00f3n con las entidades locales provinciales y regionales: exposiciones, ciclo de cine, conferencias, conciertos, etc\u00e9tera.<\/p>\n<p>&nbsp;<\/p>\n<p>En colaboraci\u00f3n con la Alianza Francesa de Madrid, organiza por otra parte estancias ling\u00fc\u00edsticas en Francia y Canad\u00e1.<\/p>\n<p><strong>\u00a0<\/strong><\/p>\n<p><strong>El festival Granada Noir<\/strong><\/p>\n<p>&nbsp;<\/p>\n<p>Granada Noir es un festival multidisciplinar de car\u00e1cter popular dedicado al g\u00e9nero negro y polic\u00edaco, puesto en marcha en 2015 por Gustavo G\u00f3mez y Jes\u00fas Lens y que cuenta con el patrocinio de Cervezas Alhambra y la colaboraci\u00f3n de Diputaci\u00f3n de Granada, CAJAGRANADA Fundaci\u00f3n, Consejer\u00eda de Cultura, Turismo y Deportes de la Junta de Andaluc\u00eda y Ayuntamiento de Granada, adem\u00e1s de otras empresas, comercios y particulares.<\/p>\n<figure id=\"attachment_20984\" aria-describedby=\"caption-attachment-20984\" style=\"width: 181px\" class=\"wp-caption aligncenter\"><a href=\"http:\/\/www.granadablogs.com\/pateandoelmundo\/entre-alhambra-y-omega\/reservaroja-botella\/\" rel=\"attachment wp-att-20984\"><img loading=\"lazy\" decoding=\"async\" class=\"size-medium wp-image-20984\" src=\"http:\/\/www.granadablogs.com\/pateandoelmundo\/wp-content\/uploads\/2016\/12\/reservaroja-botella-181x300.png\" alt=\"\" width=\"181\" height=\"300\" srcset=\"https:\/\/www.granadablogs.com\/pateandoelmundo\/wp-content\/uploads\/2016\/12\/reservaroja-botella-181x300.png 181w, https:\/\/www.granadablogs.com\/pateandoelmundo\/wp-content\/uploads\/2016\/12\/reservaroja-botella.png 361w\" sizes=\"auto, (max-width: 181px) 100vw, 181px\" \/><\/a><figcaption id=\"caption-attachment-20984\" class=\"wp-caption-text\">\u00a1Ya lleg\u00f3 La Roja!<\/figcaption><\/figure>\n<p>GRN es un festival que promueve un variado maridaje de propuestas culturales de calidad contrastada; una cita de car\u00e1cter abierta, creadora, innovadora, participativa y gratuita, que saca la cultura a la calle, a los barrios y a los pueblos y que, adem\u00e1s, la lleva a bares, bibliotecas, clubes, cines y caf\u00e9s.<\/p>\n<p>&nbsp;<\/p>\n<p>Un festival cuyo programa est\u00e1 abierto a todas las artes y que permite maridar las disciplinas m\u00e1s diferentes, posibilitando el contacto y la relaci\u00f3n directa entre autores, creadores, p\u00fablico y aficionados.<\/p>\n","protected":false},"excerpt":{"rendered":"<p>Organizado en colaboraci\u00f3n con el festival Granada Noir y con la Alianza Francesa de Granada, el ciclo Francia inspiradora constar\u00e1 de 10 pel\u00edculas que se proyectar\u00e1n los martes de enero, febrero y marzo, en el Teatro CAJAGRANADA, a las 19 horas, en versi\u00f3n original subtitulada y con entrada gratuita \u00a0 Gran \u00e9xito del anterior ciclo [&hellip;]<\/p>\n","protected":false},"author":1,"featured_media":0,"comment_status":"open","ping_status":"open","sticky":false,"template":"","format":"standard","meta":{"jetpack_post_was_ever_published":false,"_jetpack_newsletter_access":"","_jetpack_dont_email_post_to_subs":false,"_jetpack_newsletter_tier_id":0,"_jetpack_memberships_contains_paywalled_content":false,"_jetpack_memberships_contains_paid_content":false,"footnotes":""},"categories":[10,11144],"tags":[8745,13699,13698,10812,11145,13413,13294],"class_list":["post-21163","post","type-post","status-publish","format-standard","hentry","category-cine","category-granada-noir","tag-a-pleno-sol","tag-a-pleno-sol-highsmith","tag-cine-frances-cajagranada","tag-cine-jesus-lens","tag-granada-noir-2","tag-granada-noir-3","tag-luchando-con-monstruos"],"jetpack_featured_media_url":"","jetpack_sharing_enabled":true,"_links":{"self":[{"href":"https:\/\/www.granadablogs.com\/pateandoelmundo\/wp-json\/wp\/v2\/posts\/21163","targetHints":{"allow":["GET"]}}],"collection":[{"href":"https:\/\/www.granadablogs.com\/pateandoelmundo\/wp-json\/wp\/v2\/posts"}],"about":[{"href":"https:\/\/www.granadablogs.com\/pateandoelmundo\/wp-json\/wp\/v2\/types\/post"}],"author":[{"embeddable":true,"href":"https:\/\/www.granadablogs.com\/pateandoelmundo\/wp-json\/wp\/v2\/users\/1"}],"replies":[{"embeddable":true,"href":"https:\/\/www.granadablogs.com\/pateandoelmundo\/wp-json\/wp\/v2\/comments?post=21163"}],"version-history":[{"count":1,"href":"https:\/\/www.granadablogs.com\/pateandoelmundo\/wp-json\/wp\/v2\/posts\/21163\/revisions"}],"predecessor-version":[{"id":21167,"href":"https:\/\/www.granadablogs.com\/pateandoelmundo\/wp-json\/wp\/v2\/posts\/21163\/revisions\/21167"}],"wp:attachment":[{"href":"https:\/\/www.granadablogs.com\/pateandoelmundo\/wp-json\/wp\/v2\/media?parent=21163"}],"wp:term":[{"taxonomy":"category","embeddable":true,"href":"https:\/\/www.granadablogs.com\/pateandoelmundo\/wp-json\/wp\/v2\/categories?post=21163"},{"taxonomy":"post_tag","embeddable":true,"href":"https:\/\/www.granadablogs.com\/pateandoelmundo\/wp-json\/wp\/v2\/tags?post=21163"}],"curies":[{"name":"wp","href":"https:\/\/api.w.org\/{rel}","templated":true}]}}