{"id":21008,"date":"2016-12-07T14:58:25","date_gmt":"2016-12-07T13:58:25","guid":{"rendered":"http:\/\/www.granadablogs.com\/pateandoelmundo\/?p=21008"},"modified":"2016-12-07T14:58:50","modified_gmt":"2016-12-07T13:58:50","slug":"otro-follon-de-pelicula","status":"publish","type":"post","link":"https:\/\/www.granadablogs.com\/pateandoelmundo\/otro-follon-de-pelicula\/","title":{"rendered":"Otro foll\u00f3n de pel\u00edcula"},"content":{"rendered":"<p style=\"text-align: justify;\">\u00a1La que se est\u00e1 volviendo a liar con una pel\u00edcula espa\u00f1ola! No. No hablo del asunto de Trueba, \u201cLa Reina de Espa\u00f1a\u201d y el boicot. Ese tema ya est\u00e1 superado. O no. Que cada uno hace con su tiempo -y con su dinero- lo que le viene en gana. O en desgana. Pero alegrarse por el fracaso de una pel\u00edcula, trabajo colectivo de cientos de personas y, por tanto, pan para centenares de familias; me parece s\u00e1dico y cruel, con independencia de las opiniones de su director sobre el <i>Ser o no ser espa\u00f1ol<\/i>.<\/p>\n<p style=\"text-align: justify;\"><a href=\"http:\/\/www.granadablogs.com\/pateandoelmundo\/otro-follon-de-pelicula\/attachment\/550245\/\" rel=\"attachment wp-att-21009\"><img loading=\"lazy\" decoding=\"async\" class=\"aligncenter size-medium wp-image-21009\" src=\"http:\/\/www.granadablogs.com\/pateandoelmundo\/wp-content\/uploads\/2016\/12\/550245-210x300.jpg\" alt=\"1898 pel\u00edcula Filipinas\" width=\"210\" height=\"300\" srcset=\"https:\/\/www.granadablogs.com\/pateandoelmundo\/wp-content\/uploads\/2016\/12\/550245-210x300.jpg 210w, https:\/\/www.granadablogs.com\/pateandoelmundo\/wp-content\/uploads\/2016\/12\/550245.jpg 600w\" sizes=\"auto, (max-width: 210px) 100vw, 210px\" \/><\/a><\/p>\n<p style=\"text-align: justify;\">El caso es que el estreno de \u201c1898: Los \u00faltimos de Filipinas\u201d tambi\u00e9n est\u00e1 generando pol\u00e9mica y discusi\u00f3n. Quiz\u00e1 no tan enconadas, dado que su director, Salvador Calvo, no es tan conocido ni est\u00e1 tan significado como Trueba, pero est\u00e1 dando que hablar. \u00bfY que pensar? De ello hablo hoy en IDEAL.<\/p>\n<p style=\"text-align: justify;\">Empecemos por recordar que hablamos de una pel\u00edcula. De g\u00e9nero hist\u00f3rico, pero pe-l\u00ed-cu-la, al fin y al cabo. No es un documental ni un reportaje para los canales tem\u00e1ticos de historia. Es una pel\u00edcula de ficci\u00f3n basada en unos hechos que acontecieron en 1898, durante el sitio de Baler.<\/p>\n<p style=\"text-align: justify;\"><a href=\"http:\/\/www.granadablogs.com\/pateandoelmundo\/otro-follon-de-pelicula\/attachment\/3625774\/\" rel=\"attachment wp-att-21010\"><img loading=\"lazy\" decoding=\"async\" class=\"aligncenter size-medium wp-image-21010\" src=\"http:\/\/www.granadablogs.com\/pateandoelmundo\/wp-content\/uploads\/2016\/12\/3625774-300x169.jpeg\" alt=\"Fotograma \u00faltimos Filipinas\" width=\"300\" height=\"169\" srcset=\"https:\/\/www.granadablogs.com\/pateandoelmundo\/wp-content\/uploads\/2016\/12\/3625774-300x169.jpeg 300w, https:\/\/www.granadablogs.com\/pateandoelmundo\/wp-content\/uploads\/2016\/12\/3625774-768x432.jpeg 768w, https:\/\/www.granadablogs.com\/pateandoelmundo\/wp-content\/uploads\/2016\/12\/3625774-1024x576.jpeg 1024w, https:\/\/www.granadablogs.com\/pateandoelmundo\/wp-content\/uploads\/2016\/12\/3625774-644x362.jpeg 644w, https:\/\/www.granadablogs.com\/pateandoelmundo\/wp-content\/uploads\/2016\/12\/3625774.jpeg 1180w\" sizes=\"auto, (max-width: 300px) 100vw, 300px\" \/><\/a><\/p>\n<p style=\"text-align: justify;\">Y como tal pel\u00edcula, \u201c1898: Los \u00faltimos de Filipinas\u201d me ha gustado. No es perfecta ni una obra maestra, pero es una muy buena cinta de corte antibelicista y antiimperialista que obvia cualquier exaltaci\u00f3n de las haza\u00f1as b\u00e9licas para convertirse una agria y amarga reflexi\u00f3n sobre sobre las miserias de la guerra.<\/p>\n<p style=\"text-align: justify;\">El guionista, Alejandro Hern\u00e1ndez, es un cubano nacido en La Habana, en 1970, que luch\u00f3 en la guerra de Angola y tiene una poderosa y dur\u00edsima novela publicada por la editorial Salto de P\u00e1gina, \u201cOro ciego\u201d, sobre la Cuba\u2026 de 1898, precisamente. De ella escrib\u00ed hace a\u00f1os, <a href=\"http:\/\/www.granadablogs.com\/pateandoelmundo\/oro-ciego\/\" target=\"_blank\">en este art\u00edculo<\/a>.<\/p>\n<p style=\"text-align: justify;\">Sin embargo, viendo la cinta de Salvador Calvo, me da la sensaci\u00f3n de que el equipo de producci\u00f3n ha tomado como referente el \u201cPlatoon\u201d de Oliver Stone y su lema: \u201cLa primera v\u00edctima de la guerra es la inocencia\u201d. As\u00ed, hay militares buenos, malos y regulares. Solo que el malo es tan malo que resulta caricaturesco, lo que va en detrimento de la credibilidad de toda la pel\u00edcula.<\/p>\n<p style=\"text-align: justify;\"><a href=\"http:\/\/www.granadablogs.com\/pateandoelmundo\/otro-follon-de-pelicula\/platoon\/\" rel=\"attachment wp-att-21011\"><img loading=\"lazy\" decoding=\"async\" class=\"aligncenter size-medium wp-image-21011\" src=\"http:\/\/www.granadablogs.com\/pateandoelmundo\/wp-content\/uploads\/2016\/12\/platoon-225x300.jpg\" alt=\"platoon\" width=\"225\" height=\"300\" srcset=\"https:\/\/www.granadablogs.com\/pateandoelmundo\/wp-content\/uploads\/2016\/12\/platoon-225x300.jpg 225w, https:\/\/www.granadablogs.com\/pateandoelmundo\/wp-content\/uploads\/2016\/12\/platoon.jpg 630w\" sizes=\"auto, (max-width: 225px) 100vw, 225px\" \/><\/a><\/p>\n<p style=\"text-align: justify;\">Como no quiero destripar nada sobre el argumento y los personajes, lo dejo aqu\u00ed. De momento. Y les animo a ver una muy interesante pel\u00edcula, espa\u00f1ola, que aborda un tema tan complejo como doloroso.<\/p>\n<p style=\"text-align: justify;\">Jes\u00fas Lens<\/p>\n<p><a href=\"https:\/\/twitter.com\/Jesus_Lens\" target=\"_blank\" rel=\"attachment wp-att-20775\"><img loading=\"lazy\" decoding=\"async\" class=\"size-full wp-image-20775 alignleft\" src=\"http:\/\/www.granadablogs.com\/pateandoelmundo\/wp-content\/uploads\/2016\/11\/1-Twitter-Lens.jpg\" alt=\"1 Twitter Lens\" width=\"196\" height=\"47\" \/><\/a><\/p>\n","protected":false},"excerpt":{"rendered":"<p>\u00a1La que se est\u00e1 volviendo a liar con una pel\u00edcula espa\u00f1ola! No. No hablo del asunto de Trueba, \u201cLa Reina de Espa\u00f1a\u201d y el boicot. Ese tema ya est\u00e1 superado. O no. Que cada uno hace con su tiempo -y con su dinero- lo que le viene en gana. O en desgana. Pero alegrarse por [&hellip;]<\/p>\n","protected":false},"author":1,"featured_media":0,"comment_status":"open","ping_status":"open","sticky":false,"template":"","format":"standard","meta":{"jetpack_post_was_ever_published":false,"_jetpack_newsletter_access":"","_jetpack_dont_email_post_to_subs":false,"_jetpack_newsletter_tier_id":0,"_jetpack_memberships_contains_paywalled_content":false,"_jetpack_memberships_contains_paid_content":false,"footnotes":""},"categories":[10,6],"tags":[13572,13574,13578,13576,65,995,13573,13577,13575],"class_list":["post-21008","post","type-post","status-publish","format-standard","hentry","category-cine","category-opinion","tag-1898-los-ultimos-de-filipinas","tag-alejandro-hernandez-guion","tag-boicot-pelicula-trueba","tag-carlos-hipolito","tag-luis-tosar","tag-oro-ciego","tag-oro-ciego-alejandro-hernandez","tag-platoon","tag-salvador-calvo"],"jetpack_featured_media_url":"","jetpack_sharing_enabled":true,"_links":{"self":[{"href":"https:\/\/www.granadablogs.com\/pateandoelmundo\/wp-json\/wp\/v2\/posts\/21008","targetHints":{"allow":["GET"]}}],"collection":[{"href":"https:\/\/www.granadablogs.com\/pateandoelmundo\/wp-json\/wp\/v2\/posts"}],"about":[{"href":"https:\/\/www.granadablogs.com\/pateandoelmundo\/wp-json\/wp\/v2\/types\/post"}],"author":[{"embeddable":true,"href":"https:\/\/www.granadablogs.com\/pateandoelmundo\/wp-json\/wp\/v2\/users\/1"}],"replies":[{"embeddable":true,"href":"https:\/\/www.granadablogs.com\/pateandoelmundo\/wp-json\/wp\/v2\/comments?post=21008"}],"version-history":[{"count":2,"href":"https:\/\/www.granadablogs.com\/pateandoelmundo\/wp-json\/wp\/v2\/posts\/21008\/revisions"}],"predecessor-version":[{"id":21013,"href":"https:\/\/www.granadablogs.com\/pateandoelmundo\/wp-json\/wp\/v2\/posts\/21008\/revisions\/21013"}],"wp:attachment":[{"href":"https:\/\/www.granadablogs.com\/pateandoelmundo\/wp-json\/wp\/v2\/media?parent=21008"}],"wp:term":[{"taxonomy":"category","embeddable":true,"href":"https:\/\/www.granadablogs.com\/pateandoelmundo\/wp-json\/wp\/v2\/categories?post=21008"},{"taxonomy":"post_tag","embeddable":true,"href":"https:\/\/www.granadablogs.com\/pateandoelmundo\/wp-json\/wp\/v2\/tags?post=21008"}],"curies":[{"name":"wp","href":"https:\/\/api.w.org\/{rel}","templated":true}]}}