{"id":20819,"date":"2016-11-13T11:30:43","date_gmt":"2016-11-13T10:30:43","guid":{"rendered":"http:\/\/www.granadablogs.com\/pateandoelmundo\/?p=20819"},"modified":"2016-11-14T11:36:22","modified_gmt":"2016-11-14T10:36:22","slug":"os-vais-a-enterar-todos","status":"publish","type":"post","link":"https:\/\/www.granadablogs.com\/pateandoelmundo\/os-vais-a-enterar-todos\/","title":{"rendered":"Os vais a enterar todos"},"content":{"rendered":"<p style=\"text-align: justify;\">Populismo por doquier. Es la palabra de la semana y va camino de convertirse en la palabra del a\u00f1o. Populismo. Da lo mismo que se hable de Trump que de Le Pen, de los ultraderechistas h\u00fangaros, de los defensores del Brexit, de Maduro en Venezuela o de las primarias de Podemos en Espa\u00f1a.<\/p>\n<p style=\"text-align: justify;\"><a href=\"http:\/\/www.granadablogs.com\/pateandoelmundo\/os-vais-a-enterar-todos\/populismo\/\" rel=\"attachment wp-att-20820\"><img loading=\"lazy\" decoding=\"async\" class=\"aligncenter size-medium wp-image-20820\" src=\"http:\/\/www.granadablogs.com\/pateandoelmundo\/wp-content\/uploads\/2016\/11\/Populismo-300x160.jpg\" alt=\"Populismo\" width=\"300\" height=\"160\" srcset=\"https:\/\/www.granadablogs.com\/pateandoelmundo\/wp-content\/uploads\/2016\/11\/Populismo-300x160.jpg 300w, https:\/\/www.granadablogs.com\/pateandoelmundo\/wp-content\/uploads\/2016\/11\/Populismo-768x410.jpg 768w, https:\/\/www.granadablogs.com\/pateandoelmundo\/wp-content\/uploads\/2016\/11\/Populismo-1024x546.jpg 1024w, https:\/\/www.granadablogs.com\/pateandoelmundo\/wp-content\/uploads\/2016\/11\/Populismo-644x344.jpg 644w, https:\/\/www.granadablogs.com\/pateandoelmundo\/wp-content\/uploads\/2016\/11\/Populismo.jpg 1960w\" sizes=\"auto, (max-width: 300px) 100vw, 300px\" \/><\/a><\/p>\n<p style=\"text-align: justify;\">Catalogar el voto antisistema como populista es una f\u00f3rmula c\u00f3moda para hacernos sentir bien. Tranquilos y reconfortados. Solemos despachar ese voto con displicencia, adjudic\u00e1ndoselo a gente poco preparada y\/o enga\u00f1ada que no sabe lo que se hace. Solo que, cada vez m\u00e1s, ese voto acaba triunfando en las urnas. Entonces, nos echamos las manos a la cabeza.<\/p>\n<p style=\"text-align: justify;\">\n<p style=\"text-align: justify;\">Un voto, adem\u00e1s, que no aparece en las encuestas. Y es que hay un voto, err\u00f3neamente considerado como populista, tanto de derechas \u00bfextremas? como de izquierdas \u00bfultras?; con un componente que los institutos demosc\u00f3picos parecen no detectar. Un componente que podr\u00edamos definir como <em><strong>\u201cEstoy-hasta-los-huevos. Os vais a enterar todos\u201d<\/strong><\/em>. Un componente visceral -no irracional- que va m\u00e1s all\u00e1 de la desafecci\u00f3n pol\u00edtica o del hartazgo de los partidos tradicionales.<\/p>\n<figure id=\"attachment_20821\" aria-describedby=\"caption-attachment-20821\" style=\"width: 300px\" class=\"wp-caption aligncenter\"><a href=\"http:\/\/www.granadablogs.com\/pateandoelmundo\/os-vais-a-enterar-todos\/great-briitain-leaves-european-union-metaphor\/\" rel=\"attachment wp-att-20821\"><img loading=\"lazy\" decoding=\"async\" class=\"size-medium wp-image-20821\" src=\"http:\/\/www.granadablogs.com\/pateandoelmundo\/wp-content\/uploads\/2016\/11\/Brexit-300x174.jpg\" alt=\"united kingdom exit from europe relative image\" width=\"300\" height=\"174\" srcset=\"https:\/\/www.granadablogs.com\/pateandoelmundo\/wp-content\/uploads\/2016\/11\/Brexit-300x174.jpg 300w, https:\/\/www.granadablogs.com\/pateandoelmundo\/wp-content\/uploads\/2016\/11\/Brexit-768x445.jpg 768w, https:\/\/www.granadablogs.com\/pateandoelmundo\/wp-content\/uploads\/2016\/11\/Brexit-1024x593.jpg 1024w, https:\/\/www.granadablogs.com\/pateandoelmundo\/wp-content\/uploads\/2016\/11\/Brexit-644x373.jpg 644w, https:\/\/www.granadablogs.com\/pateandoelmundo\/wp-content\/uploads\/2016\/11\/Brexit.jpg 1812w\" sizes=\"auto, (max-width: 300px) 100vw, 300px\" \/><\/a><figcaption id=\"caption-attachment-20821\" class=\"wp-caption-text\">united kingdom exit from europe relative image<\/figcaption><\/figure>\n<p style=\"text-align: justify;\">Va para diez a\u00f1os que la crisis nos viene golpeando con fuerza, de forma demoledora. Diez a\u00f1os letales que se han cebado con las clases populares de la sociedad y que han diezmado lo que antes se llamaba clase media. Un per\u00edodo extremadamente largo que ha ahondado de forma abismal la brecha de la desigualdad, cercenando las expectativas y esperanzas de millones de personas.<\/p>\n<p style=\"text-align: justify;\">\n<p style=\"text-align: justify;\">Personas que, no pudiendo encarar el futuro con un m\u00ednimo de optimismo y conociendo el pasado del que venimos, miran a su alrededor y ven que el empobrecimiento no ha sido equitativo. Que hay determinados sujetos, culpables por acci\u00f3n u omisi\u00f3n de esta crisis, que siguen viviendo muy bien. Y que, encima, se permiten dar lecciones de moralidad. Y consejitos. Y avisos para navegantes, desplegando sus maniobras orquestales en la oscuridad.<\/p>\n<p style=\"text-align: justify;\"><a href=\"http:\/\/www.granadablogs.com\/pateandoelmundo\/os-vais-a-enterar-todos\/trumpazo-2\/\" rel=\"attachment wp-att-20822\"><img loading=\"lazy\" decoding=\"async\" class=\"aligncenter size-medium wp-image-20822\" src=\"http:\/\/www.granadablogs.com\/pateandoelmundo\/wp-content\/uploads\/2016\/11\/Trumpazo-300x161.jpg\" alt=\"Trumpazo\" width=\"300\" height=\"161\" srcset=\"https:\/\/www.granadablogs.com\/pateandoelmundo\/wp-content\/uploads\/2016\/11\/Trumpazo-300x161.jpg 300w, https:\/\/www.granadablogs.com\/pateandoelmundo\/wp-content\/uploads\/2016\/11\/Trumpazo.jpg 306w\" sizes=\"auto, (max-width: 300px) 100vw, 300px\" \/><\/a><\/p>\n<p style=\"text-align: justify;\">Estas personas, vapuleadas una y otra vez, no dicen a los encuestadores todo lo que sueltan, cabreadas, en las barras de los bares. Personas obligadas por las circunstancias a tragar, pero que no se conforman. Personas que, convocadas a las urnas un domingo (o un martes) cualquiera, sujetan la papeleta electoral como el que empu\u00f1a un machete y ejercen su leg\u00edtimo derecho al voto de forma vindicativa, al grito de: \u00a1os vais a enterar!<\/p>\n<p style=\"text-align: justify;\">\n<p style=\"text-align: justify;\">Jes\u00fas Lens<\/p>\n<p style=\"text-align: justify;\"><a href=\"https:\/\/twitter.com\/Jesus_Lens\" target=\"_blank\" rel=\"attachment wp-att-20775\"><img loading=\"lazy\" decoding=\"async\" class=\"size-full wp-image-20775 alignleft\" src=\"http:\/\/www.granadablogs.com\/pateandoelmundo\/wp-content\/uploads\/2016\/11\/1-Twitter-Lens.jpg\" alt=\"1 Twitter Lens\" width=\"196\" height=\"47\" \/><\/a><\/p>\n","protected":false},"excerpt":{"rendered":"<p>Populismo por doquier. Es la palabra de la semana y va camino de convertirse en la palabra del a\u00f1o. Populismo. Da lo mismo que se hable de Trump que de Le Pen, de los ultraderechistas h\u00fangaros, de los defensores del Brexit, de Maduro en Venezuela o de las primarias de Podemos en Espa\u00f1a. Catalogar el [&hellip;]<\/p>\n","protected":false},"author":1,"featured_media":0,"comment_status":"open","ping_status":"open","sticky":false,"template":"","format":"standard","meta":{"jetpack_post_was_ever_published":false,"_jetpack_newsletter_access":"","_jetpack_dont_email_post_to_subs":false,"_jetpack_newsletter_tier_id":0,"_jetpack_memberships_contains_paywalled_content":false,"_jetpack_memberships_contains_paid_content":false,"footnotes":""},"categories":[6],"tags":[13454,13453,12621,13455],"class_list":["post-20819","post","type-post","status-publish","format-standard","hentry","category-opinion","tag-populismo","tag-trum","tag-trumpazo","tag-voto-populista"],"jetpack_featured_media_url":"","jetpack_sharing_enabled":true,"_links":{"self":[{"href":"https:\/\/www.granadablogs.com\/pateandoelmundo\/wp-json\/wp\/v2\/posts\/20819","targetHints":{"allow":["GET"]}}],"collection":[{"href":"https:\/\/www.granadablogs.com\/pateandoelmundo\/wp-json\/wp\/v2\/posts"}],"about":[{"href":"https:\/\/www.granadablogs.com\/pateandoelmundo\/wp-json\/wp\/v2\/types\/post"}],"author":[{"embeddable":true,"href":"https:\/\/www.granadablogs.com\/pateandoelmundo\/wp-json\/wp\/v2\/users\/1"}],"replies":[{"embeddable":true,"href":"https:\/\/www.granadablogs.com\/pateandoelmundo\/wp-json\/wp\/v2\/comments?post=20819"}],"version-history":[{"count":2,"href":"https:\/\/www.granadablogs.com\/pateandoelmundo\/wp-json\/wp\/v2\/posts\/20819\/revisions"}],"predecessor-version":[{"id":20824,"href":"https:\/\/www.granadablogs.com\/pateandoelmundo\/wp-json\/wp\/v2\/posts\/20819\/revisions\/20824"}],"wp:attachment":[{"href":"https:\/\/www.granadablogs.com\/pateandoelmundo\/wp-json\/wp\/v2\/media?parent=20819"}],"wp:term":[{"taxonomy":"category","embeddable":true,"href":"https:\/\/www.granadablogs.com\/pateandoelmundo\/wp-json\/wp\/v2\/categories?post=20819"},{"taxonomy":"post_tag","embeddable":true,"href":"https:\/\/www.granadablogs.com\/pateandoelmundo\/wp-json\/wp\/v2\/tags?post=20819"}],"curies":[{"name":"wp","href":"https:\/\/api.w.org\/{rel}","templated":true}]}}