{"id":20653,"date":"2016-10-22T13:12:39","date_gmt":"2016-10-22T12:12:39","guid":{"rendered":"http:\/\/www.granadablogs.com\/pateandoelmundo\/?p=20653"},"modified":"2016-10-24T13:17:58","modified_gmt":"2016-10-24T12:17:58","slug":"rodando-por-la-provincia","status":"publish","type":"post","link":"https:\/\/www.granadablogs.com\/pateandoelmundo\/rodando-por-la-provincia\/","title":{"rendered":"Rodando por la provincia"},"content":{"rendered":"<p style=\"text-align: justify;\">Ayer se cumpl\u00edan 47 a\u00f1os de la muerte de Jack Kerouac, el c\u00e9lebre autor de \u201cOn the road\u201d, una novela que tanto ha marcado a varias generaciones de lectores. Y quiso la casualidad que ayer terminara, tambi\u00e9n, la gira que hemos hecho por diversos pueblos de la provincia, dentro del Festival Granada Noir. De ello hablo hoy en IDEAL.<\/p>\n<p style=\"text-align: justify;\">\n<p style=\"text-align: justify;\"><a href=\"http:\/\/www.granadablogs.com\/pateandoelmundo\/rodando-por-la-provincia\/granada-noir-el-silencio-de-los-corderos\/\" rel=\"attachment wp-att-20654\"><img loading=\"lazy\" decoding=\"async\" class=\"aligncenter size-medium wp-image-20654\" src=\"http:\/\/www.granadablogs.com\/pateandoelmundo\/wp-content\/uploads\/2016\/10\/Granada-Noir-El-Silencio-de-los-Corderos-300x225.jpg\" alt=\"Granada Noir El Silencio de los Corderos\" width=\"300\" height=\"225\" srcset=\"https:\/\/www.granadablogs.com\/pateandoelmundo\/wp-content\/uploads\/2016\/10\/Granada-Noir-El-Silencio-de-los-Corderos-300x225.jpg 300w, https:\/\/www.granadablogs.com\/pateandoelmundo\/wp-content\/uploads\/2016\/10\/Granada-Noir-El-Silencio-de-los-Corderos-768x576.jpg 768w, https:\/\/www.granadablogs.com\/pateandoelmundo\/wp-content\/uploads\/2016\/10\/Granada-Noir-El-Silencio-de-los-Corderos-1024x768.jpg 1024w, https:\/\/www.granadablogs.com\/pateandoelmundo\/wp-content\/uploads\/2016\/10\/Granada-Noir-El-Silencio-de-los-Corderos-644x483.jpg 644w, https:\/\/www.granadablogs.com\/pateandoelmundo\/wp-content\/uploads\/2016\/10\/Granada-Noir-El-Silencio-de-los-Corderos.jpg 1600w\" sizes=\"auto, (max-width: 300px) 100vw, 300px\" \/><\/a><\/p>\n<p style=\"text-align: justify;\">\n<p style=\"text-align: justify;\">El \u00faltimo encuentro fue en la hermosa Vegas del Genil, tan cerca de la capital, pero con el encanto de un pueblo con ra\u00edces, tradici\u00f3n, sabor, aroma y sensibilidad. Vegas se ha convertido en c\u00f3mplice de Granada Noir gracias al decidido apoyo de Eli, su culta, inquieta e incansable concejala de cultura. Gracias a ella, escritores como Empar Fern\u00e1ndez o Alejandro Pedregosa han mantenido largas y productivas charlas con los \u00e1vidos lectores de un Club de Lectura que funciona a las mil maravillas.<\/p>\n<p style=\"text-align: justify;\">\n<p style=\"text-align: justify;\">Antes de ir Vegas, gracias a la colaboraci\u00f3n de la Diputaci\u00f3n de Granada, estuvimos en Hu\u00e9scar, Sorvil\u00e1n, Fornes, Alhend\u00edn y V\u00e9lez de Benaudalla. Cuando hablaba con amigos y les explicaba el plan, vi\u00e9ndome ojeroso y cansado, me preguntaban que para qu\u00e9 me meto en estos jaleos. Otra vez.<\/p>\n<p style=\"text-align: justify;\">\n<figure id=\"attachment_20655\" aria-describedby=\"caption-attachment-20655\" style=\"width: 225px\" class=\"wp-caption aligncenter\"><a href=\"http:\/\/www.granadablogs.com\/pateandoelmundo\/rodando-por-la-provincia\/granada-noir-sorvilan\/\" rel=\"attachment wp-att-20655\"><img loading=\"lazy\" decoding=\"async\" class=\"size-medium wp-image-20655\" src=\"http:\/\/www.granadablogs.com\/pateandoelmundo\/wp-content\/uploads\/2016\/10\/Granada-Noir-Sorvil\u00e1n-225x300.jpg\" alt=\"Sorvil\u00e1n\" width=\"225\" height=\"300\" srcset=\"https:\/\/www.granadablogs.com\/pateandoelmundo\/wp-content\/uploads\/2016\/10\/Granada-Noir-Sorvil\u00e1n-225x300.jpg 225w, https:\/\/www.granadablogs.com\/pateandoelmundo\/wp-content\/uploads\/2016\/10\/Granada-Noir-Sorvil\u00e1n-768x1024.jpg 768w, https:\/\/www.granadablogs.com\/pateandoelmundo\/wp-content\/uploads\/2016\/10\/Granada-Noir-Sorvil\u00e1n-644x859.jpg 644w, https:\/\/www.granadablogs.com\/pateandoelmundo\/wp-content\/uploads\/2016\/10\/Granada-Noir-Sorvil\u00e1n.jpg 960w\" sizes=\"auto, (max-width: 225px) 100vw, 225px\" \/><\/a><figcaption id=\"caption-attachment-20655\" class=\"wp-caption-text\">Sorvil\u00e1n<\/figcaption><\/figure>\n<p style=\"text-align: justify;\">\n<p style=\"text-align: justify;\">S\u00ed. Ha sido duro eso de trasponer kil\u00f3metros y kil\u00f3metros para hablar de Hannibal Lecter y de \u201cEl silencio de los corderos\u201d en tantos sitios. Pero si creemos en una cultura popular, abierta, accesible y queremos que llegue a todos los rincones de Granada, no basta con decirlo, escribirlo y proclamarlo. Hay que remangarse y ponerse en marcha.<\/p>\n<p style=\"text-align: justify;\">\n<p style=\"text-align: justify;\">Echarse a esos caminos y carreteras locales que te permiten disfrutar de vistas espectaculares, cruzarte con cabras monteses y perdices, comer deliciosos pesti\u00f1os y comprar quesos artesanales.<\/p>\n<p style=\"text-align: justify;\">\n<p style=\"text-align: justify;\"><a href=\"http:\/\/www.granadablogs.com\/pateandoelmundo\/rodando-por-la-provincia\/granada-noir-velez-de-benaudalla\/\" rel=\"attachment wp-att-20656\"><img loading=\"lazy\" decoding=\"async\" class=\"aligncenter size-medium wp-image-20656\" src=\"http:\/\/www.granadablogs.com\/pateandoelmundo\/wp-content\/uploads\/2016\/10\/Granada-Noir-V\u00e9lez-de-Benaudalla-225x300.jpg\" alt=\"Granada Noir V\u00e9lez de Benaudalla\" width=\"225\" height=\"300\" srcset=\"https:\/\/www.granadablogs.com\/pateandoelmundo\/wp-content\/uploads\/2016\/10\/Granada-Noir-V\u00e9lez-de-Benaudalla-225x300.jpg 225w, https:\/\/www.granadablogs.com\/pateandoelmundo\/wp-content\/uploads\/2016\/10\/Granada-Noir-V\u00e9lez-de-Benaudalla-768x1024.jpg 768w, https:\/\/www.granadablogs.com\/pateandoelmundo\/wp-content\/uploads\/2016\/10\/Granada-Noir-V\u00e9lez-de-Benaudalla-644x859.jpg 644w, https:\/\/www.granadablogs.com\/pateandoelmundo\/wp-content\/uploads\/2016\/10\/Granada-Noir-V\u00e9lez-de-Benaudalla.jpg 1200w\" sizes=\"auto, (max-width: 225px) 100vw, 225px\" \/><\/a><\/p>\n<p style=\"text-align: justify;\">\n<p style=\"text-align: justify;\">La vida en la carretera es dura y exigente, pero adictiva y de lo m\u00e1s gratificante, compartida con amigos como Gustavo o Pepe. \u00a1Que le pregunten a Bob Dylan, embarcado en su The Neverending Tour desde el 7 de junio de 1988! Cerca de treinta a\u00f1os de gira ininterrumpida\u2026<\/p>\n<p style=\"text-align: justify;\">\n<p style=\"text-align: justify;\">Y luego est\u00e1 el placer de hablar de cine. De compartir la experiencia cinematogr\u00e1fica con un pu\u00f1ado de atentos espectadores. Que los veinte de Sorvil\u00e1n, por ejemplo, son el 10% de la poblaci\u00f3n. Y la casualidad de coincidir con Pilar y Rita, dos antiguas alumnas de mi padre, en V\u00e9lez. Y recordar con ellas an\u00e9cdotas e historias de Don Jes\u00fas. \u00bfC\u00f3mo no van a ser adictivos los On the roads?<\/p>\n<p style=\"text-align: justify;\">\n<p style=\"text-align: justify;\">Jes\u00fas Lens<\/p>\n<p style=\"text-align: justify;\"><a href=\"https:\/\/twitter.com\/Jesus_Lens\" target=\"_blank\" rel=\"attachment wp-att-19740\"><img loading=\"lazy\" decoding=\"async\" class=\"size-full wp-image-19740 alignleft\" src=\"http:\/\/www.granadablogs.com\/pateandoelmundo\/wp-content\/uploads\/2016\/06\/Twitter-Lens.jpg\" alt=\"Twitter Lens\" width=\"196\" height=\"47\" \/><\/a><\/p>\n","protected":false},"excerpt":{"rendered":"<p>Ayer se cumpl\u00edan 47 a\u00f1os de la muerte de Jack Kerouac, el c\u00e9lebre autor de \u201cOn the road\u201d, una novela que tanto ha marcado a varias generaciones de lectores. Y quiso la casualidad que ayer terminara, tambi\u00e9n, la gira que hemos hecho por diversos pueblos de la provincia, dentro del Festival Granada Noir. De ello [&hellip;]<\/p>\n","protected":false},"author":1,"featured_media":0,"comment_status":"open","ping_status":"open","sticky":false,"template":"","format":"standard","meta":{"jetpack_post_was_ever_published":false,"_jetpack_newsletter_access":"","_jetpack_dont_email_post_to_subs":false,"_jetpack_newsletter_tier_id":0,"_jetpack_memberships_contains_paywalled_content":false,"_jetpack_memberships_contains_paid_content":false,"footnotes":""},"categories":[11144],"tags":[972,11145,13329,13330,13331,13332,13328,13333,13334],"class_list":["post-20653","post","type-post","status-publish","format-standard","hentry","category-granada-noir","tag-diputacion-de-granada","tag-granada-noir-2","tag-granada-noir-extension","tag-jesus-lens-gustavo-gomez","tag-pestinos-velez-benaudalla","tag-quesos-jayena","tag-rodando-por-la-provincia","tag-sorvilan","tag-vegas-del-genil"],"jetpack_featured_media_url":"","jetpack_sharing_enabled":true,"_links":{"self":[{"href":"https:\/\/www.granadablogs.com\/pateandoelmundo\/wp-json\/wp\/v2\/posts\/20653","targetHints":{"allow":["GET"]}}],"collection":[{"href":"https:\/\/www.granadablogs.com\/pateandoelmundo\/wp-json\/wp\/v2\/posts"}],"about":[{"href":"https:\/\/www.granadablogs.com\/pateandoelmundo\/wp-json\/wp\/v2\/types\/post"}],"author":[{"embeddable":true,"href":"https:\/\/www.granadablogs.com\/pateandoelmundo\/wp-json\/wp\/v2\/users\/1"}],"replies":[{"embeddable":true,"href":"https:\/\/www.granadablogs.com\/pateandoelmundo\/wp-json\/wp\/v2\/comments?post=20653"}],"version-history":[{"count":2,"href":"https:\/\/www.granadablogs.com\/pateandoelmundo\/wp-json\/wp\/v2\/posts\/20653\/revisions"}],"predecessor-version":[{"id":20658,"href":"https:\/\/www.granadablogs.com\/pateandoelmundo\/wp-json\/wp\/v2\/posts\/20653\/revisions\/20658"}],"wp:attachment":[{"href":"https:\/\/www.granadablogs.com\/pateandoelmundo\/wp-json\/wp\/v2\/media?parent=20653"}],"wp:term":[{"taxonomy":"category","embeddable":true,"href":"https:\/\/www.granadablogs.com\/pateandoelmundo\/wp-json\/wp\/v2\/categories?post=20653"},{"taxonomy":"post_tag","embeddable":true,"href":"https:\/\/www.granadablogs.com\/pateandoelmundo\/wp-json\/wp\/v2\/tags?post=20653"}],"curies":[{"name":"wp","href":"https:\/\/api.w.org\/{rel}","templated":true}]}}