{"id":20572,"date":"2016-10-14T09:53:58","date_gmt":"2016-10-14T08:53:58","guid":{"rendered":"http:\/\/www.granadablogs.com\/pateandoelmundo\/?p=20572"},"modified":"2016-10-14T15:20:36","modified_gmt":"2016-10-14T14:20:36","slug":"en-nobel-mas-musical","status":"publish","type":"post","link":"https:\/\/www.granadablogs.com\/pateandoelmundo\/en-nobel-mas-musical\/","title":{"rendered":"El Nobel m\u00e1s musical"},"content":{"rendered":"<p style=\"text-align: justify;\">Hasta tres veces ha actuado el Nobel de Literatura de este a\u00f1o en Granada. La \u00faltima, har\u00e1 poco m\u00e1s de un a\u00f1o. Dylan. Bob Dylan. Un m\u00fasico y poeta cuya figura trasciende la historia de las artes para entrar, directamente, en la mitolog\u00eda. Y de ello escribo hoy en IDEAL.<\/p>\n<p style=\"text-align: justify;\"><a href=\"http:\/\/www.granadablogs.com\/pateandoelmundo\/en-nobel-mas-musical\/bob-dylan-granada-indyrock\/\" rel=\"attachment wp-att-20573\"><img loading=\"lazy\" decoding=\"async\" class=\"aligncenter size-medium wp-image-20573\" src=\"http:\/\/www.granadablogs.com\/pateandoelmundo\/wp-content\/uploads\/2016\/10\/Bob-Dylan-Granada-Indyrock-300x214.jpg\" alt=\"Bob Dylan Granada Indyrock\" width=\"300\" height=\"214\" srcset=\"https:\/\/www.granadablogs.com\/pateandoelmundo\/wp-content\/uploads\/2016\/10\/Bob-Dylan-Granada-Indyrock-300x214.jpg 300w, https:\/\/www.granadablogs.com\/pateandoelmundo\/wp-content\/uploads\/2016\/10\/Bob-Dylan-Granada-Indyrock-768x549.jpg 768w, https:\/\/www.granadablogs.com\/pateandoelmundo\/wp-content\/uploads\/2016\/10\/Bob-Dylan-Granada-Indyrock-644x460.jpg 644w, https:\/\/www.granadablogs.com\/pateandoelmundo\/wp-content\/uploads\/2016\/10\/Bob-Dylan-Granada-Indyrock.jpg 900w\" sizes=\"auto, (max-width: 300px) 100vw, 300px\" \/><\/a><\/p>\n<p style=\"text-align: justify;\">Cuando le concedieron el Nobel del a\u00f1o pasado a la escritora y periodista bielorrusa Svetlana Alexi\u00e9vich, hubo un cierto silencio generalizado. En primer lugar, porque a ver qui\u00e9n era el valiente que le pon\u00eda un pero a \u201csus escritos polif\u00f3nicos, un monumento al sufrimiento y al coraje en nuestro tiempo\u201d. Y, en segundo lugar, \u00bfqui\u00e9n era el guapo que la hab\u00eda le\u00eddo como para sentirse capacitado para juzgar su obra?<\/p>\n<p style=\"text-align: justify;\">En el Nobel a Dylan, sin embargo, todos nos sentimos legitimados, \u00a0llamados y casi, casi obligados a opinar y posicionarnos. Volver a los argumentos a favor y en contra que venimos leyendo desde ayer ser\u00eda absurdo, cansino y reiterativo. Personalmente, estoy a favor.<\/p>\n<p style=\"text-align: justify;\"><a href=\"http:\/\/www.granadablogs.com\/pateandoelmundo\/en-nobel-mas-musical\/bob-dylan-granada\/\" rel=\"attachment wp-att-20574\"><img loading=\"lazy\" decoding=\"async\" class=\"aligncenter size-medium wp-image-20574\" src=\"http:\/\/www.granadablogs.com\/pateandoelmundo\/wp-content\/uploads\/2016\/10\/Bob-Dylan-Granada-300x169.jpg\" alt=\"Bob Dylan Granada\" width=\"300\" height=\"169\" srcset=\"https:\/\/www.granadablogs.com\/pateandoelmundo\/wp-content\/uploads\/2016\/10\/Bob-Dylan-Granada-300x169.jpg 300w, https:\/\/www.granadablogs.com\/pateandoelmundo\/wp-content\/uploads\/2016\/10\/Bob-Dylan-Granada.jpg 575w\" sizes=\"auto, (max-width: 300px) 100vw, 300px\" \/><\/a><\/p>\n<p style=\"text-align: justify;\">No creo que haya nadie que discuta la calidad de la poes\u00eda de decenas y decenas de letras del acervo dylaniano. Poes\u00eda que forma parte del yo m\u00e1s \u00edntimo de, al menos, tres generaciones. Cuando, en su \u00faltima actuaci\u00f3n en Granada, se marc\u00f3 el \u201cBlowing in the wind\u201d, los (pocos) asistentes que est\u00e1bamos atentos al concierto, nos sentimos levitar, elevados a los cielos. Hubo otros muchos miles que ni se enteraron de que Dylan toc\u00f3 uno de sus himnos inmemoriales. Ellos estaban all\u00ed para otra cosa. Para verse y dejarse ver. Pero esa es otra historia.<\/p>\n<p style=\"text-align: justify;\">El caso es que las Redes arden con el tema. Y s\u00ed. Es cierto que el Nobel no lo tienen Philip Roth, McCarthy o el mism\u00edsimo Murakami, uno de los eternos perdedores. Pero, si somos sinceros, \u00bfqui\u00e9n ha le\u00eddo algo de Svetlana Alexi\u00e9vich en estos doce meses?<\/p>\n<figure id=\"attachment_20575\" aria-describedby=\"caption-attachment-20575\" style=\"width: 285px\" class=\"wp-caption aligncenter\"><a href=\"http:\/\/www.granadablogs.com\/pateandoelmundo\/en-nobel-mas-musical\/concierto-de-bob-dylan-foto-ramon-l-perez\/\" rel=\"attachment wp-att-20575\"><img loading=\"lazy\" decoding=\"async\" class=\"size-medium wp-image-20575\" src=\"http:\/\/www.granadablogs.com\/pateandoelmundo\/wp-content\/uploads\/2016\/10\/Bob-Dylan-Premio-Nobel-Literatura-285x300.jpg\" alt=\"Concierto de Bob Dylan. Foto: Ram\u00f3n L. P\u00e9rez\" width=\"285\" height=\"300\" srcset=\"https:\/\/www.granadablogs.com\/pateandoelmundo\/wp-content\/uploads\/2016\/10\/Bob-Dylan-Premio-Nobel-Literatura-285x300.jpg 285w, https:\/\/www.granadablogs.com\/pateandoelmundo\/wp-content\/uploads\/2016\/10\/Bob-Dylan-Premio-Nobel-Literatura-768x808.jpg 768w, https:\/\/www.granadablogs.com\/pateandoelmundo\/wp-content\/uploads\/2016\/10\/Bob-Dylan-Premio-Nobel-Literatura-644x678.jpg 644w, https:\/\/www.granadablogs.com\/pateandoelmundo\/wp-content\/uploads\/2016\/10\/Bob-Dylan-Premio-Nobel-Literatura.jpg 855w\" sizes=\"auto, (max-width: 285px) 100vw, 285px\" \/><\/a><figcaption id=\"caption-attachment-20575\" class=\"wp-caption-text\">Concierto de Bob Dylan. Foto: Ram\u00f3n L. P\u00e9rez<\/figcaption><\/figure>\n<p style=\"text-align: justify;\">Yo soy poco amigos de purismos y esencias. Me gustan el mestizaje, el maridaje y la combinaci\u00f3n de artes. Me gusta que la Feria del Libro de Granada, por ejemplo, vincule literatura y m\u00fasica, al igual que he disfrutado este a\u00f1o, en Granada Noir, llevando los libros a algunos bares de la ciudad, para comentarlos con sus autores al calor de una Alhambra Especial.<\/p>\n<p style=\"text-align: justify;\">De hecho, ya cuento los d\u00edas para que le den el Nobel del a\u00f1o que viene a Woody Allen, genio incontestable de la escritura cinematogr\u00e1fica.<\/p>\n<p style=\"text-align: justify;\">Jes\u00fas Lens<\/p>\n<p style=\"text-align: justify;\"><a href=\"https:\/\/twitter.com\/Jesus_Lens\" target=\"_blank\" rel=\"attachment wp-att-19740\"><img loading=\"lazy\" decoding=\"async\" class=\"size-full wp-image-19740 alignleft\" src=\"http:\/\/www.granadablogs.com\/pateandoelmundo\/wp-content\/uploads\/2016\/06\/Twitter-Lens.jpg\" alt=\"Twitter Lens\" width=\"196\" height=\"47\" \/><\/a><\/p>\n<p>&nbsp;<\/p>\n","protected":false},"excerpt":{"rendered":"<p>Hasta tres veces ha actuado el Nobel de Literatura de este a\u00f1o en Granada. La \u00faltima, har\u00e1 poco m\u00e1s de un a\u00f1o. Dylan. Bob Dylan. Un m\u00fasico y poeta cuya figura trasciende la historia de las artes para entrar, directamente, en la mitolog\u00eda. Y de ello escribo hoy en IDEAL. Cuando le concedieron el Nobel [&hellip;]<\/p>\n","protected":false},"author":1,"featured_media":0,"comment_status":"open","ping_status":"open","sticky":false,"template":"","format":"standard","meta":{"jetpack_post_was_ever_published":false,"_jetpack_newsletter_access":"","_jetpack_dont_email_post_to_subs":false,"_jetpack_newsletter_tier_id":0,"_jetpack_memberships_contains_paywalled_content":false,"_jetpack_memberships_contains_paid_content":false,"footnotes":""},"categories":[17,6],"tags":[3920,13278,13276,2374,13275,11145,13274,13277],"class_list":["post-20572","post","type-post","status-publish","format-standard","hentry","category-musica","category-opinion","tag-alhambra-especial","tag-beber-cerveza","tag-bob-dylan-en-granada","tag-cervezas-alhambra","tag-dylan-granada","tag-granada-noir-2","tag-nobel-bob-dylan","tag-premios-bob-dylan"],"jetpack_featured_media_url":"","jetpack_sharing_enabled":true,"_links":{"self":[{"href":"https:\/\/www.granadablogs.com\/pateandoelmundo\/wp-json\/wp\/v2\/posts\/20572","targetHints":{"allow":["GET"]}}],"collection":[{"href":"https:\/\/www.granadablogs.com\/pateandoelmundo\/wp-json\/wp\/v2\/posts"}],"about":[{"href":"https:\/\/www.granadablogs.com\/pateandoelmundo\/wp-json\/wp\/v2\/types\/post"}],"author":[{"embeddable":true,"href":"https:\/\/www.granadablogs.com\/pateandoelmundo\/wp-json\/wp\/v2\/users\/1"}],"replies":[{"embeddable":true,"href":"https:\/\/www.granadablogs.com\/pateandoelmundo\/wp-json\/wp\/v2\/comments?post=20572"}],"version-history":[{"count":3,"href":"https:\/\/www.granadablogs.com\/pateandoelmundo\/wp-json\/wp\/v2\/posts\/20572\/revisions"}],"predecessor-version":[{"id":20583,"href":"https:\/\/www.granadablogs.com\/pateandoelmundo\/wp-json\/wp\/v2\/posts\/20572\/revisions\/20583"}],"wp:attachment":[{"href":"https:\/\/www.granadablogs.com\/pateandoelmundo\/wp-json\/wp\/v2\/media?parent=20572"}],"wp:term":[{"taxonomy":"category","embeddable":true,"href":"https:\/\/www.granadablogs.com\/pateandoelmundo\/wp-json\/wp\/v2\/categories?post=20572"},{"taxonomy":"post_tag","embeddable":true,"href":"https:\/\/www.granadablogs.com\/pateandoelmundo\/wp-json\/wp\/v2\/tags?post=20572"}],"curies":[{"name":"wp","href":"https:\/\/api.w.org\/{rel}","templated":true}]}}