{"id":20294,"date":"2016-09-07T10:42:38","date_gmt":"2016-09-07T09:42:38","guid":{"rendered":"http:\/\/www.granadablogs.com\/pateandoelmundo\/?p=20294"},"modified":"2016-09-07T10:46:20","modified_gmt":"2016-09-07T09:46:20","slug":"en-clave-de-thriller-espanol","status":"publish","type":"post","link":"https:\/\/www.granadablogs.com\/pateandoelmundo\/en-clave-de-thriller-espanol\/","title":{"rendered":"En clave de thriller espa\u00f1ol"},"content":{"rendered":"<p style=\"text-align: justify;\">El exitoso pase de \u201cTarde para la ira\u201d en el Festival de cine de Venecia, donde la primera pel\u00edcula dirigida por Ra\u00fal Ar\u00e9valo ha sido muy bien acogida por la cr\u00edtica especializada, y la excelente factura del tr\u00e1iler de \u201cEl hombre de las mil caras\u201d, de Alberto Rodr\u00edguez, que concursar\u00e1 en el Festival de San Sebasti\u00e1n; nos permite presagiar un oto\u00f1o muy Noir, cinematogr\u00e1ficamente hablando.<\/p>\n<p style=\"text-align: justify;\"><a href=\"http:\/\/www.granadablogs.com\/pateandoelmundo\/en-clave-de-thriller-espanol\/tarde-para-la-ira\/\" rel=\"attachment wp-att-20296\"><img loading=\"lazy\" decoding=\"async\" class=\"aligncenter size-medium wp-image-20296\" src=\"http:\/\/www.granadablogs.com\/pateandoelmundo\/wp-content\/uploads\/2016\/09\/Tarde-para-la-ira-210x300.jpg\" alt=\"Tarde para la ira\" width=\"210\" height=\"300\" srcset=\"https:\/\/www.granadablogs.com\/pateandoelmundo\/wp-content\/uploads\/2016\/09\/Tarde-para-la-ira-210x300.jpg 210w, https:\/\/www.granadablogs.com\/pateandoelmundo\/wp-content\/uploads\/2016\/09\/Tarde-para-la-ira.jpg 450w\" sizes=\"auto, (max-width: 210px) 100vw, 210px\" \/><\/a><\/p>\n<p style=\"text-align: justify;\">A la espera del estreno comercial de ambas cintas en las salas de cine, \u00bfqu\u00e9 tal si hacemos un repaso por algunas de las pel\u00edculas polic\u00edacas espa\u00f1olas m\u00e1s importantes de los \u00faltimos a\u00f1os? Pel\u00edculas de visi\u00f3n obligatoria para cualquier amante del g\u00e9nero negro.<\/p>\n<p style=\"text-align: justify;\">Empezando por \u201cLa isla m\u00ednima\u201d, la multipremiada cinta del director sevillano Alberto Rodr\u00edguez, protagonizada por el propio Ar\u00e9valo y por Javier Guti\u00e9rrez, una de las mejores pel\u00edculas espa\u00f1olas de lo que va de siglo y un perfecto ejemplo de c\u00f3mo convertir un paisaje \u00fanico en un personaje m\u00e1s de la trama y en uno de los grandes atractivos del filme.<\/p>\n<p style=\"text-align: justify;\"><a href=\"http:\/\/www.granadablogs.com\/pateandoelmundo\/en-clave-de-thriller-espanol\/el-hombre-de-las-mil-caras\/\" rel=\"attachment wp-att-20297\"><img loading=\"lazy\" decoding=\"async\" class=\"aligncenter size-medium wp-image-20297\" src=\"http:\/\/www.granadablogs.com\/pateandoelmundo\/wp-content\/uploads\/2016\/09\/El-hombre-de-las-mil-caras-215x300.jpg\" alt=\"El hombre de las mil caras\" width=\"215\" height=\"300\" srcset=\"https:\/\/www.granadablogs.com\/pateandoelmundo\/wp-content\/uploads\/2016\/09\/El-hombre-de-las-mil-caras-215x300.jpg 215w, https:\/\/www.granadablogs.com\/pateandoelmundo\/wp-content\/uploads\/2016\/09\/El-hombre-de-las-mil-caras.jpg 644w\" sizes=\"auto, (max-width: 215px) 100vw, 215px\" \/><\/a><\/p>\n<p style=\"text-align: justify;\">Dejando para otro art\u00edculo el cine negro cl\u00e1sico espa\u00f1ol, hay que hacer referencia, obligatoriamente, a Jos\u00e9 Luis Garci y sus dos entregas de \u201cEl crack\u201d, protagonizadas por un sorprendente y majestuoso Alfredo Landa, en el papel de Germ\u00e1n Areta.<\/p>\n<p style=\"text-align: justify;\">La cumbre del cine de Garci est\u00e1, para mi gusto, en su personal adaptaci\u00f3n del noir americano que tanto le gusta a la Espa\u00f1a de la Transici\u00f3n, gracias a dos pel\u00edculas excepcionales que demostraron que otro cine espa\u00f1ol era posible a comienzos de los 80, m\u00e1s all\u00e1 de la Movida y el despendole, igualmente necesarios, de Almod\u00f3var &amp; C\u00eda. Un cine negro can\u00f3nigo, pero comprometido con la realidad social del momento que viv\u00eda Espa\u00f1a.<\/p>\n<p style=\"text-align: justify;\">\u201cMi trabajo es como otro cualquiera: duermo poco, ando mucho y lo que veo no me gusta\u201d, es una de las perlas de la filosof\u00eda del mejor detective del cine negro espa\u00f1ol, \u00e9se que nos convierte en Aretistas hasta la m\u00e9dula, en feliz definici\u00f3n del escritor y cin\u00e9filo Javier M\u00e1rquez S\u00e1nchez.<\/p>\n<p style=\"text-align: justify;\"><a href=\"http:\/\/www.granadablogs.com\/pateandoelmundo\/en-clave-de-thriller-espanol\/german-areta\/\" rel=\"attachment wp-att-20298\"><img loading=\"lazy\" decoding=\"async\" class=\"aligncenter size-medium wp-image-20298\" src=\"http:\/\/www.granadablogs.com\/pateandoelmundo\/wp-content\/uploads\/2016\/09\/Germ\u00e1n-Areta-300x198.jpg\" alt=\"Germ\u00e1n Areta\" width=\"300\" height=\"198\" srcset=\"https:\/\/www.granadablogs.com\/pateandoelmundo\/wp-content\/uploads\/2016\/09\/Germ\u00e1n-Areta-300x198.jpg 300w, https:\/\/www.granadablogs.com\/pateandoelmundo\/wp-content\/uploads\/2016\/09\/Germ\u00e1n-Areta-644x425.jpg 644w, https:\/\/www.granadablogs.com\/pateandoelmundo\/wp-content\/uploads\/2016\/09\/Germ\u00e1n-Areta.jpg 650w\" sizes=\"auto, (max-width: 300px) 100vw, 300px\" \/><\/a><\/p>\n<p style=\"text-align: justify;\">En el comienzo de la carrera de notables cineastas contempor\u00e1neos como Alejandro Amen\u00e1bar o \u00c1lex de la Iglesia hay thrillers tan poderosos como \u201cTesis\u201d y \u201cEl d\u00eda de la Bestia\u201d, respectivamente. Vibrantes ejercicios de estilo que se encuentran entre lo mejor de las filmograf\u00edas de dos de los directores m\u00e1s prol\u00edficos y reconocidos del cine espa\u00f1ol.<\/p>\n<p style=\"text-align: justify;\"><a href=\"http:\/\/www.granadablogs.com\/pateandoelmundo\/en-clave-de-thriller-espanol\/el-dia-de-la-bestia\/\" rel=\"attachment wp-att-20300\"><img loading=\"lazy\" decoding=\"async\" class=\"aligncenter size-medium wp-image-20300\" src=\"http:\/\/www.granadablogs.com\/pateandoelmundo\/wp-content\/uploads\/2016\/09\/El-d\u00eda-de-la-bestia-203x300.jpg\" alt=\"El d\u00eda de la bestia\" width=\"203\" height=\"300\" srcset=\"https:\/\/www.granadablogs.com\/pateandoelmundo\/wp-content\/uploads\/2016\/09\/El-d\u00eda-de-la-bestia-203x300.jpg 203w, https:\/\/www.granadablogs.com\/pateandoelmundo\/wp-content\/uploads\/2016\/09\/El-d\u00eda-de-la-bestia.jpg 339w\" sizes=\"auto, (max-width: 203px) 100vw, 203px\" \/><\/a><\/p>\n<p style=\"text-align: justify;\">\u00bfY qu\u00e9 me dicen de las adaptaciones al celuloide de algunas de las mejores novelas polic\u00edacas espa\u00f1olas de autores cl\u00e1sicos como Juan Madrid o Andreu Mart\u00edn? En \u201cD\u00edas contados\u201d, Imanol Uribe adapt\u00f3 la novela hom\u00f3nima de Madrid, una dur\u00edsima historia de <em>amour fou<\/em> protagonizada por un terrorista de ETA que se enamora de una prostituta en el Madrid devastado por la hero\u00edna de los a\u00f1os 80 del pasado siglo. Uribe, por cierto, film\u00f3 algunas de las secuencias m\u00e1s importantes de la pel\u00edcula en Granada y, en concreto, en el hotel Alhambra Palace, que luce con esplendor en una cinta de 1994 que ha aguantado perfectamente el paso del tiempo.<\/p>\n<p style=\"text-align: justify;\"><a href=\"http:\/\/www.granadablogs.com\/pateandoelmundo\/juan-madrid-maestro-del-noir\/juan-madrid-granada-noir\/\" rel=\"attachment wp-att-19376\"><img loading=\"lazy\" decoding=\"async\" class=\"aligncenter size-medium wp-image-19376\" src=\"http:\/\/www.granadablogs.com\/pateandoelmundo\/wp-content\/uploads\/2016\/04\/Juan-Madrid-Granada-Noir-300x150.jpg\" alt=\"Juan Madrid Granada Noir\" width=\"300\" height=\"150\" srcset=\"https:\/\/www.granadablogs.com\/pateandoelmundo\/wp-content\/uploads\/2016\/04\/Juan-Madrid-Granada-Noir-300x150.jpg 300w, https:\/\/www.granadablogs.com\/pateandoelmundo\/wp-content\/uploads\/2016\/04\/Juan-Madrid-Granada-Noir-644x322.jpg 644w, https:\/\/www.granadablogs.com\/pateandoelmundo\/wp-content\/uploads\/2016\/04\/Juan-Madrid-Granada-Noir.jpg 720w\" sizes=\"auto, (max-width: 300px) 100vw, 300px\" \/><\/a><\/p>\n<p style=\"text-align: justify;\">El siempre controvertido Vicente Aranda, por su parte, film\u00f3 \u201cFanny Pelopaja\u201d, con una espectacular Victoria Abril, adaptaci\u00f3n de \u201cPr\u00f3tesis\u201d, una de las novelas capitales de otro de los padres de la narrativa negra y criminal espa\u00f1ola: Andreu Mart\u00edn. Y es que, aunque ahora pueda parecernos dif\u00edcil de creer, antes de las Olimpiadas del 92 existi\u00f3 una Barcelona muy negra, violenta y salvaje. Una Barcelona acosada por robos, asaltos y atracos. Y, en ese contexto, una venganza\u2026<\/p>\n<p style=\"text-align: justify;\">Pero hay dos pel\u00edculas por las que siento una especial predilecci\u00f3n y que no me canso de recomendar a los aficionados al Noir. La primera es \u201cEn la ciudad sin l\u00edmites\u201d, una may\u00fascula cinta dirigida por Antonio Hern\u00e1ndez en 2002, protagonizada por Fernando Fern\u00e1n G\u00f3mez, Geraldine Chaplin y Leonardo Sbaraglia y cuyo guion est\u00e1 repleto de sorprendentes giros, sorpresas y recovecos. Dos horas de una intensidad emocional sin parang\u00f3n, en las que la memoria y los fantasmas del pasado condicionan las vidas de un pu\u00f1ado de personas a las que el espectador cobrar\u00e1 cari\u00f1o desde el primer fotograma.<\/p>\n<figure id=\"attachment_20301\" aria-describedby=\"caption-attachment-20301\" style=\"width: 300px\" class=\"wp-caption aligncenter\"><a href=\"http:\/\/www.granadablogs.com\/pateandoelmundo\/en-clave-de-thriller-espanol\/credit-zebra-produccionesiconicapatagonik-film-group-album\/\" rel=\"attachment wp-att-20301\"><img loading=\"lazy\" decoding=\"async\" class=\"size-medium wp-image-20301\" src=\"http:\/\/www.granadablogs.com\/pateandoelmundo\/wp-content\/uploads\/2016\/09\/En-la-ciudad-sin-l\u00edmites-300x200.jpg\" alt=\"\u00b7Original Title: EN LA CIUDAD SIN LIMITES \u00b7English Title: CITY OF NO LIMITS, THE \u00b7Spanish Title: EN LA CIUDAD SIN LIMITES \u00b7Film Director: HERNANDEZ, ANTONIO \u00b7Year: 2001 \u00b7Stars: SBARAGLIA, LEONARDO; FERNAN GOMEZ, FERNANDO\" width=\"300\" height=\"200\" srcset=\"https:\/\/www.granadablogs.com\/pateandoelmundo\/wp-content\/uploads\/2016\/09\/En-la-ciudad-sin-l\u00edmites-300x200.jpg 300w, https:\/\/www.granadablogs.com\/pateandoelmundo\/wp-content\/uploads\/2016\/09\/En-la-ciudad-sin-l\u00edmites-768x513.jpg 768w, https:\/\/www.granadablogs.com\/pateandoelmundo\/wp-content\/uploads\/2016\/09\/En-la-ciudad-sin-l\u00edmites-1024x684.jpg 1024w, https:\/\/www.granadablogs.com\/pateandoelmundo\/wp-content\/uploads\/2016\/09\/En-la-ciudad-sin-l\u00edmites-644x430.jpg 644w\" sizes=\"auto, (max-width: 300px) 100vw, 300px\" \/><\/a><figcaption id=\"caption-attachment-20301\" class=\"wp-caption-text\">\u00b7Original Title: EN LA CIUDAD SIN LIMITES<br \/>\u00b7English Title: CITY OF NO LIMITS, THE<br \/>\u00b7Spanish Title: EN LA CIUDAD SIN LIMITES<br \/>\u00b7Film Director: HERNANDEZ, ANTONIO<br \/>\u00b7Year: 2001<br \/>\u00b7Stars: SBARAGLIA, LEONARDO; FERNAN GOMEZ, FERNANDO<\/figcaption><\/figure>\n<p style=\"text-align: justify;\">Y, por supuesto, la impresionante e imprescindible \u201cNadie hablar\u00e1 de nosotras cuando hayamos muerto\u201d, de Agust\u00edn D\u00edaz Yanes, un incontestable Noir patrio, negro como el petr\u00f3leo, en el que dos mujeres interpretadas por la mejor Victoria Abril y una imperial Pilar Bardem han de v\u00e9rselas con Federico Luppi. Una cinta que apela a la cultura de la resistencia y al valor de las mujeres en una sociedad dura, cruel y machista. Una de esas pel\u00edculas que ganan con el tiempo y con cada visionado, que te hace sufrir con las desventuras del personaje de Abril y que emociona hasta las l\u00e1grimas con la actitud vital de Pilar Bardem.<\/p>\n<p style=\"text-align: justify;\"><a href=\"http:\/\/www.granadablogs.com\/pateandoelmundo\/en-clave-de-thriller-espanol\/nadie-hablara-de-nosotras-cuando-hayamos-muerto\/\" rel=\"attachment wp-att-20302\"><img loading=\"lazy\" decoding=\"async\" class=\"aligncenter size-medium wp-image-20302\" src=\"http:\/\/www.granadablogs.com\/pateandoelmundo\/wp-content\/uploads\/2016\/09\/Nadie-hablar\u00e1-de-nosotras-cuando-hayamos-muerto-300x200.jpg\" alt=\"Nadie hablar\u00e1 de nosotras cuando hayamos muerto\" width=\"300\" height=\"200\" srcset=\"https:\/\/www.granadablogs.com\/pateandoelmundo\/wp-content\/uploads\/2016\/09\/Nadie-hablar\u00e1-de-nosotras-cuando-hayamos-muerto-300x200.jpg 300w, https:\/\/www.granadablogs.com\/pateandoelmundo\/wp-content\/uploads\/2016\/09\/Nadie-hablar\u00e1-de-nosotras-cuando-hayamos-muerto.jpg 500w\" sizes=\"auto, (max-width: 300px) 100vw, 300px\" \/><\/a><\/p>\n<p style=\"text-align: justify;\">Y as\u00ed llegamos al final de este repaso por algunos de los t\u00edtulos imprescindibles del cine negro espa\u00f1ol de los \u00faltimos a\u00f1os. S\u00ed. Estoy seguro de que hab\u00e9is echado en falta un nombre, capital, en esta apresurada historia. Hablo, por supuesto, de Enrique Urbizu. Pero <a href=\"http:\/\/www.granadablogs.com\/pateandoelmundo\/el-cineasta-enrique-urbizu-ii-premio-granada-noir\/\" target=\"_blank\">el ganador del II Premio Granada Noir <\/a>a una trayectoria vinculada al g\u00e9nero negro se merece un reportaje entero para \u00e9l, \u00bfverdad?<\/p>\n<p style=\"text-align: justify;\">Jes\u00fas Lens<\/p>\n<p style=\"text-align: justify;\"><a href=\"https:\/\/twitter.com\/Jesus_Lens\" target=\"_blank\" rel=\"attachment wp-att-19473\"><img loading=\"lazy\" decoding=\"async\" class=\"size-full wp-image-19473 alignleft\" src=\"http:\/\/www.granadablogs.com\/pateandoelmundo\/wp-content\/uploads\/2016\/05\/Twitter-Lens.jpg\" alt=\"Twitter Lens\" width=\"196\" height=\"47\" \/><\/a><\/p>\n","protected":false},"excerpt":{"rendered":"<p>El exitoso pase de \u201cTarde para la ira\u201d en el Festival de cine de Venecia, donde la primera pel\u00edcula dirigida por Ra\u00fal Ar\u00e9valo ha sido muy bien acogida por la cr\u00edtica especializada, y la excelente factura del tr\u00e1iler de \u201cEl hombre de las mil caras\u201d, de Alberto Rodr\u00edguez, que concursar\u00e1 en el Festival de San [&hellip;]<\/p>\n","protected":false},"author":1,"featured_media":0,"comment_status":"open","ping_status":"open","sticky":false,"template":"","format":"standard","meta":{"jetpack_post_was_ever_published":false,"_jetpack_newsletter_access":"","_jetpack_dont_email_post_to_subs":false,"_jetpack_newsletter_tier_id":0,"_jetpack_memberships_contains_paywalled_content":false,"_jetpack_memberships_contains_paid_content":false,"footnotes":""},"categories":[21,11774],"tags":[3265,13120,13123,13121,13129,13090,13127,13124,13125,13126,13128,13119,13122],"class_list":["post-20294","post","type-post","status-publish","format-standard","hentry","category-negra-y-criminal","category-rincon-oscuro","tag-andreu-martin","tag-critica-tarde-para-la-ira","tag-el-crack","tag-el-hombre-de-las-mil-caras","tag-en-la-ciudad-sin-limites","tag-enrique-urbizu-granada-noir","tag-fanny-pelopaja","tag-german-areta","tag-jose-luis-garci","tag-peliculas-favorias-granada-noir","tag-protesis","tag-tarde-para-la-ira","tag-thriller-espanol"],"jetpack_featured_media_url":"","jetpack_sharing_enabled":true,"_links":{"self":[{"href":"https:\/\/www.granadablogs.com\/pateandoelmundo\/wp-json\/wp\/v2\/posts\/20294","targetHints":{"allow":["GET"]}}],"collection":[{"href":"https:\/\/www.granadablogs.com\/pateandoelmundo\/wp-json\/wp\/v2\/posts"}],"about":[{"href":"https:\/\/www.granadablogs.com\/pateandoelmundo\/wp-json\/wp\/v2\/types\/post"}],"author":[{"embeddable":true,"href":"https:\/\/www.granadablogs.com\/pateandoelmundo\/wp-json\/wp\/v2\/users\/1"}],"replies":[{"embeddable":true,"href":"https:\/\/www.granadablogs.com\/pateandoelmundo\/wp-json\/wp\/v2\/comments?post=20294"}],"version-history":[{"count":3,"href":"https:\/\/www.granadablogs.com\/pateandoelmundo\/wp-json\/wp\/v2\/posts\/20294\/revisions"}],"predecessor-version":[{"id":20303,"href":"https:\/\/www.granadablogs.com\/pateandoelmundo\/wp-json\/wp\/v2\/posts\/20294\/revisions\/20303"}],"wp:attachment":[{"href":"https:\/\/www.granadablogs.com\/pateandoelmundo\/wp-json\/wp\/v2\/media?parent=20294"}],"wp:term":[{"taxonomy":"category","embeddable":true,"href":"https:\/\/www.granadablogs.com\/pateandoelmundo\/wp-json\/wp\/v2\/categories?post=20294"},{"taxonomy":"post_tag","embeddable":true,"href":"https:\/\/www.granadablogs.com\/pateandoelmundo\/wp-json\/wp\/v2\/tags?post=20294"}],"curies":[{"name":"wp","href":"https:\/\/api.w.org\/{rel}","templated":true}]}}