{"id":20061,"date":"2016-07-23T10:00:34","date_gmt":"2016-07-23T09:00:34","guid":{"rendered":"http:\/\/www.granadablogs.com\/pateandoelmundo\/?p=20061"},"modified":"2016-07-22T12:39:21","modified_gmt":"2016-07-22T11:39:21","slug":"jazz-en-el-paraiso-tropical","status":"publish","type":"post","link":"https:\/\/www.granadablogs.com\/pateandoelmundo\/jazz-en-el-paraiso-tropical\/","title":{"rendered":"Jazz en el Para\u00edso Tropical"},"content":{"rendered":"<p style=\"text-align: justify;\">Porque Jazz en la Costa y Jazz en el Para\u00edso son sin\u00f3nimos. Si has bajado al Majuelo, lo sabes. Si no lo has hecho, voy a intentar contarte lo que te has perdido, teniendo en cuenta que esta noche todav\u00eda puedes ir a escuchar a Stanley Clark, que cierra la presente edici\u00f3n de un festival que va m\u00e1s all\u00e1 de la m\u00fasica. Y de ello hablo hoy en mi columna de IDEAL.<\/p>\n<p style=\"text-align: justify;\"><a href=\"http:\/\/www.granadablogs.com\/pateandoelmundo\/?attachment_id=20062\" rel=\"attachment wp-att-20062\"><img loading=\"lazy\" decoding=\"async\" class=\"aligncenter size-medium wp-image-20062\" src=\"http:\/\/www.granadablogs.com\/pateandoelmundo\/wp-content\/uploads\/2016\/07\/Jazz-en-la-Costa-p\u00fablico-300x169.jpg\" alt=\"Jazz en la Costa p\u00fablico\" width=\"300\" height=\"169\" srcset=\"https:\/\/www.granadablogs.com\/pateandoelmundo\/wp-content\/uploads\/2016\/07\/Jazz-en-la-Costa-p\u00fablico-300x169.jpg 300w, https:\/\/www.granadablogs.com\/pateandoelmundo\/wp-content\/uploads\/2016\/07\/Jazz-en-la-Costa-p\u00fablico.jpg 575w\" sizes=\"auto, (max-width: 300px) 100vw, 300px\" \/><\/a><\/p>\n<p style=\"text-align: justify;\">Mi primera recomendaci\u00f3n para disfrutar del Jazz en la Costa es, antes de entrar al Majuelo, tomarte algo. Que uno de estos d\u00edas tenemos que hablar de la importancia de esas dos palabras. Tomarse algo. Yo soy muy de pescadito, l\u00f3gicamente. El pasado mi\u00e9rcoles, sin embargo, nuestro garito de referencia estaba cerrado, as\u00ed que nos bajamos a un Gastrobar cercano, con todas las reservas que dicha denominaci\u00f3n me provoca. Y mira por d\u00f3nde, me com\u00ed la mejor hamburguesa de la que guardo recuerdo. En el coraz\u00f3n de Almu\u00f1\u00e9car.<\/p>\n<p style=\"text-align: justify;\">\n<p style=\"text-align: justify;\">Con el cuerpo reconfortado y el esp\u00edritu animado, entras al Majuelo. Y te encuentras con que, adem\u00e1s de la sugerente iluminaci\u00f3n del entorno del escenario, una enorme proyecci\u00f3n sobre las paredes del Castillo te da la bienvenida al Jazz en la Costa. Y un detalle importante que siempre cuidan Jes\u00fas Villalba y Mariche Huertas: la luna llena, rebosante y luminosa, perfectamente visible en el cielo estrellado de la noche tropical.<\/p>\n<p style=\"text-align: justify;\"><a href=\"http:\/\/www.granadablogs.com\/pateandoelmundo\/?attachment_id=20063\" rel=\"attachment wp-att-20063\"><img loading=\"lazy\" decoding=\"async\" class=\"aligncenter size-medium wp-image-20063\" src=\"http:\/\/www.granadablogs.com\/pateandoelmundo\/wp-content\/uploads\/2016\/07\/Jazz-en-la-Costa-300x169.jpg\" alt=\"Jazz en la Costa\" width=\"300\" height=\"169\" srcset=\"https:\/\/www.granadablogs.com\/pateandoelmundo\/wp-content\/uploads\/2016\/07\/Jazz-en-la-Costa-300x169.jpg 300w, https:\/\/www.granadablogs.com\/pateandoelmundo\/wp-content\/uploads\/2016\/07\/Jazz-en-la-Costa.jpg 575w\" sizes=\"auto, (max-width: 300px) 100vw, 300px\" \/><\/a><\/p>\n<p style=\"text-align: justify;\">Y est\u00e1 la barra, muy bien atendida. Que los mojitos, en un entorno tan propicio, saben mucho mejor. La charla con los amigos, los reencuentros, los saludos\u2026 \u00a1cu\u00e1nta buena e interesante gente se da cita en el Jazz en la Costa! Y los extranjeros. Que flipan. En colores. Dentro de unos d\u00edas, la organizaci\u00f3n har\u00e1 p\u00fablicos los datos de asistencia, ocupaci\u00f3n y retorno econ\u00f3mico del Festival. Una de las cifras m\u00e1s importante e ilustrativa es el de espectadores for\u00e1neos. Que los hay. A porrillo. Y es que el plan de sol, playa, buena gastronom\u00eda y una semana de conciertos con m\u00fasicos de primera fila internacional; es imbatible.<\/p>\n<p style=\"text-align: justify;\">\n<p style=\"text-align: justify;\">En ese momento, se apagan las luces. Y Eric Truffaz aparece en escena. Habr\u00e9 visto al trompetista franc\u00e9s tres o cuatro veces, ya. Cada una de ellas ha sido distinta.<\/p>\n<p style=\"text-align: justify;\"><a href=\"http:\/\/www.granadablogs.com\/pateandoelmundo\/?attachment_id=20064\" rel=\"attachment wp-att-20064\"><img loading=\"lazy\" decoding=\"async\" class=\"aligncenter size-medium wp-image-20064\" src=\"http:\/\/www.granadablogs.com\/pateandoelmundo\/wp-content\/uploads\/2016\/07\/Eric-Truffaz-Foto-Jes\u00fas-Lens-300x225.jpg\" alt=\"Eric Truffaz Foto Jes\u00fas Lens\" width=\"300\" height=\"225\" srcset=\"https:\/\/www.granadablogs.com\/pateandoelmundo\/wp-content\/uploads\/2016\/07\/Eric-Truffaz-Foto-Jes\u00fas-Lens-300x225.jpg 300w, https:\/\/www.granadablogs.com\/pateandoelmundo\/wp-content\/uploads\/2016\/07\/Eric-Truffaz-Foto-Jes\u00fas-Lens-768x576.jpg 768w, https:\/\/www.granadablogs.com\/pateandoelmundo\/wp-content\/uploads\/2016\/07\/Eric-Truffaz-Foto-Jes\u00fas-Lens-644x483.jpg 644w, https:\/\/www.granadablogs.com\/pateandoelmundo\/wp-content\/uploads\/2016\/07\/Eric-Truffaz-Foto-Jes\u00fas-Lens.jpg 960w\" sizes=\"auto, (max-width: 300px) 100vw, 300px\" \/><\/a><\/p>\n<p style=\"text-align: justify;\">Pero \u00e9sta del Majuelo fue, posiblemente, la m\u00e1s \u00edntima y cadenciosa, po\u00e9tica y evocadora. Una interpretaci\u00f3n repleta de matices y atm\u00f3sferas en la que hasta los grillos interpretan mod\u00e9licamente su papel.<\/p>\n<p style=\"text-align: justify;\">\n<p style=\"text-align: justify;\">Jes\u00fas Lens<\/p>\n<p style=\"text-align: justify;\"><a href=\"https:\/\/twitter.com\/Jesus_Lens\" target=\"_blank\" rel=\"attachment wp-att-19740\"><img loading=\"lazy\" decoding=\"async\" class=\"size-full wp-image-19740 alignleft\" src=\"http:\/\/www.granadablogs.com\/pateandoelmundo\/wp-content\/uploads\/2016\/06\/Twitter-Lens.jpg\" alt=\"Twitter Lens\" width=\"196\" height=\"47\" \/><\/a><\/p>\n","protected":false},"excerpt":{"rendered":"<p>Porque Jazz en la Costa y Jazz en el Para\u00edso son sin\u00f3nimos. Si has bajado al Majuelo, lo sabes. Si no lo has hecho, voy a intentar contarte lo que te has perdido, teniendo en cuenta que esta noche todav\u00eda puedes ir a escuchar a Stanley Clark, que cierra la presente edici\u00f3n de un festival [&hellip;]<\/p>\n","protected":false},"author":1,"featured_media":0,"comment_status":"open","ping_status":"open","sticky":false,"template":"","format":"standard","meta":{"jetpack_post_was_ever_published":false,"_jetpack_newsletter_access":"","_jetpack_dont_email_post_to_subs":false,"_jetpack_newsletter_tier_id":0,"_jetpack_memberships_contains_paywalled_content":false,"_jetpack_memberships_contains_paid_content":false,"footnotes":""},"categories":[9435,17,6],"tags":[4622,4111,1365,1244,12933,12934,1488,12931,12932],"class_list":["post-20061","post","type-post","status-publish","format-standard","hentry","category-jazz-y-cine","category-musica","category-opinion","tag-eric-truffaz","tag-gastrobar","tag-jazz-almunecar","tag-jazz-en-la-costa","tag-jesus-villalba","tag-mariche-huertas","tag-parque-del-majuelo","tag-pescaito-frito","tag-stanley-clark"],"jetpack_featured_media_url":"","jetpack_sharing_enabled":true,"_links":{"self":[{"href":"https:\/\/www.granadablogs.com\/pateandoelmundo\/wp-json\/wp\/v2\/posts\/20061","targetHints":{"allow":["GET"]}}],"collection":[{"href":"https:\/\/www.granadablogs.com\/pateandoelmundo\/wp-json\/wp\/v2\/posts"}],"about":[{"href":"https:\/\/www.granadablogs.com\/pateandoelmundo\/wp-json\/wp\/v2\/types\/post"}],"author":[{"embeddable":true,"href":"https:\/\/www.granadablogs.com\/pateandoelmundo\/wp-json\/wp\/v2\/users\/1"}],"replies":[{"embeddable":true,"href":"https:\/\/www.granadablogs.com\/pateandoelmundo\/wp-json\/wp\/v2\/comments?post=20061"}],"version-history":[{"count":1,"href":"https:\/\/www.granadablogs.com\/pateandoelmundo\/wp-json\/wp\/v2\/posts\/20061\/revisions"}],"predecessor-version":[{"id":20065,"href":"https:\/\/www.granadablogs.com\/pateandoelmundo\/wp-json\/wp\/v2\/posts\/20061\/revisions\/20065"}],"wp:attachment":[{"href":"https:\/\/www.granadablogs.com\/pateandoelmundo\/wp-json\/wp\/v2\/media?parent=20061"}],"wp:term":[{"taxonomy":"category","embeddable":true,"href":"https:\/\/www.granadablogs.com\/pateandoelmundo\/wp-json\/wp\/v2\/categories?post=20061"},{"taxonomy":"post_tag","embeddable":true,"href":"https:\/\/www.granadablogs.com\/pateandoelmundo\/wp-json\/wp\/v2\/tags?post=20061"}],"curies":[{"name":"wp","href":"https:\/\/api.w.org\/{rel}","templated":true}]}}