{"id":19283,"date":"2016-04-11T08:49:46","date_gmt":"2016-04-11T07:49:46","guid":{"rendered":"http:\/\/www.granadablogs.com\/pateandoelmundo\/?p=19283"},"modified":"2016-04-11T08:49:46","modified_gmt":"2016-04-11T07:49:46","slug":"quien-sabe-donde","status":"publish","type":"post","link":"https:\/\/www.granadablogs.com\/pateandoelmundo\/quien-sabe-donde\/","title":{"rendered":"\u00bfQui\u00e9n sabe d\u00f3nde?"},"content":{"rendered":"<p style=\"text-align: justify;\">Reflexiono hoy (o algo parecido) en mi columna de IDEAL sobre lo peor de la falta de acuerdo entre las distintas fuerzas pol\u00edticas que es, por supuesto, que tendremos que volver a ir a votar. Con todo lo que ello supone. Y ya es duro tener que escribir una afirmaci\u00f3n como esa\u2026<\/p>\n<p style=\"text-align: justify;\"><a href=\"http:\/\/www.granadablogs.com\/pateandoelmundo\/wp-content\/uploads\/2016\/04\/Qui\u00e9n-sabe-d\u00f3nde-Goya.jpg\"><img loading=\"lazy\" decoding=\"async\" class=\"aligncenter size-medium wp-image-19284\" src=\"http:\/\/www.granadablogs.com\/pateandoelmundo\/wp-content\/uploads\/2016\/04\/Qui\u00e9n-sabe-d\u00f3nde-Goya-300x209.jpg\" alt=\"Qui\u00e9n sabe d\u00f3nde Goya\" width=\"300\" height=\"209\" srcset=\"https:\/\/www.granadablogs.com\/pateandoelmundo\/wp-content\/uploads\/2016\/04\/Qui\u00e9n-sabe-d\u00f3nde-Goya-300x209.jpg 300w, https:\/\/www.granadablogs.com\/pateandoelmundo\/wp-content\/uploads\/2016\/04\/Qui\u00e9n-sabe-d\u00f3nde-Goya-644x449.jpg 644w, https:\/\/www.granadablogs.com\/pateandoelmundo\/wp-content\/uploads\/2016\/04\/Qui\u00e9n-sabe-d\u00f3nde-Goya.jpg 996w\" sizes=\"auto, (max-width: 300px) 100vw, 300px\" \/><\/a><\/p>\n<p style=\"text-align: justify;\">Una primera cuesti\u00f3n: dado que, tras las \u00faltimas elecciones, Rajoy, S\u00e1nchez, Iglesias y Rivera han sido incapaces de cumplir con el encargo de formar gobierno, \u00bfse van a atrever a volver a encabezar las listas de sus respectivos partidos?<\/p>\n<p style=\"text-align: justify;\">\n<p style=\"text-align: justify;\">Lo s\u00e9, lo s\u00e9. Es una pregunta ret\u00f3rica. \u00a1Por supuesto que s\u00ed! Faltar\u00eda m\u00e1s. Ellos ni siquiera lo ponen en duda. En sus partidos, la cosa es otro cantar. Pero ellos, encantados de conocerse. Ea. Otras elecciones y, pasado el verano y los Juegos Ol\u00edmpicos, ya con la fresca, nos volvemos a ver los caretos. M\u00e1s morenitos y resalados que tras la Navidad. Alguna arruga m\u00e1s, tambi\u00e9n. Que el tiempo no pasa en balde. \u00bfO s\u00ed? Al menos para ellos\u2026<\/p>\n<p style=\"text-align: justify;\"><a href=\"http:\/\/www.granadablogs.com\/pateandoelmundo\/wp-content\/uploads\/2016\/04\/Qui\u00e9n-sabe-d\u00f3nde-debate-electoral.jpg\"><img loading=\"lazy\" decoding=\"async\" class=\"aligncenter size-medium wp-image-19285\" src=\"http:\/\/www.granadablogs.com\/pateandoelmundo\/wp-content\/uploads\/2016\/04\/Qui\u00e9n-sabe-d\u00f3nde-debate-electoral-300x169.jpg\" alt=\"Qui\u00e9n sabe d\u00f3nde debate electoral\" width=\"300\" height=\"169\" srcset=\"https:\/\/www.granadablogs.com\/pateandoelmundo\/wp-content\/uploads\/2016\/04\/Qui\u00e9n-sabe-d\u00f3nde-debate-electoral-300x169.jpg 300w, https:\/\/www.granadablogs.com\/pateandoelmundo\/wp-content\/uploads\/2016\/04\/Qui\u00e9n-sabe-d\u00f3nde-debate-electoral.jpg 610w\" sizes=\"auto, (max-width: 300px) 100vw, 300px\" \/><\/a><\/p>\n<p style=\"text-align: justify;\">Pero lo peor de todo es que, antes de las elecciones y m\u00e1s all\u00e1 de los debates, los m\u00edtines y el Pact\u00f3metro, la campa\u00f1a electoral habr\u00e1n de protagonizarla, en provincias, esos cabezas de lista de cuyo nombre ya ni nos acordamos.<\/p>\n<p style=\"text-align: justify;\">\n<p style=\"text-align: justify;\">\u00bfD\u00f3nde est\u00e1n y a qu\u00e9 se est\u00e1n dedicando, estos meses, Carlos Rojas, Elvira Ram\u00f3n, Luis Salvador y Ana Terr\u00f3n? De Luis sabemos algo m\u00e1s: previsor como siempre ha sido, decidi\u00f3 no dejar su acta de concejal del ayuntamiento de Granada hasta que se formara gobierno. Y ah\u00ed lo tenemos, en plan sostenella y no enmendalla, que uno ya no sabe si sostiene a Pepe Torres. O no. O lo contrario. Pero, \u00bfy los otros?<\/p>\n<p style=\"text-align: justify;\">\n<p style=\"text-align: justify;\">Recuerdo que me gust\u00f3 el debate organizado por IDEAL, protagonizado por los antedichos. Pero trato de acordarme de sus propuestas, ideas y compromisos, sin buscar en Google, y apenas lo consigo, m\u00e1s all\u00e1 de dos o tres cosillas.<\/p>\n<figure id=\"attachment_19286\" aria-describedby=\"caption-attachment-19286\" style=\"width: 300px\" class=\"wp-caption aligncenter\"><a href=\"http:\/\/www.granadablogs.com\/pateandoelmundo\/wp-content\/uploads\/2016\/04\/Qui\u00e9n-sabe-d\u00f3nde-debate-granada.jpg\"><img loading=\"lazy\" decoding=\"async\" class=\"size-medium wp-image-19286\" src=\"http:\/\/www.granadablogs.com\/pateandoelmundo\/wp-content\/uploads\/2016\/04\/Qui\u00e9n-sabe-d\u00f3nde-debate-granada-300x200.jpg\" alt=\"20151210. FOTOGRAFIA: GONZALEZ MOLERO , DEBATE ELECTORAL DE IDEAL.\" width=\"300\" height=\"200\" srcset=\"https:\/\/www.granadablogs.com\/pateandoelmundo\/wp-content\/uploads\/2016\/04\/Qui\u00e9n-sabe-d\u00f3nde-debate-granada-300x200.jpg 300w, https:\/\/www.granadablogs.com\/pateandoelmundo\/wp-content\/uploads\/2016\/04\/Qui\u00e9n-sabe-d\u00f3nde-debate-granada-1024x683.jpg 1024w, https:\/\/www.granadablogs.com\/pateandoelmundo\/wp-content\/uploads\/2016\/04\/Qui\u00e9n-sabe-d\u00f3nde-debate-granada-644x429.jpg 644w, https:\/\/www.granadablogs.com\/pateandoelmundo\/wp-content\/uploads\/2016\/04\/Qui\u00e9n-sabe-d\u00f3nde-debate-granada.jpg 1350w\" sizes=\"auto, (max-width: 300px) 100vw, 300px\" \/><\/a><figcaption id=\"caption-attachment-19286\" class=\"wp-caption-text\">20151210. FOTOGRAFIA: GONZALEZ MOLERO , DEBATE ELECTORAL DE IDEAL.<\/figcaption><\/figure>\n<p style=\"text-align: justify;\">El problema, por supuesto, es m\u00edo. Que mi memoria es fr\u00e1gil, fragmentada y dispersa. Pero no estar\u00eda de m\u00e1s que, de cara a la inminente pre-campa\u00f1a, los partidos recuperaran el esp\u00edritu del c\u00e9lebre programa \u201c\u00bfQui\u00e9n sabe d\u00f3nde?\u201d para hacer visibles a los que, hace ya muchos meses, fueron elegidos para representar nuestros intereses en Madrid. \u00bfQu\u00e9 hacen? \u00bfC\u00f3mo est\u00e1n? \u00bfQu\u00e9 tal les va? \u00bfC\u00f3mo los est\u00e1 tratando este tiempo, entre costuras y costurones?<\/p>\n<p style=\"text-align: justify;\">\n<p style=\"text-align: justify;\">Jes\u00fas Lens<\/p>\n<p style=\"text-align: justify;\"><a href=\"https:\/\/twitter.com\/Jesus_Lens\" target=\"_blank\"><img loading=\"lazy\" decoding=\"async\" class=\" size-full wp-image-18919 alignleft\" src=\"http:\/\/www.granadablogs.com\/pateandoelmundo\/wp-content\/uploads\/2016\/02\/Twitter-Lens.jpg\" alt=\"Twitter Lens\" width=\"196\" height=\"47\" \/><\/a><\/p>\n","protected":false},"excerpt":{"rendered":"<p>Reflexiono hoy (o algo parecido) en mi columna de IDEAL sobre lo peor de la falta de acuerdo entre las distintas fuerzas pol\u00edticas que es, por supuesto, que tendremos que volver a ir a votar. Con todo lo que ello supone. Y ya es duro tener que escribir una afirmaci\u00f3n como esa\u2026 Una primera cuesti\u00f3n: [&hellip;]<\/p>\n","protected":false},"author":1,"featured_media":0,"comment_status":"open","ping_status":"open","sticky":false,"template":"","format":"standard","meta":{"jetpack_post_was_ever_published":false,"_jetpack_newsletter_access":"","_jetpack_dont_email_post_to_subs":false,"_jetpack_newsletter_tier_id":0,"_jetpack_memberships_contains_paywalled_content":false,"_jetpack_memberships_contains_paid_content":false,"footnotes":""},"categories":[6],"tags":[12335,12337,12336,12333,12339,12338,12334,12340],"class_list":["post-19283","post","type-post","status-publish","format-standard","hentry","category-opinion","tag-a-votar-otra-vez","tag-ana-terron","tag-carlos-rojas","tag-debates-electorales","tag-elvira-ramon","tag-luis-salvador","tag-precampana-electoral","tag-precandidatos"],"jetpack_featured_media_url":"","jetpack_sharing_enabled":true,"_links":{"self":[{"href":"https:\/\/www.granadablogs.com\/pateandoelmundo\/wp-json\/wp\/v2\/posts\/19283","targetHints":{"allow":["GET"]}}],"collection":[{"href":"https:\/\/www.granadablogs.com\/pateandoelmundo\/wp-json\/wp\/v2\/posts"}],"about":[{"href":"https:\/\/www.granadablogs.com\/pateandoelmundo\/wp-json\/wp\/v2\/types\/post"}],"author":[{"embeddable":true,"href":"https:\/\/www.granadablogs.com\/pateandoelmundo\/wp-json\/wp\/v2\/users\/1"}],"replies":[{"embeddable":true,"href":"https:\/\/www.granadablogs.com\/pateandoelmundo\/wp-json\/wp\/v2\/comments?post=19283"}],"version-history":[{"count":1,"href":"https:\/\/www.granadablogs.com\/pateandoelmundo\/wp-json\/wp\/v2\/posts\/19283\/revisions"}],"predecessor-version":[{"id":19287,"href":"https:\/\/www.granadablogs.com\/pateandoelmundo\/wp-json\/wp\/v2\/posts\/19283\/revisions\/19287"}],"wp:attachment":[{"href":"https:\/\/www.granadablogs.com\/pateandoelmundo\/wp-json\/wp\/v2\/media?parent=19283"}],"wp:term":[{"taxonomy":"category","embeddable":true,"href":"https:\/\/www.granadablogs.com\/pateandoelmundo\/wp-json\/wp\/v2\/categories?post=19283"},{"taxonomy":"post_tag","embeddable":true,"href":"https:\/\/www.granadablogs.com\/pateandoelmundo\/wp-json\/wp\/v2\/tags?post=19283"}],"curies":[{"name":"wp","href":"https:\/\/api.w.org\/{rel}","templated":true}]}}