{"id":19249,"date":"2016-04-05T12:54:28","date_gmt":"2016-04-05T11:54:28","guid":{"rendered":"http:\/\/www.granadablogs.com\/pateandoelmundo\/?p=19249"},"modified":"2016-04-05T12:54:28","modified_gmt":"2016-04-05T11:54:28","slug":"el-huso-y-los-usos","status":"publish","type":"post","link":"https:\/\/www.granadablogs.com\/pateandoelmundo\/el-huso-y-los-usos\/","title":{"rendered":"El huso y los usos"},"content":{"rendered":"<p style=\"text-align: justify;\">Ha sorprendido el anuncio de Rajoy de su intenci\u00f3n de cambiar el huso horario espa\u00f1ol, adapt\u00e1ndolo al de Canarias, Portugal o Gran Breta\u00f1a. Y, m\u00e1s a\u00fan, que tambi\u00e9n haya propuesto que la jornada laboral termine a las 18 horas. Sobre todo ello versa mi Columna de hoy, en IDEAL.<\/p>\n<p style=\"text-align: justify;\">\n<p style=\"text-align: justify;\">Dejando al margen el hecho de que la oposici\u00f3n, en un impresionante y sesudo ejercicio de an\u00e1lisis y reflexi\u00f3n, ha tildado estas propuestas de electoralistas, hay que recordar que Rajoy tambi\u00e9n propuso en 2011 el traslado de los festivos que cayeran entre semana a los lunes, para evitar los macropuentes. Y ya ven ustedes\u2026 Otra promesa incumplida m\u00e1s.<\/p>\n<p style=\"text-align: justify;\"><a href=\"http:\/\/www.granadablogs.com\/pateandoelmundo\/wp-content\/uploads\/2016\/04\/Huso-horario.jpg\"><img loading=\"lazy\" decoding=\"async\" class=\"aligncenter size-medium wp-image-19250\" src=\"http:\/\/www.granadablogs.com\/pateandoelmundo\/wp-content\/uploads\/2016\/04\/Huso-horario-300x220.jpg\" alt=\"Huso horario\" width=\"300\" height=\"220\" srcset=\"https:\/\/www.granadablogs.com\/pateandoelmundo\/wp-content\/uploads\/2016\/04\/Huso-horario-300x220.jpg 300w, https:\/\/www.granadablogs.com\/pateandoelmundo\/wp-content\/uploads\/2016\/04\/Huso-horario.jpg 600w\" sizes=\"auto, (max-width: 300px) 100vw, 300px\" \/><\/a><\/p>\n<p style=\"text-align: justify;\">Ll\u00e1menme descre\u00eddo, pero no me trago lo del cambio del huso. Y ya me fastidia, ya\u2026 \u00a1con la falta que nos est\u00e1 haciendo! Sobre todo, porque el cambio de huso deber\u00eda propiciar el cambio de usos. Esos usos que, en Espa\u00f1a, est\u00e1n tan firme como nocivamente enraizados.<\/p>\n<p style=\"text-align: justify;\">\n<p style=\"text-align: justify;\">Aqu\u00ed nos gusta, mayoritariamente, el horario de verano. Ese horario en que, a las nueve de la noche, todav\u00eda hace sol. Pero as\u00ed no se puede, oigan. As\u00ed no se puede. S\u00ed. El horario de verano es muy agradable para pasear. Y para estar en la playa, tumbados a la bartola. Pero es un horario manifiestamente improductivo que favorece la molicie y la pereza. \u00bfQui\u00e9n puede empezar una jornada a pleno rendimiento, a las 8 de la ma\u00f1ana, sabiendo que seguir\u00e1 siendo de d\u00eda catorce horas despu\u00e9s?<\/p>\n<figure id=\"attachment_19251\" aria-describedby=\"caption-attachment-19251\" style=\"width: 300px\" class=\"wp-caption aligncenter\"><a href=\"http:\/\/www.granadablogs.com\/pateandoelmundo\/wp-content\/uploads\/2016\/04\/Huso-horario-puesta-sol-Objetivogranada.jpg\"><img loading=\"lazy\" decoding=\"async\" class=\"size-medium wp-image-19251\" src=\"http:\/\/www.granadablogs.com\/pateandoelmundo\/wp-content\/uploads\/2016\/04\/Huso-horario-puesta-sol-Objetivogranada-300x201.jpg\" alt=\"ObjetivoGranada\" width=\"300\" height=\"201\" srcset=\"https:\/\/www.granadablogs.com\/pateandoelmundo\/wp-content\/uploads\/2016\/04\/Huso-horario-puesta-sol-Objetivogranada-300x201.jpg 300w, https:\/\/www.granadablogs.com\/pateandoelmundo\/wp-content\/uploads\/2016\/04\/Huso-horario-puesta-sol-Objetivogranada.jpg 640w\" sizes=\"auto, (max-width: 300px) 100vw, 300px\" \/><\/a><figcaption id=\"caption-attachment-19251\" class=\"wp-caption-text\">ObjetivoGranada<\/figcaption><\/figure>\n<p style=\"text-align: justify;\">\n<p style=\"text-align: justify;\">Pero, sobre todo, si a las nueve de la noche sigue luciendo el sol, \u00bfcu\u00e1ndo se cena aqu\u00ed? Pues bien lo sabemos: a las diez u once de la noche, con ese prime time de la tele adentr\u00e1ndose en la madrugada m\u00e1s profunda y convirtiendo en insomne a buena parte parte de la ciudadan\u00eda.<\/p>\n<p style=\"text-align: justify;\">\n<p style=\"text-align: justify;\">As\u00ed, la siesta resulta absolutamente necesaria, provocando ese par\u00f3n de dos o tres horas a mediod\u00eda\u2026 que nos deja en disposici\u00f3n de alargar la jornada laboral hasta el ocaso. O hasta el infinito. Y m\u00e1s all\u00e1.<\/p>\n<figure id=\"attachment_19252\" aria-describedby=\"caption-attachment-19252\" style=\"width: 300px\" class=\"wp-caption aligncenter\"><a href=\"http:\/\/www.granadablogs.com\/pateandoelmundo\/wp-content\/uploads\/2016\/04\/Huso-horario-zombies.jpg\"><img loading=\"lazy\" decoding=\"async\" class=\"size-medium wp-image-19252\" src=\"http:\/\/www.granadablogs.com\/pateandoelmundo\/wp-content\/uploads\/2016\/04\/Huso-horario-zombies-300x300.jpg\" alt=\"Apropiada mochila para escolares zombis e insomnes\" width=\"300\" height=\"300\" srcset=\"https:\/\/www.granadablogs.com\/pateandoelmundo\/wp-content\/uploads\/2016\/04\/Huso-horario-zombies-300x300.jpg 300w, https:\/\/www.granadablogs.com\/pateandoelmundo\/wp-content\/uploads\/2016\/04\/Huso-horario-zombies-150x150.jpg 150w, https:\/\/www.granadablogs.com\/pateandoelmundo\/wp-content\/uploads\/2016\/04\/Huso-horario-zombies-644x644.jpg 644w, https:\/\/www.granadablogs.com\/pateandoelmundo\/wp-content\/uploads\/2016\/04\/Huso-horario-zombies.jpg 800w\" sizes=\"auto, (max-width: 300px) 100vw, 300px\" \/><\/a><figcaption id=\"caption-attachment-19252\" class=\"wp-caption-text\">Apropiada mochila para escolares zombis e insomnes<\/figcaption><\/figure>\n<p style=\"text-align: justify;\">\n<p style=\"text-align: justify;\">\u00bfHan reparado ustedes en la flagrante contradicci\u00f3n que supone hablar de las nueve de la noche cuando la mitad del a\u00f1o, a esa hora todav\u00eda es de d\u00eda? S\u00ed. Lo s\u00e9. La productividad no es la medida de todas las cosas. Pero la locura horaria en que estamos absurdamente instalados, adem\u00e1s de improductiva, es humana, l\u00fadica, personal, cultural, deportiva, intelectual y familiarmente nefasta.<\/p>\n<p style=\"text-align: justify;\">\n<p style=\"text-align: justify;\">\u00a1Venga ese huso ya!<\/p>\n<p style=\"text-align: justify;\">\n<p style=\"text-align: justify;\">Jes\u00fas Lens<\/p>\n<p style=\"text-align: justify;\"><a href=\"https:\/\/twitter.com\/Jesus_Lens\" target=\"_blank\"><img loading=\"lazy\" decoding=\"async\" class=\" size-full wp-image-18928 alignleft\" src=\"http:\/\/www.granadablogs.com\/pateandoelmundo\/wp-content\/uploads\/2016\/02\/Twitter-Lens1.jpg\" alt=\"Twitter Lens\" width=\"196\" height=\"47\" \/><\/a><\/p>\n","protected":false},"excerpt":{"rendered":"<p>Ha sorprendido el anuncio de Rajoy de su intenci\u00f3n de cambiar el huso horario espa\u00f1ol, adapt\u00e1ndolo al de Canarias, Portugal o Gran Breta\u00f1a. Y, m\u00e1s a\u00fan, que tambi\u00e9n haya propuesto que la jornada laboral termine a las 18 horas. Sobre todo ello versa mi Columna de hoy, en IDEAL. Dejando al margen el hecho de [&hellip;]<\/p>\n","protected":false},"author":1,"featured_media":0,"comment_status":"open","ping_status":"open","sticky":false,"template":"","format":"standard","meta":{"jetpack_post_was_ever_published":false,"_jetpack_newsletter_access":"","_jetpack_dont_email_post_to_subs":false,"_jetpack_newsletter_tier_id":0,"_jetpack_memberships_contains_paywalled_content":false,"_jetpack_memberships_contains_paid_content":false,"footnotes":""},"categories":[6],"tags":[5540,12307,12303,12306,12305,12304],"class_list":["post-19249","post","type-post","status-publish","format-standard","hentry","category-opinion","tag-cambio-de-hora","tag-horarios-irracionales","tag-huso-horario","tag-rajoy-acabar-18-horas","tag-rajoy-cambio-huso","tag-usos-horarios"],"jetpack_featured_media_url":"","jetpack_sharing_enabled":true,"_links":{"self":[{"href":"https:\/\/www.granadablogs.com\/pateandoelmundo\/wp-json\/wp\/v2\/posts\/19249","targetHints":{"allow":["GET"]}}],"collection":[{"href":"https:\/\/www.granadablogs.com\/pateandoelmundo\/wp-json\/wp\/v2\/posts"}],"about":[{"href":"https:\/\/www.granadablogs.com\/pateandoelmundo\/wp-json\/wp\/v2\/types\/post"}],"author":[{"embeddable":true,"href":"https:\/\/www.granadablogs.com\/pateandoelmundo\/wp-json\/wp\/v2\/users\/1"}],"replies":[{"embeddable":true,"href":"https:\/\/www.granadablogs.com\/pateandoelmundo\/wp-json\/wp\/v2\/comments?post=19249"}],"version-history":[{"count":1,"href":"https:\/\/www.granadablogs.com\/pateandoelmundo\/wp-json\/wp\/v2\/posts\/19249\/revisions"}],"predecessor-version":[{"id":19253,"href":"https:\/\/www.granadablogs.com\/pateandoelmundo\/wp-json\/wp\/v2\/posts\/19249\/revisions\/19253"}],"wp:attachment":[{"href":"https:\/\/www.granadablogs.com\/pateandoelmundo\/wp-json\/wp\/v2\/media?parent=19249"}],"wp:term":[{"taxonomy":"category","embeddable":true,"href":"https:\/\/www.granadablogs.com\/pateandoelmundo\/wp-json\/wp\/v2\/categories?post=19249"},{"taxonomy":"post_tag","embeddable":true,"href":"https:\/\/www.granadablogs.com\/pateandoelmundo\/wp-json\/wp\/v2\/tags?post=19249"}],"curies":[{"name":"wp","href":"https:\/\/api.w.org\/{rel}","templated":true}]}}