{"id":19164,"date":"2016-03-24T12:18:46","date_gmt":"2016-03-24T11:18:46","guid":{"rendered":"http:\/\/www.granadablogs.com\/pateandoelmundo\/?p=19164"},"modified":"2016-03-24T12:18:46","modified_gmt":"2016-03-24T11:18:46","slug":"han-matado-a-cines-del-sur","status":"publish","type":"post","link":"https:\/\/www.granadablogs.com\/pateandoelmundo\/han-matado-a-cines-del-sur\/","title":{"rendered":"Han matado a Cines del Sur"},"content":{"rendered":"<p style=\"text-align: justify;\"><em>Mi art\u00edculo de hoy en IDEAL habla de la suspensi\u00f3n de Cines del Sur y de la parte que afecta a las instituciones. Queda pendiente el que afecta a la Granada pla\u00f1idera de la que hemos hablado otras veces. La que solo sirve para llorar lo que deja perder, por no defenderlo cu\u00e1ndo y d\u00f3nde toca.\u00a0<\/em><\/p>\n<p style=\"text-align: justify;\">La Junta de Andaluc\u00eda ha anunciado la suspensi\u00f3n del Festival Cines del Sur justo la misma semana en que se ha hecho p\u00fablico que la oferta cultural de Granada no destaca en Espa\u00f1a ni por su calidad ni por su car\u00e1cter innovador, ampliamente superada por Sevilla y M\u00e1laga.<\/p>\n<p style=\"text-align: justify;\">\u00a0<a href=\"http:\/\/www.granadablogs.com\/pateandoelmundo\/wp-content\/uploads\/2016\/03\/2015_06_08_CinesDelSurl-599x275.jpg\"><img loading=\"lazy\" decoding=\"async\" class=\"aligncenter size-medium wp-image-19165\" src=\"http:\/\/www.granadablogs.com\/pateandoelmundo\/wp-content\/uploads\/2016\/03\/2015_06_08_CinesDelSurl-599x275-300x138.jpg\" alt=\"2015_06_08_CinesDelSurl-599x275\" width=\"300\" height=\"138\" srcset=\"https:\/\/www.granadablogs.com\/pateandoelmundo\/wp-content\/uploads\/2016\/03\/2015_06_08_CinesDelSurl-599x275-300x138.jpg 300w, https:\/\/www.granadablogs.com\/pateandoelmundo\/wp-content\/uploads\/2016\/03\/2015_06_08_CinesDelSurl-599x275.jpg 599w\" sizes=\"auto, (max-width: 300px) 100vw, 300px\" \/><\/a><\/p>\n<p style=\"text-align: justify;\">Parad\u00f3jicamente, Cines del Sur era una de las propuestas culturales con mayor calidad de esta provincia. Y de las m\u00e1s innovadoras, al abrir una ventana a las cinematograf\u00edas m\u00e1s desconocidas y menos habituales por estos lares. Atenci\u00f3n a las explicaciones, por llamarlas de alguna manera, de la Consejer\u00eda de Cultura de la Junta de Andaluc\u00eda: \u201cTenemos que redefinir qu\u00e9 enfoque darle y c\u00f3mo impulsarlo. No es una decisi\u00f3n definitiva, pero por ahora est\u00e1 tomada\u201d.<\/p>\n<p style=\"text-align: justify;\">\n<p style=\"text-align: justify;\">\u00a1Qu\u00e9 cansancio provoca ese lenguaje neutro y funcionarial, vacuo y a la vez grandilocuente que, sin decir nada, certifica el asesinato de Cines del Sur!\u00a0 Redefinir, impulsar, nuevo enfoque\u2026 palabrer\u00eda impostada de la correcci\u00f3n pol\u00edtica m\u00e1s rancia y castradora. \u00bfY lo de <i>no ser una decisi\u00f3n definitiva pero estar tomada por ahora<\/i>? \u00bfEso c\u00f3mo se come? \u00bfHasta cu\u00e1ndo dura el <i>por ahora<\/i>? \u00bfDe qu\u00e9 hablamos? \u00bfDe una moratoria? \u00bfDe una cuarentena?<\/p>\n<p style=\"text-align: justify;\">\u00a0<a href=\"http:\/\/www.granadablogs.com\/pateandoelmundo\/wp-content\/uploads\/2016\/03\/1_Cinesur_cartel-318x450.jpg\"><img loading=\"lazy\" decoding=\"async\" class=\"aligncenter size-medium wp-image-19166\" src=\"http:\/\/www.granadablogs.com\/pateandoelmundo\/wp-content\/uploads\/2016\/03\/1_Cinesur_cartel-318x450-212x300.jpg\" alt=\"1_Cinesur_cartel-318x450\" width=\"212\" height=\"300\" srcset=\"https:\/\/www.granadablogs.com\/pateandoelmundo\/wp-content\/uploads\/2016\/03\/1_Cinesur_cartel-318x450-212x300.jpg 212w, https:\/\/www.granadablogs.com\/pateandoelmundo\/wp-content\/uploads\/2016\/03\/1_Cinesur_cartel-318x450.jpg 318w\" sizes=\"auto, (max-width: 212px) 100vw, 212px\" \/><\/a><\/p>\n<p style=\"text-align: justify;\">Habr\u00e1 que ver y analizar, despacio y con detalle, las partidas presupuestarias que la Junta de Andaluc\u00eda dedica al cine en las diversas provincias de una Comunidad que, por desgracia y desde el punto de vista cultural, es cualquier cosa menos solo una. Veremos c\u00f3mo va la cosa en M\u00e1laga y en Sevilla, que tambi\u00e9n tienen sus Festivales de Cine.<\/p>\n<p style=\"text-align: justify;\">\n<p style=\"text-align: justify;\">Y es que esto es un esc\u00e1ndalo, un bochorno y una verg\u00fcenza. Aduce la Consejer\u00eda de Cultura que Cines del Sur \u201cno daba las cifras que se puede esperar y que no es rentable\u201d. \u00a0\u00bfRentable? \u00bfA qu\u00e9 rentabilidad se refieren? S\u00ed. Es cierto. El cine iran\u00ed y coreano no atrae a las masas. Y el cine africano, ni les cuento. Aun as\u00ed, la Plaza de las Pasiegas se llenaba, noche tras noche, para disfrutar de las proyecciones al aire libre.<\/p>\n<p style=\"text-align: justify;\"><a href=\"http:\/\/www.granadablogs.com\/pateandoelmundo\/wp-content\/uploads\/2016\/03\/025.jpg\"><img loading=\"lazy\" decoding=\"async\" class=\"aligncenter size-medium wp-image-19168\" src=\"http:\/\/www.granadablogs.com\/pateandoelmundo\/wp-content\/uploads\/2016\/03\/025-300x200.jpg\" alt=\"_025\" width=\"300\" height=\"200\" srcset=\"https:\/\/www.granadablogs.com\/pateandoelmundo\/wp-content\/uploads\/2016\/03\/025-300x200.jpg 300w, https:\/\/www.granadablogs.com\/pateandoelmundo\/wp-content\/uploads\/2016\/03\/025.jpg 591w\" sizes=\"auto, (max-width: 300px) 100vw, 300px\" \/><\/a><\/p>\n<p style=\"text-align: justify;\">Para quienes creemos en la diversidad, Cines del Sur era un pasaporte que nos permit\u00eda conocer otros mundos y otras realidades. Ahora, esa ventana est\u00e1 cerrada. Otra m\u00e1s. Y con ello seguimos construyendo una Granada cada vez m\u00e1s cateta, m\u00e1s uniforme y m\u00e1s cerrada en la que el aire, enrarecido y pestilente, empieza a ser irrespirable.<\/p>\n<p style=\"text-align: justify;\">Jes\u00fas Lens<\/p>\n<p style=\"text-align: justify;\"><a href=\"https:\/\/twitter.com\/Jesus_Lens\" target=\"_blank\"><img loading=\"lazy\" decoding=\"async\" class=\" size-full wp-image-18928 alignleft\" src=\"http:\/\/www.granadablogs.com\/pateandoelmundo\/wp-content\/uploads\/2016\/02\/Twitter-Lens1.jpg\" alt=\"Twitter Lens\" width=\"196\" height=\"47\" \/><\/a><\/p>\n","protected":false},"excerpt":{"rendered":"<p>Mi art\u00edculo de hoy en IDEAL habla de la suspensi\u00f3n de Cines del Sur y de la parte que afecta a las instituciones. Queda pendiente el que afecta a la Granada pla\u00f1idera de la que hemos hablado otras veces. La que solo sirve para llorar lo que deja perder, por no defenderlo cu\u00e1ndo y d\u00f3nde [&hellip;]<\/p>\n","protected":false},"author":1,"featured_media":0,"comment_status":"open","ping_status":"open","sticky":false,"template":"","format":"standard","meta":{"jetpack_post_was_ever_published":false,"_jetpack_newsletter_access":"","_jetpack_dont_email_post_to_subs":false,"_jetpack_newsletter_tier_id":0,"_jetpack_memberships_contains_paywalled_content":false,"_jetpack_memberships_contains_paid_content":false,"footnotes":""},"categories":[10,6],"tags":[10,934,12244,4859,6,12243],"class_list":["post-19164","post","type-post","status-publish","format-standard","hentry","category-cine","category-opinion","tag-cine","tag-cines-del-sur","tag-granada-chufla-cultural","tag-jose-sanchez-montes","tag-opinion","tag-suspension-cines-del-sur"],"jetpack_featured_media_url":"","jetpack_sharing_enabled":true,"_links":{"self":[{"href":"https:\/\/www.granadablogs.com\/pateandoelmundo\/wp-json\/wp\/v2\/posts\/19164","targetHints":{"allow":["GET"]}}],"collection":[{"href":"https:\/\/www.granadablogs.com\/pateandoelmundo\/wp-json\/wp\/v2\/posts"}],"about":[{"href":"https:\/\/www.granadablogs.com\/pateandoelmundo\/wp-json\/wp\/v2\/types\/post"}],"author":[{"embeddable":true,"href":"https:\/\/www.granadablogs.com\/pateandoelmundo\/wp-json\/wp\/v2\/users\/1"}],"replies":[{"embeddable":true,"href":"https:\/\/www.granadablogs.com\/pateandoelmundo\/wp-json\/wp\/v2\/comments?post=19164"}],"version-history":[{"count":1,"href":"https:\/\/www.granadablogs.com\/pateandoelmundo\/wp-json\/wp\/v2\/posts\/19164\/revisions"}],"predecessor-version":[{"id":19169,"href":"https:\/\/www.granadablogs.com\/pateandoelmundo\/wp-json\/wp\/v2\/posts\/19164\/revisions\/19169"}],"wp:attachment":[{"href":"https:\/\/www.granadablogs.com\/pateandoelmundo\/wp-json\/wp\/v2\/media?parent=19164"}],"wp:term":[{"taxonomy":"category","embeddable":true,"href":"https:\/\/www.granadablogs.com\/pateandoelmundo\/wp-json\/wp\/v2\/categories?post=19164"},{"taxonomy":"post_tag","embeddable":true,"href":"https:\/\/www.granadablogs.com\/pateandoelmundo\/wp-json\/wp\/v2\/tags?post=19164"}],"curies":[{"name":"wp","href":"https:\/\/api.w.org\/{rel}","templated":true}]}}