{"id":18970,"date":"2016-02-21T12:28:31","date_gmt":"2016-02-21T11:28:31","guid":{"rendered":"http:\/\/www.granadablogs.com\/pateandoelmundo\/?p=18970"},"modified":"2016-02-25T12:32:39","modified_gmt":"2016-02-25T11:32:39","slug":"el-renacido","status":"publish","type":"post","link":"https:\/\/www.granadablogs.com\/pateandoelmundo\/el-renacido\/","title":{"rendered":"El Renacido"},"content":{"rendered":"<p style=\"text-align: justify;\">A ver. A m\u00ed me gust\u00f3. Pero como dice mi querido coautor, Fran Ortiz, desde su sapiencia cinematogr\u00e1fica; \u00a0no me gust\u00f3 todo lo que debiera haberme gustado. O, al menos, todo lo que me hubiera gustado que me gustara.<\/p>\n<p style=\"text-align: justify;\"><a href=\"http:\/\/www.granadablogs.com\/pateandoelmundo\/wp-content\/uploads\/2016\/02\/El-Renacido.jpg\"><img loading=\"lazy\" decoding=\"async\" class=\"aligncenter size-medium wp-image-18971\" src=\"http:\/\/www.granadablogs.com\/pateandoelmundo\/wp-content\/uploads\/2016\/02\/El-Renacido-208x300.jpg\" alt=\"El Renacido\" width=\"208\" height=\"300\" srcset=\"https:\/\/www.granadablogs.com\/pateandoelmundo\/wp-content\/uploads\/2016\/02\/El-Renacido-208x300.jpg 208w, https:\/\/www.granadablogs.com\/pateandoelmundo\/wp-content\/uploads\/2016\/02\/El-Renacido-711x1024.jpg 711w, https:\/\/www.granadablogs.com\/pateandoelmundo\/wp-content\/uploads\/2016\/02\/El-Renacido-644x928.jpg 644w, https:\/\/www.granadablogs.com\/pateandoelmundo\/wp-content\/uploads\/2016\/02\/El-Renacido.jpg 1200w\" sizes=\"auto, (max-width: 208px) 100vw, 208px\" \/><\/a><\/p>\n<p style=\"text-align: justify;\">Y es que, posiblemente, las expectativas estaban demasiado altas: porque se trataba de un western. Porque se trataba de I\u00f1\u00e1rritu. Porque se trataba de Leonardo DiCaprio. Y porque se trataba de un pedazo de historia.<\/p>\n<p style=\"text-align: justify;\">Ahora que estamos en mitad de una ola de fr\u00edo y que andamos entre alertas amarillas, naranjas y hasta rojas por nieve y vientos; es el momento m\u00e1s adecuado para refugiarse en el cine y enfrentarse a una pel\u00edcula en la que las condiciones climatol\u00f3gicas m\u00e1s adversas son parte esencial de la trama. La trama. \u00a1Ay, la trama! Con el argumento hemos topado.<\/p>\n<p style=\"text-align: justify;\"><a href=\"http:\/\/www.granadablogs.com\/pateandoelmundo\/wp-content\/uploads\/2016\/02\/El-renacido-poster.jpg\"><img loading=\"lazy\" decoding=\"async\" class=\"aligncenter size-medium wp-image-18972\" src=\"http:\/\/www.granadablogs.com\/pateandoelmundo\/wp-content\/uploads\/2016\/02\/El-renacido-poster-300x169.jpg\" alt=\"El renacido poster\" width=\"300\" height=\"169\" srcset=\"https:\/\/www.granadablogs.com\/pateandoelmundo\/wp-content\/uploads\/2016\/02\/El-renacido-poster-300x169.jpg 300w, https:\/\/www.granadablogs.com\/pateandoelmundo\/wp-content\/uploads\/2016\/02\/El-renacido-poster-644x363.jpg 644w, https:\/\/www.granadablogs.com\/pateandoelmundo\/wp-content\/uploads\/2016\/02\/El-renacido-poster.jpg 650w\" sizes=\"auto, (max-width: 300px) 100vw, 300px\" \/><\/a><\/p>\n<p style=\"text-align: justify;\">Si resumir la trama de cualquier pel\u00edcula en un pu\u00f1ado de l\u00edneas siempre resulta un ejercicio f\u00fatil, en este caso no tiene sentido: un hombre arrancado de las garras de la muerte que busca a otro para vengarse.<\/p>\n<p style=\"text-align: justify;\">\u00bfY ya est\u00e1?<\/p>\n<p style=\"text-align: justify;\">S\u00ed. Porque lo importante de \u201cEl renacido\u201d no es el contenido, sino el continente: la fotograf\u00eda. La m\u00fasica. Las interpretaciones. El dise\u00f1o de producci\u00f3n. La escenograf\u00eda\u2026<\/p>\n<p style=\"text-align: justify;\"><em><strong><a href=\"http:\/\/www.cinema2000.es\/lensanity\/el-renacido\/\" target=\"_blank\">(Sigue leyendo esta rese\u00f1a en mi espacio Lensanity)<\/a><\/strong><\/em><\/p>\n<p style=\"text-align: justify;\">Jes\u00fas Lens<\/p>\n<p style=\"text-align: justify;\"><a href=\"https:\/\/twitter.com\/Jesus_Lens\" target=\"_blank\"><img loading=\"lazy\" decoding=\"async\" class=\" size-full wp-image-18928 alignleft\" src=\"http:\/\/www.granadablogs.com\/pateandoelmundo\/wp-content\/uploads\/2016\/02\/Twitter-Lens1.jpg\" alt=\"Twitter Lens\" width=\"196\" height=\"47\" \/><\/a><\/p>\n","protected":false},"excerpt":{"rendered":"<p>A ver. A m\u00ed me gust\u00f3. Pero como dice mi querido coautor, Fran Ortiz, desde su sapiencia cinematogr\u00e1fica; \u00a0no me gust\u00f3 todo lo que debiera haberme gustado. O, al menos, todo lo que me hubiera gustado que me gustara. Y es que, posiblemente, las expectativas estaban demasiado altas: porque se trataba de un western. Porque [&hellip;]<\/p>\n","protected":false},"author":1,"featured_media":0,"comment_status":"open","ping_status":"open","sticky":false,"template":"","format":"standard","meta":{"jetpack_post_was_ever_published":false,"_jetpack_newsletter_access":"","_jetpack_dont_email_post_to_subs":false,"_jetpack_newsletter_tier_id":0,"_jetpack_memberships_contains_paywalled_content":false,"_jetpack_memberships_contains_paid_content":false,"footnotes":""},"categories":[10],"tags":[10916,7844,12095,12094,12097,9844,12096],"class_list":["post-18970","post","type-post","status-publish","format-standard","hentry","category-cine","tag-cine-estreno","tag-cinema-2000","tag-critica-lens-el-renacido","tag-el-renacido","tag-el-renacido-no-es-mala","tag-lensanity","tag-resena-lens-el-renacido"],"jetpack_featured_media_url":"","jetpack_sharing_enabled":true,"_links":{"self":[{"href":"https:\/\/www.granadablogs.com\/pateandoelmundo\/wp-json\/wp\/v2\/posts\/18970","targetHints":{"allow":["GET"]}}],"collection":[{"href":"https:\/\/www.granadablogs.com\/pateandoelmundo\/wp-json\/wp\/v2\/posts"}],"about":[{"href":"https:\/\/www.granadablogs.com\/pateandoelmundo\/wp-json\/wp\/v2\/types\/post"}],"author":[{"embeddable":true,"href":"https:\/\/www.granadablogs.com\/pateandoelmundo\/wp-json\/wp\/v2\/users\/1"}],"replies":[{"embeddable":true,"href":"https:\/\/www.granadablogs.com\/pateandoelmundo\/wp-json\/wp\/v2\/comments?post=18970"}],"version-history":[{"count":2,"href":"https:\/\/www.granadablogs.com\/pateandoelmundo\/wp-json\/wp\/v2\/posts\/18970\/revisions"}],"predecessor-version":[{"id":18974,"href":"https:\/\/www.granadablogs.com\/pateandoelmundo\/wp-json\/wp\/v2\/posts\/18970\/revisions\/18974"}],"wp:attachment":[{"href":"https:\/\/www.granadablogs.com\/pateandoelmundo\/wp-json\/wp\/v2\/media?parent=18970"}],"wp:term":[{"taxonomy":"category","embeddable":true,"href":"https:\/\/www.granadablogs.com\/pateandoelmundo\/wp-json\/wp\/v2\/categories?post=18970"},{"taxonomy":"post_tag","embeddable":true,"href":"https:\/\/www.granadablogs.com\/pateandoelmundo\/wp-json\/wp\/v2\/tags?post=18970"}],"curies":[{"name":"wp","href":"https:\/\/api.w.org\/{rel}","templated":true}]}}