{"id":18749,"date":"2016-01-21T08:53:28","date_gmt":"2016-01-21T07:53:28","guid":{"rendered":"http:\/\/www.granadablogs.com\/pateandoelmundo\/?p=18749"},"modified":"2016-01-21T08:53:28","modified_gmt":"2016-01-21T07:53:28","slug":"hambre-de-baloncesto","status":"publish","type":"post","link":"https:\/\/www.granadablogs.com\/pateandoelmundo\/hambre-de-baloncesto\/","title":{"rendered":"Hambre de baloncesto"},"content":{"rendered":"<p style=\"text-align: justify;\"><em><strong>Mi art\u00edculo de hoy en IDEAL habla de baloncesto, pero de algo m\u00e1s, en realidad. A ver qu\u00e9 te parece:<\/strong><\/em><\/p>\n<p style=\"text-align: justify;\">\n<p style=\"text-align: justify;\">Lo he o\u00eddo, desde el comienzo de esta temporada, un mont\u00f3n de veces. Que Granada ten\u00eda ganas de baloncesto. Hambre, incluso. Y me da alegr\u00eda escucharlo. Pero me surge una duda: \u00bfa qu\u00e9 Granada se refieren los aficionados que hacen aseveraciones tan c\u00e1lidas y encendidas?<\/p>\n<figure id=\"attachment_18750\" aria-describedby=\"caption-attachment-18750\" style=\"width: 214px\" class=\"wp-caption aligncenter\"><a href=\"http:\/\/www.granadablogs.com\/pateandoelmundo\/wp-content\/uploads\/2016\/01\/CB-Granada-James.jpg\"><img loading=\"lazy\" decoding=\"async\" class=\"size-medium wp-image-18750\" src=\"http:\/\/www.granadablogs.com\/pateandoelmundo\/wp-content\/uploads\/2016\/01\/CB-Granada-James-214x300.jpg\" alt=\"Foto: Ferminius\" width=\"214\" height=\"300\" srcset=\"https:\/\/www.granadablogs.com\/pateandoelmundo\/wp-content\/uploads\/2016\/01\/CB-Granada-James-214x300.jpg 214w, https:\/\/www.granadablogs.com\/pateandoelmundo\/wp-content\/uploads\/2016\/01\/CB-Granada-James.jpg 391w\" sizes=\"auto, (max-width: 214px) 100vw, 214px\" \/><\/a><figcaption id=\"caption-attachment-18750\" class=\"wp-caption-text\">Foto: Ferminius<\/figcaption><\/figure>\n<p style=\"text-align: justify;\">Tuve ocasi\u00f3n de comprobarlo al participar en un Torneo organizado por esa Fundaci\u00f3n C.B. Granada-Covir\u00e1n que nos ha hecho volver a disfrutar del deporte de la canasta en el Palacio de los Deportes.<\/p>\n<p style=\"text-align: justify;\">\n<p style=\"text-align: justify;\">La Granada que ama el baloncesto la conforman un grupo de amigos que, cuando colaps\u00f3 el m\u00edtico CeB\u00e9, desapareciendo como l\u00e1grimas entre las gotas de la lluvia, se arremang\u00f3 y se puso el mono de trabajo, sacando adelante las escuelas que forman a cientos de peque\u00f1os baloncestistas cada a\u00f1o.<\/p>\n<p style=\"text-align: justify;\">\n<p style=\"text-align: justify;\">Un grupo de amigos, buenos deportistas, que cogieron la antorcha de los profesionales y la mantuvieron encendida, compitiendo en las categor\u00edas inferiores del baloncesto espa\u00f1ol, muy alejados de focos y flashes.<\/p>\n<p style=\"text-align: justify;\"><a href=\"http:\/\/www.granadablogs.com\/pateandoelmundo\/wp-content\/uploads\/2016\/01\/CB-Granada-Jes\u00fas-Fern\u00e1ndez.jpg\"><img loading=\"lazy\" decoding=\"async\" class=\"aligncenter size-medium wp-image-18751\" src=\"http:\/\/www.granadablogs.com\/pateandoelmundo\/wp-content\/uploads\/2016\/01\/CB-Granada-Jes\u00fas-Fern\u00e1ndez-300x197.jpg\" alt=\"CB Granada Jes\u00fas Fern\u00e1ndez\" width=\"300\" height=\"197\" srcset=\"https:\/\/www.granadablogs.com\/pateandoelmundo\/wp-content\/uploads\/2016\/01\/CB-Granada-Jes\u00fas-Fern\u00e1ndez-300x197.jpg 300w, https:\/\/www.granadablogs.com\/pateandoelmundo\/wp-content\/uploads\/2016\/01\/CB-Granada-Jes\u00fas-Fern\u00e1ndez-644x423.jpg 644w, https:\/\/www.granadablogs.com\/pateandoelmundo\/wp-content\/uploads\/2016\/01\/CB-Granada-Jes\u00fas-Fern\u00e1ndez.jpg 800w\" sizes=\"auto, (max-width: 300px) 100vw, 300px\" \/><\/a><\/p>\n<p style=\"text-align: justify;\">Un grupo de amigos que se conjuraron para hacer las cosas bien y ganar partidos a la vez que ense\u00f1aban a las nuevas generaciones a disfrutar de un deporte m\u00e1gico como es el de la canasta.<\/p>\n<p style=\"text-align: justify;\">\n<p style=\"text-align: justify;\">Y, como los irredentos galos de los tebeos de Asterix, se hicieron fuertes en el pabell\u00f3n Veleta, contando con el aliento de unos cientos de incondicionales que iban a animarles, una semana s\u00ed y la otra tambi\u00e9n. Y contaron con el apoyo y el patrocinio de una empresa comprometida con su tierra como es Covir\u00e1n. Y fueron subiendo de categor\u00eda. Hasta llegar a la LEB Plata en que estamos ahora mismo.<\/p>\n<p style=\"text-align: justify;\"><a href=\"http:\/\/www.granadablogs.com\/pateandoelmundo\/wp-content\/uploads\/2016\/01\/CB-Granada-Ascenso.jpg\"><img loading=\"lazy\" decoding=\"async\" class=\"aligncenter size-medium wp-image-18752\" src=\"http:\/\/www.granadablogs.com\/pateandoelmundo\/wp-content\/uploads\/2016\/01\/CB-Granada-Ascenso-240x300.jpg\" alt=\"CB Granada Ascenso\" width=\"240\" height=\"300\" srcset=\"https:\/\/www.granadablogs.com\/pateandoelmundo\/wp-content\/uploads\/2016\/01\/CB-Granada-Ascenso-240x300.jpg 240w, https:\/\/www.granadablogs.com\/pateandoelmundo\/wp-content\/uploads\/2016\/01\/CB-Granada-Ascenso.jpg 639w\" sizes=\"auto, (max-width: 240px) 100vw, 240px\" \/><\/a><\/p>\n<p style=\"text-align: justify;\">Ruego reparen en la primera persona del plural utilizada en esa \u00faltima frase. Y es que, en cuanto las cosas empiezan a ir bien, somos muchos los que aprovechamos el rebufo del \u00e9xito y nos subimos al carro. Y utilizamos expresiones como la de \u201cGranada ten\u00eda hambre de baloncesto\u201d.<\/p>\n<p style=\"text-align: justify;\">\n<p style=\"text-align: justify;\">Que es verdad. Pero que no es menos cierto que sin el compromiso, el trabajo y la decisi\u00f3n de \u00d3scar Fern\u00e1ndez Arenas, los hermanos Pin, Miki Almaz\u00e1n, Jes\u00fas Fern\u00e1ndez \u2013el Gran Capit\u00e1n- y el resto de aguerridos galos rojillos; los hambrientos de b\u00e1sket no podr\u00edamos estar ahora saciando nuestra gula con los mates de James, los rebotes de Stone y los triples de Schoof.<\/p>\n<p style=\"text-align: justify;\">Jes\u00fas Lens<\/p>\n<p style=\"text-align: justify;\"><a href=\"https:\/\/twitter.com\/Jesus_Lens\" target=\"_blank\"><img loading=\"lazy\" decoding=\"async\" class=\" size-full wp-image-18076 alignleft\" src=\"http:\/\/www.granadablogs.com\/pateandoelmundo\/wp-content\/uploads\/2015\/06\/Twitter-Lens.jpg\" alt=\"Twitter Lens\" width=\"196\" height=\"47\" \/><\/a><\/p>\n","protected":false},"excerpt":{"rendered":"<p>Mi art\u00edculo de hoy en IDEAL habla de baloncesto, pero de algo m\u00e1s, en realidad. A ver qu\u00e9 te parece: Lo he o\u00eddo, desde el comienzo de esta temporada, un mont\u00f3n de veces. Que Granada ten\u00eda ganas de baloncesto. Hambre, incluso. Y me da alegr\u00eda escucharlo. Pero me surge una duda: \u00bfa qu\u00e9 Granada se [&hellip;]<\/p>\n","protected":false},"author":1,"featured_media":0,"comment_status":"open","ping_status":"open","sticky":false,"template":"","format":"standard","meta":{"jetpack_post_was_ever_published":false,"_jetpack_newsletter_access":"","_jetpack_dont_email_post_to_subs":false,"_jetpack_newsletter_tier_id":0,"_jetpack_memberships_contains_paywalled_content":false,"_jetpack_memberships_contains_paid_content":false,"footnotes":""},"categories":[8,6],"tags":[1473,11918,11919,11917,11921,11920],"class_list":["post-18749","post","type-post","status-publish","format-standard","hentry","category-deportes","category-opinion","tag-cb-granada","tag-club-baloncesto-granada","tag-duane-james","tag-fundacion-cb-granada","tag-hambre-de-baloncesto","tag-oscar-fernandez"],"jetpack_featured_media_url":"","jetpack_sharing_enabled":true,"_links":{"self":[{"href":"https:\/\/www.granadablogs.com\/pateandoelmundo\/wp-json\/wp\/v2\/posts\/18749","targetHints":{"allow":["GET"]}}],"collection":[{"href":"https:\/\/www.granadablogs.com\/pateandoelmundo\/wp-json\/wp\/v2\/posts"}],"about":[{"href":"https:\/\/www.granadablogs.com\/pateandoelmundo\/wp-json\/wp\/v2\/types\/post"}],"author":[{"embeddable":true,"href":"https:\/\/www.granadablogs.com\/pateandoelmundo\/wp-json\/wp\/v2\/users\/1"}],"replies":[{"embeddable":true,"href":"https:\/\/www.granadablogs.com\/pateandoelmundo\/wp-json\/wp\/v2\/comments?post=18749"}],"version-history":[{"count":1,"href":"https:\/\/www.granadablogs.com\/pateandoelmundo\/wp-json\/wp\/v2\/posts\/18749\/revisions"}],"predecessor-version":[{"id":18753,"href":"https:\/\/www.granadablogs.com\/pateandoelmundo\/wp-json\/wp\/v2\/posts\/18749\/revisions\/18753"}],"wp:attachment":[{"href":"https:\/\/www.granadablogs.com\/pateandoelmundo\/wp-json\/wp\/v2\/media?parent=18749"}],"wp:term":[{"taxonomy":"category","embeddable":true,"href":"https:\/\/www.granadablogs.com\/pateandoelmundo\/wp-json\/wp\/v2\/categories?post=18749"},{"taxonomy":"post_tag","embeddable":true,"href":"https:\/\/www.granadablogs.com\/pateandoelmundo\/wp-json\/wp\/v2\/tags?post=18749"}],"curies":[{"name":"wp","href":"https:\/\/api.w.org\/{rel}","templated":true}]}}