{"id":18448,"date":"2015-11-03T12:45:47","date_gmt":"2015-11-03T11:45:47","guid":{"rendered":"http:\/\/www.granadablogs.com\/pateandoelmundo\/?p=18448"},"modified":"2015-11-03T12:45:47","modified_gmt":"2015-11-03T11:45:47","slug":"las-redes-sociales-y-la-banalizacion","status":"publish","type":"post","link":"https:\/\/www.granadablogs.com\/pateandoelmundo\/las-redes-sociales-y-la-banalizacion\/","title":{"rendered":"Las Redes Sociales y la banalizaci\u00f3n"},"content":{"rendered":"<p style=\"text-align: justify;\"><em><strong>Mi art\u00edculo de hoy en IDEAL, en plan cr\u00edtico-jocoso. A ver si te gusta:<\/strong><\/em><\/p>\n<p style=\"text-align: justify;\">\n<p style=\"text-align: justify;\">Desde que las Redes Sociales se han impuesto como parte consustancial de nuestra existencia, hay un mont\u00f3n de palabras y expresiones de nuestro diccionario cuyo significado ha cambiado considerablemente. Y, en general, para peor.<\/p>\n<p style=\"text-align: justify;\"><a href=\"http:\/\/www.granadablogs.com\/pateandoelmundo\/wp-content\/uploads\/2015\/11\/Facebook-jodido.jpg\"><img loading=\"lazy\" decoding=\"async\" class=\"aligncenter size-medium wp-image-18449\" src=\"http:\/\/www.granadablogs.com\/pateandoelmundo\/wp-content\/uploads\/2015\/11\/Facebook-jodido-300x190.jpg\" alt=\"Facebook jodido\" width=\"300\" height=\"190\" srcset=\"https:\/\/www.granadablogs.com\/pateandoelmundo\/wp-content\/uploads\/2015\/11\/Facebook-jodido-300x190.jpg 300w, https:\/\/www.granadablogs.com\/pateandoelmundo\/wp-content\/uploads\/2015\/11\/Facebook-jodido.jpg 470w\" sizes=\"auto, (max-width: 300px) 100vw, 300px\" \/><\/a><\/p>\n<p style=\"text-align: justify;\">Antes, el que ten\u00eda un amigo ten\u00eda un tesoro. Desde que Facebook nos hace creer en la ilusi\u00f3n de tener cientos, miles de amigos repartidos por todo el mundo, el concepto de amistad se ha visto notablemente devaluado. As\u00ed, sentencias como <em><strong>\u201ceres m\u00e1s in\u00fatil (o m\u00e1s falso) que un amigo del Facebook\u201d<\/strong><\/em> son grandes verdades que nunca debemos olvidar.<\/p>\n<p style=\"text-align: justify;\">\n<p style=\"text-align: justify;\">Antes, que te siguiera una persona era algo extra\u00f1o, siniestro y peligroso. Salvo que fueras Marilyn, claro. Ahora, si no tienes a varias decenas de personas, empresas e instituciones sigui\u00e9ndote en Twitter, no eres nadie. \u00bfY las alarmas? Hasta hace poco, una alarma era s\u00edntoma de algo grave. Ahora, el maldito m\u00f3vil no deja de enviarlas cada diez minutos. Alarmas, avisos, notificaciones, confirmaciones de recepci\u00f3n\u2026 \u00a1qu\u00e9 estr\u00e9s!<\/p>\n<p style=\"text-align: justify;\"><a href=\"http:\/\/www.granadablogs.com\/pateandoelmundo\/wp-content\/uploads\/2015\/11\/Facebook-seguidores.jpg\"><img loading=\"lazy\" decoding=\"async\" class=\"aligncenter size-medium wp-image-18450\" src=\"http:\/\/www.granadablogs.com\/pateandoelmundo\/wp-content\/uploads\/2015\/11\/Facebook-seguidores-300x168.jpg\" alt=\"Facebook seguidores\" width=\"300\" height=\"168\" srcset=\"https:\/\/www.granadablogs.com\/pateandoelmundo\/wp-content\/uploads\/2015\/11\/Facebook-seguidores-300x168.jpg 300w, https:\/\/www.granadablogs.com\/pateandoelmundo\/wp-content\/uploads\/2015\/11\/Facebook-seguidores-644x361.jpg 644w, https:\/\/www.granadablogs.com\/pateandoelmundo\/wp-content\/uploads\/2015\/11\/Facebook-seguidores.jpg 690w\" sizes=\"auto, (max-width: 300px) 100vw, 300px\" \/><\/a><\/p>\n<p style=\"text-align: justify;\">Otro concepto que ya no es ni sombra de lo que era: el evento. Mientras que en Espa\u00f1a era un hecho imprevisto o, en todo caso, que pod\u00eda acaecer, en determinados pa\u00edses sudamericanos s\u00ed se le conced\u00eda m\u00e1s importancia: el evento era un <em>\u201csuceso importante y programado, de \u00edndole social, acad\u00e9mica, art\u00edstica o deportiva\u201d<\/em>. Ahora, sin embargo, te despiertas por la ma\u00f1ana y el m\u00f3vil (otra vez \u00e9l) te avisa de que ese d\u00eda tienes 17 eventos. As\u00ed, para empezar a andar.<\/p>\n<p style=\"text-align: justify;\"><a href=\"http:\/\/www.granadablogs.com\/pateandoelmundo\/wp-content\/uploads\/2015\/11\/Facebook-eventos.png\"><img loading=\"lazy\" decoding=\"async\" class=\"aligncenter size-medium wp-image-18451\" src=\"http:\/\/www.granadablogs.com\/pateandoelmundo\/wp-content\/uploads\/2015\/11\/Facebook-eventos-300x232.png\" alt=\"Facebook eventos\" width=\"300\" height=\"232\" srcset=\"https:\/\/www.granadablogs.com\/pateandoelmundo\/wp-content\/uploads\/2015\/11\/Facebook-eventos-300x232.png 300w, https:\/\/www.granadablogs.com\/pateandoelmundo\/wp-content\/uploads\/2015\/11\/Facebook-eventos.png 441w\" sizes=\"auto, (max-width: 300px) 100vw, 300px\" \/><\/a><\/p>\n<p style=\"text-align: justify;\">Y es que las Redes Sociales, en su empe\u00f1o en conseguir hacernos la vida m\u00e1s f\u00e1cil, terminan banalizando buena parte de nuestras actividades cotidianas. Antes, acordarse del cumplea\u00f1os de alguien cercano ten\u00eda una cierta dosis de m\u00e9rito y cada felicitaci\u00f3n se recib\u00eda como un regalo en s\u00ed misma. Ahora, el agolpamiento de decenas y decenas de mensajes en tu Timeline provocan la misma emoci\u00f3n que una pegatina en un paquete envuelto en papel de regalo con la leyenda \u201cEspero que te guste\u201d. Y lo peor es que si no respondes a cada mensaje o, al menos, le das al Me Gusta, quedas como un asqueroso desagradecido.<\/p>\n<p style=\"text-align: justify;\">\n<p style=\"text-align: justify;\">Y, de esta forma hemos llegado a la madre de todas tropel\u00edas ling\u00fc\u00edsticas provocadas por las Redes: el Megustismo. Porque el Megustismo se ha convertido en toda una filosof\u00eda de vida que sirve para enmascarar nuestro pasotismo, abulia y falta de compromiso. M\u00e1xime ahora que, adem\u00e1s del Me Gusta, el Facebook ha incorporado seis iconos a la bater\u00eda de posibles reacciones a una publicaci\u00f3n: Me Encanta, Me Divierte, Me Alegra, Me Asombra, Me Entristece y Me Enoja.<\/p>\n<p style=\"text-align: justify;\"><a href=\"http:\/\/www.granadablogs.com\/pateandoelmundo\/wp-content\/uploads\/2015\/11\/Facebook-me-la-pela.jpg\"><img loading=\"lazy\" decoding=\"async\" class=\"aligncenter size-medium wp-image-18452\" src=\"http:\/\/www.granadablogs.com\/pateandoelmundo\/wp-content\/uploads\/2015\/11\/Facebook-me-la-pela-300x248.jpg\" alt=\"Facebook me la pela\" width=\"300\" height=\"248\" \/><\/a><\/p>\n<p style=\"text-align: justify;\">Que hay una crisis de refugiados: le damos al emotic\u00f3n de la carita triste con una l\u00e1grima y nos sentimos mejor. Que leemos algo sobre violencia machista: pues nos enojamos y&#8230; ya estamos legitimados para volver a ver v\u00eddeos con gatitos haciendo moner\u00edas o, lo que es peor, con gente bailando, que bailar parece ser la actitud de moda para afrontar los retos que nos plantea la vida. Y as\u00ed nos va, claro.<\/p>\n<p style=\"text-align: justify;\">\n<p style=\"text-align: justify;\">Jes\u00fas Lens<\/p>\n<p style=\"text-align: justify;\"><a href=\"https:\/\/twitter.com\/Jesus_Lens\" target=\"_blank\"><img loading=\"lazy\" decoding=\"async\" class=\" size-full wp-image-18076 alignleft\" src=\"http:\/\/www.granadablogs.com\/pateandoelmundo\/wp-content\/uploads\/2015\/06\/Twitter-Lens.jpg\" alt=\"Twitter Lens\" width=\"196\" height=\"47\" \/><\/a><\/p>\n","protected":false},"excerpt":{"rendered":"<p>Mi art\u00edculo de hoy en IDEAL, en plan cr\u00edtico-jocoso. A ver si te gusta: Desde que las Redes Sociales se han impuesto como parte consustancial de nuestra existencia, hay un mont\u00f3n de palabras y expresiones de nuestro diccionario cuyo significado ha cambiado considerablemente. Y, en general, para peor. Antes, el que ten\u00eda un amigo ten\u00eda [&hellip;]<\/p>\n","protected":false},"author":1,"featured_media":0,"comment_status":"open","ping_status":"open","sticky":false,"template":"","format":"standard","meta":{"jetpack_post_was_ever_published":false,"_jetpack_newsletter_access":"","_jetpack_dont_email_post_to_subs":false,"_jetpack_newsletter_tier_id":0,"_jetpack_memberships_contains_paywalled_content":false,"_jetpack_memberships_contains_paid_content":false,"footnotes":""},"categories":[6],"tags":[11702,11701,11703,433,11704],"class_list":["post-18448","post","type-post","status-publish","format-standard","hentry","category-opinion","tag-banalizacion-redes","tag-estados-facebook","tag-eventos-facebook","tag-facebook","tag-neolenguaje-redes-sociales"],"jetpack_featured_media_url":"","jetpack_sharing_enabled":true,"_links":{"self":[{"href":"https:\/\/www.granadablogs.com\/pateandoelmundo\/wp-json\/wp\/v2\/posts\/18448","targetHints":{"allow":["GET"]}}],"collection":[{"href":"https:\/\/www.granadablogs.com\/pateandoelmundo\/wp-json\/wp\/v2\/posts"}],"about":[{"href":"https:\/\/www.granadablogs.com\/pateandoelmundo\/wp-json\/wp\/v2\/types\/post"}],"author":[{"embeddable":true,"href":"https:\/\/www.granadablogs.com\/pateandoelmundo\/wp-json\/wp\/v2\/users\/1"}],"replies":[{"embeddable":true,"href":"https:\/\/www.granadablogs.com\/pateandoelmundo\/wp-json\/wp\/v2\/comments?post=18448"}],"version-history":[{"count":1,"href":"https:\/\/www.granadablogs.com\/pateandoelmundo\/wp-json\/wp\/v2\/posts\/18448\/revisions"}],"predecessor-version":[{"id":18453,"href":"https:\/\/www.granadablogs.com\/pateandoelmundo\/wp-json\/wp\/v2\/posts\/18448\/revisions\/18453"}],"wp:attachment":[{"href":"https:\/\/www.granadablogs.com\/pateandoelmundo\/wp-json\/wp\/v2\/media?parent=18448"}],"wp:term":[{"taxonomy":"category","embeddable":true,"href":"https:\/\/www.granadablogs.com\/pateandoelmundo\/wp-json\/wp\/v2\/categories?post=18448"},{"taxonomy":"post_tag","embeddable":true,"href":"https:\/\/www.granadablogs.com\/pateandoelmundo\/wp-json\/wp\/v2\/tags?post=18448"}],"curies":[{"name":"wp","href":"https:\/\/api.w.org\/{rel}","templated":true}]}}