{"id":18338,"date":"2015-09-30T11:55:47","date_gmt":"2015-09-30T10:55:47","guid":{"rendered":"http:\/\/www.granadablogs.com\/pateandoelmundo\/?p=18338"},"modified":"2015-09-30T11:57:36","modified_gmt":"2015-09-30T10:57:36","slug":"en-cajagranada-homenajeamos-a-elias-querejeta","status":"publish","type":"post","link":"https:\/\/www.granadablogs.com\/pateandoelmundo\/en-cajagranada-homenajeamos-a-elias-querejeta\/","title":{"rendered":"En CAJAGRANADA homenajeamos a El\u00edas Querejeta"},"content":{"rendered":"<h4 style=\"text-align: center;\"><\/h4>\n<p style=\"text-align: justify;\"><strong>Los martes, a las 19 horas, con entrada libre y con subt\u00edtulos en espa\u00f1ol, tanto para las personas con discapacidad auditiva como para estudiantes de castellano, AulaCine CAJAGRANADA homenajea a una de las figuras clave del nuestro cine \u00a0\u00a0<\/strong><\/p>\n<p style=\"text-align: justify;\"><strong>\u00a0<\/strong><\/p>\n<p style=\"text-align: justify;\"><strong>El martes 6, primera doble proyecci\u00f3n de \u201cLa caza\u201d y del documental \u201cEl productor\u201d, una lecci\u00f3n de historia del cine espa\u00f1ol a partir del an\u00e1lisis de la carrera de Querejeta <\/strong><\/p>\n<p style=\"text-align: justify;\"><strong>\u00a0<\/strong><\/p>\n<p style=\"text-align: justify;\"><strong>El ciclo contar\u00e1 con t\u00edtulos de diferentes \u00e9pocas y estilos como \u201cEl sur\u201d, \u201cPascual Duarte\u201d, \u201cLas cartas de Alou\u201d o \u201cLos lunes al sol\u201d<\/strong><\/p>\n<p style=\"text-align: justify;\"><strong>\u00a0<a href=\"http:\/\/www.granadablogs.com\/pateandoelmundo\/wp-content\/uploads\/2015\/09\/El\u00edas-Querejeta-Presentaci\u00f3n.jpg\"><img loading=\"lazy\" decoding=\"async\" class=\"aligncenter size-medium wp-image-18339\" src=\"http:\/\/www.granadablogs.com\/pateandoelmundo\/wp-content\/uploads\/2015\/09\/El\u00edas-Querejeta-Presentaci\u00f3n-217x300.jpg\" alt=\"El\u00edas Querejeta Presentaci\u00f3n\" width=\"217\" height=\"300\" srcset=\"https:\/\/www.granadablogs.com\/pateandoelmundo\/wp-content\/uploads\/2015\/09\/El\u00edas-Querejeta-Presentaci\u00f3n-217x300.jpg 217w, https:\/\/www.granadablogs.com\/pateandoelmundo\/wp-content\/uploads\/2015\/09\/El\u00edas-Querejeta-Presentaci\u00f3n-742x1024.jpg 742w, https:\/\/www.granadablogs.com\/pateandoelmundo\/wp-content\/uploads\/2015\/09\/El\u00edas-Querejeta-Presentaci\u00f3n-644x889.jpg 644w, https:\/\/www.granadablogs.com\/pateandoelmundo\/wp-content\/uploads\/2015\/09\/El\u00edas-Querejeta-Presentaci\u00f3n.jpg 1240w\" sizes=\"auto, (max-width: 217px) 100vw, 217px\" \/><\/a><\/strong><\/p>\n<p style=\"text-align: justify;\">El\u00edas Querejeta es, sin duda alguna, una de las figuras capitales de la historia del cine espa\u00f1ol, en su calidad de productor de algunas de las pel\u00edculas que transformaron nuestra cinematograf\u00eda, abri\u00e9ndola a temas, estilos y formatos diferentes a los tradicionales.<\/p>\n<p style=\"text-align: justify;\">Desde la producci\u00f3n de \u201cLa caza\u201d, de Carlos Saura en 1966, hasta los excelentes documentales de Corcuera (La espalda del mundo) y Ortega (Asesinato en febrero), ya producidos en el siglo XXI; la mirada incisiva de El\u00edas Querejeta, su mano ejecutora y su c\u00e1lido aliento ha estado detr\u00e1s de la filmaci\u00f3n de algunos de los t\u00edtulos fundacionales del nuevo cine espa\u00f1ol.<\/p>\n<p style=\"text-align: justify;\">Porque Querejeta siempre fue uno de esos productores involucrados en la creaci\u00f3n art\u00edstica, muy activo desde la concepci\u00f3n de los proyectos, participante en la escritura de los guiones y muy presente tanto en la filmaci\u00f3n como en el montaje de las pel\u00edculas.<\/p>\n<p style=\"text-align: justify;\">Una forma de entender la producci\u00f3n que, por supuesto, conllev\u00f3 choques y roces con algunos directores, como bien cuenta el excepcional documental \u201cEl productor\u201d, dirigido por Fernando M\u00e9ndez Leite y Manuel Guti\u00e9rrez Arag\u00f3n y que ser\u00e1 proyectado a lo largo de este ciclo homenaje.<\/p>\n<p style=\"text-align: justify;\">En ese sentido, la selecci\u00f3n de ocho pel\u00edculas elegidas para homenajear a El\u00edas Querejeta y recordar su excepcional trayectoria comienza, obligatoriamente, con <strong>\u201cLa caza\u201d<\/strong>, el primera gran \u00e9xito internacional del t\u00e1ndem Querejeta\/Saura, con la que el director gan\u00f3 el Oso de Plata del Festival de Berl\u00edn. Tras la pel\u00edcula se proyectar\u00e1 el documental <strong>\u201cEl productor\u201d<\/strong>, en que se hace un excepcional recorrido por la trayectoria art\u00edstica y vital de Querejeta y que es, a la vez, una ilustrativa lecci\u00f3n de historia de los \u00faltimos 50 a\u00f1os de historia del cine espa\u00f1ol. <strong><em>(6 de octubre)<\/em><\/strong><\/p>\n<p style=\"text-align: justify;\"><strong>\u201cPascual Duarte\u201d<\/strong>, dirigida en 1976 por Ricardo Franco y basada en la novela de Camilo Jos\u00e9 Cela, tuvo un gran \u00e9xito en el Festival de Cannes y se enfrent\u00f3 a una censura espa\u00f1ola ya en decadencia, pero todav\u00eda activa un a\u00f1o despu\u00e9s de la muerte de Franco. <strong><em>(13 de octubre)<\/em><\/strong><\/p>\n<p style=\"text-align: justify;\"><strong>\u201cDeprisa, deprisa\u201d<\/strong>, el mayor \u00e9xito comercial del d\u00fao Querejeta\/Saura, filmado en 1981, fue el pistoletazo de salida a la filmaci\u00f3n de toda una serie de pel\u00edculas protagonizadas por delincuentes y pandilleros, que narraba con toda crudeza la vida delictiva y marginal de los protagonistas. El realismo social m\u00e1s crudo, llevado a las pantallas, y que volvi\u00f3 a triunfar en el Festival de Berl\u00edn, donde gan\u00f3 el Oso de Oro. <strong><em>(20 de octubre)<\/em><\/strong><\/p>\n<p style=\"text-align: justify;\"><strong>\u201cEl Sur\u201d<\/strong>, una joya dirigida en 1983 por V\u00edctor Erice, tras el \u00e9xito de la anterior colaboraci\u00f3n entre el director y Querejeta, \u201cEl esp\u00edritu de la colmena\u201d; marc\u00f3 el pol\u00e9mico final de un t\u00e1ndem excepcional en el que los problemas de presupuesto y de concepci\u00f3n del proyecto impidieron la filmaci\u00f3n de la segunda parte de una pel\u00edcula excepcional. <strong><em>(27 de octubre)<\/em><\/strong><\/p>\n<p style=\"text-align: justify;\"><strong>\u201cLas cartas de Alou\u201d<\/strong>, rodada por Montxo Armend\u00e1riz en 1990, ya puso sus ojos sobre lo que se ha dado en llamar \u201cel fen\u00f3meno de la inmigraci\u00f3n\u201d, al contar la historia de un senegal\u00e9s que llega de forma irregular a Espa\u00f1a y se busca la vida como vendedor, temporero y trabajador del textil. <strong><em>(3 de noviembre)<\/em><\/strong><\/p>\n<p style=\"text-align: justify;\"><strong>\u201cLa espalda del mundo\u201d<\/strong>, tres historias documentales dirigidas por Javier Corcuera en el a\u00f1o 2000 y que muestran un nuevo estilo de cine documental, de fuerte car\u00e1cter social. En la pel\u00edcula se cuenta las vidas de un ni\u00f1o peruano obligados a trabajar para ayudar a su familia, de una parlamentaria kurda encarcelada por motivos ideol\u00f3gicos y de un preso estadounidense condenado a muerte. <strong><em>(10 de noviembre)<\/em><\/strong><\/p>\n<p style=\"text-align: justify;\"><strong>\u201cLos lunes al sol\u201d<\/strong>, emocionante drama sobre los efectos m\u00e1s lacerantes del desempleo, filmado en 2002 por Fernando Le\u00f3n de Aranoa, uno de los directores contempor\u00e1neos m\u00e1s importantes. Ganadora de la Concha de Oro de San Sebasti\u00e1n y de los Goya m\u00e1s importantes, sigue estando de plena actualidad, por desgracia.\u00a0 <strong><em>(17 de noviembre)<\/em><\/strong><\/p>\n<p style=\"text-align: justify;\"><strong>\u201cSiete mesas de billar franc\u00e9s\u201d<\/strong> es una muestra de la creativa colaboraci\u00f3n entre padre e hija. Hablamos de una producci\u00f3n de 2007 en la que la directora Gracia Querejeta filma una delicada historia con la familia, el apoyo mutuo y la cultura de la resistencia como temas m\u00e1s importantes, con un elenco extraordinario de actrices, con Maribel Verd\u00fa, Amparo Bar\u00f3 y Blanca Portillo a la cabeza, justamente galardonas por su trabajo en San Sebasti\u00e1n y en los Goya. <strong><em>(24 de noviembre)<\/em><\/strong><\/p>\n","protected":false},"excerpt":{"rendered":"<p>Los martes, a las 19 horas, con entrada libre y con subt\u00edtulos en espa\u00f1ol, tanto para las personas con discapacidad auditiva como para estudiantes de castellano, AulaCine CAJAGRANADA homenajea a una de las figuras clave del nuestro cine \u00a0\u00a0 \u00a0 El martes 6, primera doble proyecci\u00f3n de \u201cLa caza\u201d y del documental \u201cEl productor\u201d, una [&hellip;]<\/p>\n","protected":false},"author":1,"featured_media":0,"comment_status":"open","ping_status":"open","sticky":false,"template":"","format":"standard","meta":{"jetpack_post_was_ever_published":false,"_jetpack_newsletter_access":"","_jetpack_dont_email_post_to_subs":false,"_jetpack_newsletter_tier_id":0,"_jetpack_memberships_contains_paywalled_content":false,"_jetpack_memberships_contains_paid_content":false,"footnotes":""},"categories":[10],"tags":[3347,11588,11589],"class_list":["post-18338","post","type-post","status-publish","format-standard","hentry","category-cine","tag-cine-cajagranada","tag-granada-elias-querejeta","tag-homenaje-a-elias-querejeta"],"jetpack_featured_media_url":"","jetpack_sharing_enabled":true,"_links":{"self":[{"href":"https:\/\/www.granadablogs.com\/pateandoelmundo\/wp-json\/wp\/v2\/posts\/18338","targetHints":{"allow":["GET"]}}],"collection":[{"href":"https:\/\/www.granadablogs.com\/pateandoelmundo\/wp-json\/wp\/v2\/posts"}],"about":[{"href":"https:\/\/www.granadablogs.com\/pateandoelmundo\/wp-json\/wp\/v2\/types\/post"}],"author":[{"embeddable":true,"href":"https:\/\/www.granadablogs.com\/pateandoelmundo\/wp-json\/wp\/v2\/users\/1"}],"replies":[{"embeddable":true,"href":"https:\/\/www.granadablogs.com\/pateandoelmundo\/wp-json\/wp\/v2\/comments?post=18338"}],"version-history":[{"count":2,"href":"https:\/\/www.granadablogs.com\/pateandoelmundo\/wp-json\/wp\/v2\/posts\/18338\/revisions"}],"predecessor-version":[{"id":18342,"href":"https:\/\/www.granadablogs.com\/pateandoelmundo\/wp-json\/wp\/v2\/posts\/18338\/revisions\/18342"}],"wp:attachment":[{"href":"https:\/\/www.granadablogs.com\/pateandoelmundo\/wp-json\/wp\/v2\/media?parent=18338"}],"wp:term":[{"taxonomy":"category","embeddable":true,"href":"https:\/\/www.granadablogs.com\/pateandoelmundo\/wp-json\/wp\/v2\/categories?post=18338"},{"taxonomy":"post_tag","embeddable":true,"href":"https:\/\/www.granadablogs.com\/pateandoelmundo\/wp-json\/wp\/v2\/tags?post=18338"}],"curies":[{"name":"wp","href":"https:\/\/api.w.org\/{rel}","templated":true}]}}