{"id":18325,"date":"2015-09-24T16:54:35","date_gmt":"2015-09-24T15:54:35","guid":{"rendered":"http:\/\/www.granadablogs.com\/pateandoelmundo\/?p=18325"},"modified":"2015-09-24T16:54:35","modified_gmt":"2015-09-24T15:54:35","slug":"exposicion-de-escultura-contemporanea-del-ico-en-cajagranada","status":"publish","type":"post","link":"https:\/\/www.granadablogs.com\/pateandoelmundo\/exposicion-de-escultura-contemporanea-del-ico-en-cajagranada\/","title":{"rendered":"Exposici\u00f3n de escultura contempor\u00e1nea del ICO en CAJAGRANADA"},"content":{"rendered":"<p style=\"text-align: justify;\">Soberbia. De verdad. Espectacular. Colosal y extraordinaria. Ahora, os dejo la nota de prensa. Pero, como resumen&#8230; \u00a1brutal!<\/p>\n<p style=\"text-align: justify;\">\n<p style=\"text-align: justify;\"><strong>\u00a0<\/strong><\/p>\n<p style=\"text-align: justify;\"><strong>La muestra \u201cLa armon\u00eda de las formas en las colecciones ICO. Escultura y dibujo\u201d permite disfrutar de la extraordinaria colecci\u00f3n atesorada por el Instituto de Cr\u00e9dito Oficial a lo largo de las \u00faltimas d\u00e9cadas<\/strong><\/p>\n<p style=\"text-align: justify;\"><strong>\u00a0<a href=\"http:\/\/www.granadablogs.com\/pateandoelmundo\/wp-content\/uploads\/2015\/09\/ICO-Escultura-Barcel\u00f3.jpg\"><img loading=\"lazy\" decoding=\"async\" class=\"aligncenter size-medium wp-image-18326\" src=\"http:\/\/www.granadablogs.com\/pateandoelmundo\/wp-content\/uploads\/2015\/09\/ICO-Escultura-Barcel\u00f3-225x300.jpg\" alt=\"ICO Escultura Barcel\u00f3\" width=\"225\" height=\"300\" srcset=\"https:\/\/www.granadablogs.com\/pateandoelmundo\/wp-content\/uploads\/2015\/09\/ICO-Escultura-Barcel\u00f3-225x300.jpg 225w, https:\/\/www.granadablogs.com\/pateandoelmundo\/wp-content\/uploads\/2015\/09\/ICO-Escultura-Barcel\u00f3-768x1024.jpg 768w, https:\/\/www.granadablogs.com\/pateandoelmundo\/wp-content\/uploads\/2015\/09\/ICO-Escultura-Barcel\u00f3-644x859.jpg 644w, https:\/\/www.granadablogs.com\/pateandoelmundo\/wp-content\/uploads\/2015\/09\/ICO-Escultura-Barcel\u00f3.jpg 1224w\" sizes=\"auto, (max-width: 225px) 100vw, 225px\" \/><\/a><\/strong><\/p>\n<p style=\"text-align: justify;\"><strong>La exposici\u00f3n, de entrada libre y gratuita, estar\u00e1 abierta hasta el 10 de enero en la Sala de Exposiciones Temporales del Museo CAJAGRANADA y cuenta con m\u00e1s de 60 piezas de artistas como Dal\u00ed, Chillida, Gaud\u00ed, Picasso, Antonio L\u00f3pez, Oteiza, Tapi\u00e8s, Barcel\u00f3 o Mir\u00f3, entre otros<\/strong><\/p>\n<p style=\"text-align: justify;\"><strong>\u00a0<\/strong><\/p>\n<p style=\"text-align: justify;\"><strong>Un proyecto pedag\u00f3gico acercar\u00e1 el contenido de esta muestra a j\u00f3venes y escolares, para que profundicen en el conocimiento del arte moderno y contempor\u00e1neo espa\u00f1ol<\/strong><\/p>\n<p style=\"text-align: justify;\"><strong>\u00a0<\/strong><\/p>\n<p style=\"text-align: justify;\"><strong>\u00a0<\/strong>CAJAGRANADA Fundaci\u00f3n y el ICO, Instituto de Cr\u00e9dito Oficial, han presentado esta ma\u00f1ana, en rueda de prensa, la exposici\u00f3n \u201cLa armon\u00eda de las formas en las colecciones ICO. Escultura y dibujo\u201d que, hasta el 10 de enero de 2016, re\u00fane una extraordinaria colecci\u00f3n de esculturas y de dibujo en papel con lo mejor del arte moderno y contempor\u00e1neo espa\u00f1ol.<\/p>\n<p style=\"text-align: justify;\">\n<p style=\"text-align: justify;\">\n<p style=\"text-align: justify;\">El siglo XX supuso un punto de inflexi\u00f3n para una de las manifestaciones art\u00edsticas que m\u00e1s variaciones ha sufrido a lo largo de los tiempos: la escultura. Los escultores investigaron nuevas formas, materiales y t\u00e9cnicas, a la vez que se impregnaron de culturas lejanas para convertir sus obras en piezas de arte aut\u00f3nomas, repletas de expresividad. As\u00ed se da paso a un concepto distinto de obra tridimensional; hasta el momento, una escultura ten\u00eda que ser bella, imitar la realidad y tener cierta funcionalidad, siguiendo as\u00ed con la tradici\u00f3n cl\u00e1sica occidental. La idea de escultura era inseparable a la idea estatuaria hasta que empieza el recorrido de un nuevo concepto escult\u00f3rico con obras que se convierten en piezas de arte aut\u00f3nomas, repletas de expresividad.<\/p>\n<p style=\"text-align: justify;\"><a href=\"http:\/\/www.granadablogs.com\/pateandoelmundo\/wp-content\/uploads\/2015\/09\/ICO-Frase-Barcel\u00f3.jpg\"><img loading=\"lazy\" decoding=\"async\" class=\"aligncenter size-medium wp-image-18327\" src=\"http:\/\/www.granadablogs.com\/pateandoelmundo\/wp-content\/uploads\/2015\/09\/ICO-Frase-Barcel\u00f3-300x225.jpg\" alt=\"ICO Frase Barcel\u00f3\" width=\"300\" height=\"225\" srcset=\"https:\/\/www.granadablogs.com\/pateandoelmundo\/wp-content\/uploads\/2015\/09\/ICO-Frase-Barcel\u00f3-300x225.jpg 300w, https:\/\/www.granadablogs.com\/pateandoelmundo\/wp-content\/uploads\/2015\/09\/ICO-Frase-Barcel\u00f3-1024x768.jpg 1024w, https:\/\/www.granadablogs.com\/pateandoelmundo\/wp-content\/uploads\/2015\/09\/ICO-Frase-Barcel\u00f3-644x483.jpg 644w, https:\/\/www.granadablogs.com\/pateandoelmundo\/wp-content\/uploads\/2015\/09\/ICO-Frase-Barcel\u00f3.jpg 1632w\" sizes=\"auto, (max-width: 300px) 100vw, 300px\" \/><\/a><\/p>\n<p style=\"text-align: justify;\">Por lo tanto, la p\u00e9rdida de muchas de las funciones tradicionales a las que se asociaba la escultura, como las pol\u00edticas y las religiosas, permite una nueva \u00f3ptica que explora distintos conceptos y genera cada d\u00eda expresiones novedosas en este campo. Pero este recorrido no es lineal ni \u00fanico: a lo largo del siglo nacieron diversas corrientes art\u00edsticas.<\/p>\n<p style=\"text-align: justify;\">\n<p style=\"text-align: justify;\">De esta forma, la definici\u00f3n de qu\u00e9 es un escultor habr\u00eda cambiado considerablemente ya que hablamos de una disciplina art\u00edstica con muchas caras y manifestaciones diversas, gracias al sin fin de materiales, t\u00e9cnicas y usos que los artistas emplean para lograr plasmar los fines creativos que persiguen.<\/p>\n<p style=\"text-align: justify;\">\n<p style=\"text-align: justify;\">El siglo pasado fue veloz, repleto de tentativas art\u00edsticas, lleno de b\u00fasquedas y de inquietudes y todas estas circunstancias, sin duda, contribuyeron a la redefinici\u00f3n del concepto de la escultura. Y, a trav\u00e9s de esta selecci\u00f3n de la Colecci\u00f3n ICO podemos hacer varias lecturas de ese per\u00edodo y ser testigos de esos cambios dr\u00e1sticos que nos han llevado hasta una inmensa variedad de representaciones escult\u00f3ricas, capaces de ir m\u00e1s all\u00e1 de un concepto est\u00e1tico y limitado.<\/p>\n<p style=\"text-align: justify;\"><a href=\"http:\/\/www.granadablogs.com\/pateandoelmundo\/wp-content\/uploads\/2015\/09\/ICO-Sala.jpg\"><img loading=\"lazy\" decoding=\"async\" class=\"aligncenter size-medium wp-image-18328\" src=\"http:\/\/www.granadablogs.com\/pateandoelmundo\/wp-content\/uploads\/2015\/09\/ICO-Sala-300x225.jpg\" alt=\"ICO Sala\" width=\"300\" height=\"225\" srcset=\"https:\/\/www.granadablogs.com\/pateandoelmundo\/wp-content\/uploads\/2015\/09\/ICO-Sala-300x225.jpg 300w, https:\/\/www.granadablogs.com\/pateandoelmundo\/wp-content\/uploads\/2015\/09\/ICO-Sala-1024x768.jpg 1024w, https:\/\/www.granadablogs.com\/pateandoelmundo\/wp-content\/uploads\/2015\/09\/ICO-Sala-644x483.jpg 644w, https:\/\/www.granadablogs.com\/pateandoelmundo\/wp-content\/uploads\/2015\/09\/ICO-Sala.jpg 1632w\" sizes=\"auto, (max-width: 300px) 100vw, 300px\" \/><\/a><\/p>\n<p style=\"text-align: justify;\">En esta exposici\u00f3n, adem\u00e1s, se presentan los dibujos de estos escultores, es decir, se muestra la capacidad que poseen para plasmar sobre el papel sus ideas, esbozos que luego adquieren tridimensionalidad en su creaci\u00f3n escult\u00f3rica. Una combinaci\u00f3n, la del dibujo y la escultura, que permite que el espectador comprenda a\u00fan mejor la capacidad creativa de todos estos artistas.<\/p>\n<p style=\"text-align: justify;\">\n<p style=\"text-align: justify;\">A lo largo del recorrido por la exposici\u00f3n \u201cLa armon\u00eda de las formas en las colecciones ICO. Escultura y dibujo\u201d nos podemos situar frente m\u00faltiples itinerarios que nos permiten adentrarnos en algunas de las corrientes art\u00edsticas m\u00e1s representativas del siglo XX. As\u00ed, encontraremos las esculturas de representantes del Noucentismo como Manolo Hugu\u00e9, con una escultura de una figura femenina que muestra su gusto por los recortes rotundos, o Pablo Gargallo; los espa\u00f1oles en la Escuela de Par\u00eds como Julio Gonz\u00e1lez o Juan Gris, sin olvidarnos de Pablo Picasso, Salvador Dal\u00ed o Joan Mir\u00f3, todos ellos artistas imprescindibles de los movimientos claves de ese periodo vanguardista como el cubismo o el surrealismo.<\/p>\n<p style=\"text-align: justify;\"><a href=\"http:\/\/www.granadablogs.com\/pateandoelmundo\/wp-content\/uploads\/2015\/09\/ICO-Vivan-las-Mujeres.jpg\"><img loading=\"lazy\" decoding=\"async\" class=\"aligncenter size-medium wp-image-18329\" src=\"http:\/\/www.granadablogs.com\/pateandoelmundo\/wp-content\/uploads\/2015\/09\/ICO-Vivan-las-Mujeres-225x300.jpg\" alt=\"ICO Vivan las Mujeres\" width=\"225\" height=\"300\" srcset=\"https:\/\/www.granadablogs.com\/pateandoelmundo\/wp-content\/uploads\/2015\/09\/ICO-Vivan-las-Mujeres-225x300.jpg 225w, https:\/\/www.granadablogs.com\/pateandoelmundo\/wp-content\/uploads\/2015\/09\/ICO-Vivan-las-Mujeres-768x1024.jpg 768w, https:\/\/www.granadablogs.com\/pateandoelmundo\/wp-content\/uploads\/2015\/09\/ICO-Vivan-las-Mujeres-644x859.jpg 644w, https:\/\/www.granadablogs.com\/pateandoelmundo\/wp-content\/uploads\/2015\/09\/ICO-Vivan-las-Mujeres.jpg 1224w\" sizes=\"auto, (max-width: 225px) 100vw, 225px\" \/><\/a><\/p>\n<p style=\"text-align: justify;\">Tras las dos Guerras Mundiales, vemos c\u00f3mo la abstracci\u00f3n irrumpe dentro del panorama art\u00edstico, por ejemplo, a trav\u00e9s del expresionismo abstracto de Esteban Vicente o del informalismo de Antoni T\u00e0pies. Menci\u00f3n especial merece el escultor vasco Jorge Oteiza que con sus obras metaf\u00edsicas, desarroll\u00f3 una pl\u00e1stica esquem\u00e1tica en sus planteamientos, sin dejar de lado elementos naturalistas que convierten sus piezas en \u00fanicas y singulares.<\/p>\n<p style=\"text-align: justify;\">\n<p style=\"text-align: justify;\">En la d\u00e9cada de los sesenta la figuraci\u00f3n recobra protagonismo, como nos lo demuestran las magn\u00edficas obras de Julio L\u00f3pez, que dota a sus figuras de un halo misterioso m\u00e1s all\u00e1 de la realidad y Antonio L\u00f3pez. Y ser\u00e1 en los ochenta cuando quede claro que no existen m\u00e1s tendencias o movimientos que aglutinen a los escultores dentro de un mismo estilo. A partir de esos a\u00f1os los formatos se enriquecen a\u00fan m\u00e1s: las instalaciones, el v\u00eddeo, el sonido, la fotograf\u00eda, forman parte de la nueva definici\u00f3n de escultura, que se vuelve cada vez m\u00e1s polifac\u00e9tica. As\u00ed son las obras de Jaume Plensa o Miquel Barcel\u00f3: su versatilidad les confiere un lenguaje \u00fanico.<\/p>\n<p style=\"text-align: justify;\">\n<p style=\"text-align: justify;\">En este sentido hay que destacar la gran evoluci\u00f3n producida en estos \u00faltimos a\u00f1os, no solo en lo que a materiales se refiere, sino tambi\u00e9n a las formas y especialmente a los soportes. Recorriendo este conjunto escult\u00f3rico podremos ser testigos de c\u00f3mo los repertorios art\u00edsticos no son los mismos que hace un siglo y c\u00f3mo los artistas crean en nuestros d\u00edas nuevas realidades para conjugar el volumen y el espacio.<\/p>\n<figure id=\"attachment_18330\" aria-describedby=\"caption-attachment-18330\" style=\"width: 300px\" class=\"wp-caption aligncenter\"><a href=\"http:\/\/www.granadablogs.com\/pateandoelmundo\/wp-content\/uploads\/2015\/09\/ICO-Sala-Foto-M\u00f3nica-de-Linos.jpg\"><img loading=\"lazy\" decoding=\"async\" class=\"size-medium wp-image-18330\" src=\"http:\/\/www.granadablogs.com\/pateandoelmundo\/wp-content\/uploads\/2015\/09\/ICO-Sala-Foto-M\u00f3nica-de-Linos-300x225.jpg\" alt=\"Foto. M\u00f3nica de Linos\" width=\"300\" height=\"225\" srcset=\"https:\/\/www.granadablogs.com\/pateandoelmundo\/wp-content\/uploads\/2015\/09\/ICO-Sala-Foto-M\u00f3nica-de-Linos-300x225.jpg 300w, https:\/\/www.granadablogs.com\/pateandoelmundo\/wp-content\/uploads\/2015\/09\/ICO-Sala-Foto-M\u00f3nica-de-Linos-1024x768.jpg 1024w, https:\/\/www.granadablogs.com\/pateandoelmundo\/wp-content\/uploads\/2015\/09\/ICO-Sala-Foto-M\u00f3nica-de-Linos-644x483.jpg 644w\" sizes=\"auto, (max-width: 300px) 100vw, 300px\" \/><\/a><figcaption id=\"caption-attachment-18330\" class=\"wp-caption-text\">Foto. M\u00f3nica de Linos<\/figcaption><\/figure>\n<p style=\"text-align: justify;\">Una muestra que presenta, en total, m\u00e1s sesenta dibujos y esculturas de veintinueve artistas distintos, pertenecientes a las Colecciones ICO, y que se presentan por primera vez en Granada. Sin duda, una oportunidad \u00fanica que nos acerca a la versatilidad que posee la escultura, una de las\u00a0 expresiones m\u00e1s notables de las Bellas Artes.<\/p>\n<p style=\"text-align: justify;\">\n<p style=\"text-align: justify;\"><strong>La Fundaci\u00f3n ICO<\/strong><\/p>\n<p style=\"text-align: justify;\">\n<p style=\"text-align: justify;\">Es una fundaci\u00f3n p\u00fablica estatal no lucrativa, de \u00e1mbito nacional y car\u00e1cter permanente que, creada en 1993, depende del Instituto de Cr\u00e9dito Oficial. Su objetivo es contribuir al desarrollo de la sociedad a trav\u00e9s de la promoci\u00f3n de la cultura y el conocimiento en sus diferentes \u00e1reas de actuaci\u00f3n: Emprendimiento y Autoempleo; Arte; Formaci\u00f3n; Estudios y Publicaciones; y Foros y Debates.<\/p>\n<p style=\"text-align: justify;\">\n<p style=\"text-align: justify;\">El Museo ICO, inaugurado en 1996, forma parte del \u00e1rea de Arte de la Fundaci\u00f3n ICO, que gestiona las tres colecciones propiedad del Instituto de Cr\u00e9dito Oficial. La entidad lleva a cabo una activa pol\u00edtica de pr\u00e9stamos, tanto nacionales como internacionales, con el fin de difundir el arte contempor\u00e1neo espa\u00f1ol dentro y fuera de nuestras fronteras. Desde 2012, el Museo ICO se centra en el \u00e1mbito de la arquitectura y el urbanismo, y organiza exposiciones temporales, visitas guiadas y talleres educativos en torno a tres ejes tem\u00e1ticos: el papel de la arquitectura frente a los grandes problemas y retos de la sociedad actual; la arquitectura y el urbanismo desde la \u00f3ptica de la fotograf\u00eda; y las grandes figuras, escuelas o corrientes de la arquitectura contempor\u00e1nea.<\/p>\n<p style=\"text-align: justify;\">\n<p style=\"text-align: justify;\">Asimismo, desde 2003 y dentro del \u00e1mbito de Formaci\u00f3n, convoca anualmente el Programa Becas China para j\u00f3venes profesionales que quieran estudiar chino mandar\u00edn en China. La Fundaci\u00f3n tambi\u00e9n organiza importantes iniciativas como el Foro Hispano-Alem\u00e1n y participa en diferentes programas de emprendimiento y autoempleo con otras entidades. Adem\u00e1s, desarrolla una importante labor divulgativa en los \u00e1mbitos de Econom\u00eda y Finanzas, publicando obras como el Anuario del Euro, la prestigiosa colecci\u00f3n Cl\u00e1sicos de Econom\u00eda, o el Anuario de la Competencia, entre otras.<\/p>\n<p style=\"text-align: justify;\">\n<p style=\"text-align: justify;\"><strong><em>Informaci\u00f3n pr\u00e1ctica:<\/em><\/strong><\/p>\n<p style=\"text-align: justify;\"><em>\u00a0<\/em><\/p>\n<p style=\"text-align: justify;\"><strong><em>Lugar:<\/em><\/strong><em> Sala de Exposiciones Temporales. Museo CajaGRANADA (Av. de la Ciencia, 2. Granada)<\/em><\/p>\n<p style=\"text-align: justify;\"><em>\u00a0<\/em><\/p>\n<p style=\"text-align: justify;\"><strong><em>Fechas:<\/em><\/strong><em> Desde el 24 de septiembre de 2015 al 10 de enero de 2016<\/em><\/p>\n<p style=\"text-align: justify;\"><em>\u00a0<\/em><\/p>\n<p style=\"text-align: justify;\"><strong><em>Horario de la sala:<\/em><\/strong><\/p>\n<p style=\"text-align: justify;\"><em>\u00a0<\/em><\/p>\n<p style=\"text-align: justify;\"><em>Martes y mi\u00e9rcoles de 12:00 a 14 horas<\/em><\/p>\n<p style=\"text-align: justify;\"><em>Jueves a s\u00e1bado de 12.00 a 14.00 y de 16.00 a 19.00h.<\/em><\/p>\n<p style=\"text-align: justify;\"><em>Domingos y festivos de 11.00 a 15.00 horas<\/em><\/p>\n<p style=\"text-align: justify;\"><em>Lunes cerrado<\/em><\/p>\n","protected":false},"excerpt":{"rendered":"<p>Soberbia. De verdad. Espectacular. Colosal y extraordinaria. Ahora, os dejo la nota de prensa. Pero, como resumen&#8230; \u00a1brutal! \u00a0 La muestra \u201cLa armon\u00eda de las formas en las colecciones ICO. Escultura y dibujo\u201d permite disfrutar de la extraordinaria colecci\u00f3n atesorada por el Instituto de Cr\u00e9dito Oficial a lo largo de las \u00faltimas d\u00e9cadas \u00a0 La [&hellip;]<\/p>\n","protected":false},"author":1,"featured_media":0,"comment_status":"open","ping_status":"open","sticky":false,"template":"","format":"standard","meta":{"jetpack_post_was_ever_published":false,"_jetpack_newsletter_access":"","_jetpack_dont_email_post_to_subs":false,"_jetpack_newsletter_tier_id":0,"_jetpack_memberships_contains_paywalled_content":false,"_jetpack_memberships_contains_paid_content":false,"footnotes":""},"categories":[33],"tags":[11584,11581,11582,2363,11583,11585],"class_list":["post-18325","post","type-post","status-publish","format-standard","hentry","category-arte","tag-arte-granada","tag-coleccion-ico","tag-coleccion-ico-cajagranada","tag-escultura","tag-escultura-cajagranada","tag-que-hacer-en-granada"],"jetpack_featured_media_url":"","jetpack_sharing_enabled":true,"_links":{"self":[{"href":"https:\/\/www.granadablogs.com\/pateandoelmundo\/wp-json\/wp\/v2\/posts\/18325","targetHints":{"allow":["GET"]}}],"collection":[{"href":"https:\/\/www.granadablogs.com\/pateandoelmundo\/wp-json\/wp\/v2\/posts"}],"about":[{"href":"https:\/\/www.granadablogs.com\/pateandoelmundo\/wp-json\/wp\/v2\/types\/post"}],"author":[{"embeddable":true,"href":"https:\/\/www.granadablogs.com\/pateandoelmundo\/wp-json\/wp\/v2\/users\/1"}],"replies":[{"embeddable":true,"href":"https:\/\/www.granadablogs.com\/pateandoelmundo\/wp-json\/wp\/v2\/comments?post=18325"}],"version-history":[{"count":1,"href":"https:\/\/www.granadablogs.com\/pateandoelmundo\/wp-json\/wp\/v2\/posts\/18325\/revisions"}],"predecessor-version":[{"id":18331,"href":"https:\/\/www.granadablogs.com\/pateandoelmundo\/wp-json\/wp\/v2\/posts\/18325\/revisions\/18331"}],"wp:attachment":[{"href":"https:\/\/www.granadablogs.com\/pateandoelmundo\/wp-json\/wp\/v2\/media?parent=18325"}],"wp:term":[{"taxonomy":"category","embeddable":true,"href":"https:\/\/www.granadablogs.com\/pateandoelmundo\/wp-json\/wp\/v2\/categories?post=18325"},{"taxonomy":"post_tag","embeddable":true,"href":"https:\/\/www.granadablogs.com\/pateandoelmundo\/wp-json\/wp\/v2\/tags?post=18325"}],"curies":[{"name":"wp","href":"https:\/\/api.w.org\/{rel}","templated":true}]}}