{"id":18153,"date":"2015-07-22T10:06:15","date_gmt":"2015-07-22T09:06:15","guid":{"rendered":"http:\/\/www.granadablogs.com\/pateandoelmundo\/?p=18153"},"modified":"2015-07-22T10:09:47","modified_gmt":"2015-07-22T09:09:47","slug":"vayan-a-ver-del-reves","status":"publish","type":"post","link":"https:\/\/www.granadablogs.com\/pateandoelmundo\/vayan-a-ver-del-reves\/","title":{"rendered":"\u00a1Vayan a ver \u00abDel rev\u00e9s\u00bb!"},"content":{"rendered":"<p style=\"text-align: justify;\"><em><strong>Mi art\u00edculo de hoy, en IDEAL, m\u00e1s que un consejo, que lo es; es una exhortaci\u00f3n y, a la vez, una celebraci\u00f3n:<\/strong><\/em><\/p>\n<p style=\"text-align: justify;\">Lo han vuelto a hacer. Efectivamente, los genios de Pixar han vuelto a poner patas arriba a la industria del cine con su estreno m\u00e1s reciente: \u201cInside Out\u201d o, como se ha traducido en Espa\u00f1a, \u201cDel rev\u00e9s\u201d. La n\u00f3mina de adjetivos superlativamente calificativos que le podr\u00edamos aplicar a la pel\u00edcula ser\u00eda m\u00e1s larga que el viaje de la sonda New Horizons a Plut\u00f3n. Y, aun as\u00ed, nos quedar\u00edamos cortos. De obra maestra para arriba\u2026 \u00a1hasta el infinito y m\u00e1s all\u00e1!<\/p>\n<p style=\"text-align: justify;\"><a href=\"http:\/\/www.granadablogs.com\/pateandoelmundo\/wp-content\/uploads\/2015\/07\/del-rev\u00e9s.jpg\"><img loading=\"lazy\" decoding=\"async\" class=\"aligncenter size-medium wp-image-18154\" src=\"http:\/\/www.granadablogs.com\/pateandoelmundo\/wp-content\/uploads\/2015\/07\/del-rev\u00e9s-300x188.jpg\" alt=\"del rev\u00e9s\" width=\"300\" height=\"188\" srcset=\"https:\/\/www.granadablogs.com\/pateandoelmundo\/wp-content\/uploads\/2015\/07\/del-rev\u00e9s-300x188.jpg 300w, https:\/\/www.granadablogs.com\/pateandoelmundo\/wp-content\/uploads\/2015\/07\/del-rev\u00e9s-1024x640.jpg 1024w, https:\/\/www.granadablogs.com\/pateandoelmundo\/wp-content\/uploads\/2015\/07\/del-rev\u00e9s-644x403.jpg 644w\" sizes=\"auto, (max-width: 300px) 100vw, 300px\" \/><\/a><\/p>\n<p style=\"text-align: justify;\">Y mira que, durante unos a\u00f1os, llegamos a pensar que Pixar hab\u00eda pinchado y se hab\u00eda desinflado. Por una parte, segundas entregas de sagas no muy afortunadas. Por otra, personajes, historias y situaciones m\u00e1s convencionales de la cuenta\u2026 Y es que, tras el desborde de imaginaci\u00f3n y sapiencia cinematogr\u00e1fica de pel\u00edculas como <span style=\"color: #ff00ff;\"><strong><a href=\"http:\/\/blogs.ideal.es\/pateandoelmundo\/2007\/08\/09\/ratatouille\/\" target=\"_blank\">\u201cRatatouille\u201d<\/a><\/strong><\/span>, <strong><span style=\"color: #ff00ff;\"><a style=\"color: #ff00ff;\" href=\"http:\/\/pateando-el-mundo.blogspot.com.es\/2008\/08\/wall-e.html\" target=\"_blank\">\u201cWall E\u201d<\/a><\/span><\/strong> o <strong><span style=\"color: #ff00ff;\"><a href=\"http:\/\/www.granadablogs.com\/pateandoelmundo\/up-2\/\" target=\"_blank\">\u201cUp\u201d<\/a><\/span><\/strong>, parec\u00eda que la compa\u00f1\u00eda hab\u00eda tocado techo con ese monumento que es la trilog\u00eda de <span style=\"color: #ff00ff;\"><strong><a href=\"http:\/\/www.granadablogs.com\/pateandoelmundo\/toy-story-3\/\" target=\"_blank\">\u201cToy Story\u201d<\/a><\/strong><\/span>, perfecto compendio de 20 revolucionarios a\u00f1os de historia del cine de animaci\u00f3n.<\/p>\n<p style=\"text-align: justify;\"><a href=\"http:\/\/www.granadablogs.com\/pateandoelmundo\/wp-content\/uploads\/2015\/07\/Del-rev\u00e9s-control.jpg\"><img loading=\"lazy\" decoding=\"async\" class=\"aligncenter size-medium wp-image-18160\" src=\"http:\/\/www.granadablogs.com\/pateandoelmundo\/wp-content\/uploads\/2015\/07\/Del-rev\u00e9s-control-300x168.jpg\" alt=\"Del rev\u00e9s control\" width=\"300\" height=\"168\" srcset=\"https:\/\/www.granadablogs.com\/pateandoelmundo\/wp-content\/uploads\/2015\/07\/Del-rev\u00e9s-control-300x168.jpg 300w, https:\/\/www.granadablogs.com\/pateandoelmundo\/wp-content\/uploads\/2015\/07\/Del-rev\u00e9s-control-1024x574.jpg 1024w, https:\/\/www.granadablogs.com\/pateandoelmundo\/wp-content\/uploads\/2015\/07\/Del-rev\u00e9s-control-644x361.jpg 644w, https:\/\/www.granadablogs.com\/pateandoelmundo\/wp-content\/uploads\/2015\/07\/Del-rev\u00e9s-control.jpg 1915w\" sizes=\"auto, (max-width: 300px) 100vw, 300px\" \/><\/a><\/p>\n<p style=\"text-align: justify;\">Efectivamente, los estrenos de \u201cCars 2\u201d,<strong><span style=\"color: #ff00ff;\"><a href=\"http:\/\/www.granadablogs.com\/pateandoelmundo\/brave\/\" target=\"_blank\"> \u201cBrave\u201d<\/a><\/span><\/strong> y \u201cMonsters University\u201d nos dejaron fr\u00edos. Muy fr\u00edos. Y algo muy parecido debieron sentir los Lasseter, Catmull, Bird, Docter y dem\u00e1s creadores de Pixar cuando la compa\u00f1\u00eda anunci\u00f3 que no estrenar\u00edan ninguna pel\u00edcula a lo largo de 2014, lo que supon\u00eda una parada para el an\u00e1lisis y la reflexi\u00f3n.<\/p>\n<p style=\"text-align: justify;\"><a href=\"http:\/\/www.granadablogs.com\/pateandoelmundo\/wp-content\/uploads\/2015\/07\/Del-rev\u00e9s-qu\u00e9-pasa-aqu\u00ed.jpg\"><img loading=\"lazy\" decoding=\"async\" class=\"aligncenter size-medium wp-image-18155\" src=\"http:\/\/www.granadablogs.com\/pateandoelmundo\/wp-content\/uploads\/2015\/07\/Del-rev\u00e9s-qu\u00e9-pasa-aqu\u00ed-300x169.jpg\" alt=\"Del rev\u00e9s qu\u00e9 pasa aqu\u00ed\" width=\"300\" height=\"169\" srcset=\"https:\/\/www.granadablogs.com\/pateandoelmundo\/wp-content\/uploads\/2015\/07\/Del-rev\u00e9s-qu\u00e9-pasa-aqu\u00ed-300x169.jpg 300w, https:\/\/www.granadablogs.com\/pateandoelmundo\/wp-content\/uploads\/2015\/07\/Del-rev\u00e9s-qu\u00e9-pasa-aqu\u00ed-1024x576.jpg 1024w, https:\/\/www.granadablogs.com\/pateandoelmundo\/wp-content\/uploads\/2015\/07\/Del-rev\u00e9s-qu\u00e9-pasa-aqu\u00ed-644x362.jpg 644w, https:\/\/www.granadablogs.com\/pateandoelmundo\/wp-content\/uploads\/2015\/07\/Del-rev\u00e9s-qu\u00e9-pasa-aqu\u00ed.jpg 1920w\" sizes=\"auto, (max-width: 300px) 100vw, 300px\" \/><\/a><\/p>\n<p style=\"text-align: justify;\">Con Pixar nos ocurr\u00eda lo mismo que con Indur\u00e1in, en su momento, o con Nadal en tiempos m\u00e1s recientes: siempre ganaban. Nos hab\u00edan acostumbrado a la rutina del \u00e9xito y la victoria y arrasaban a sus rivales con tanta soltura que parec\u00eda relativamente sencillo llevarse cinco Tours o nueve Roland Garros a casa. Pero no era as\u00ed. Ni much\u00edsimo menos. Trabajo, esfuerzo, constancia, entrenamiento, preparaci\u00f3n f\u00edsica y mental, lucha contra las lesiones y enfermedades\u2026<\/p>\n<p style=\"text-align: justify;\">Alcanzar la excelencia y llegar a la genialidad nunca es f\u00e1cil. Y, por eso, cuando \u201cInside Out\u201d fue tan bien acogida en el Festival de Cannes, los amantes del cine suspiramos aliviados. Pero nos quedaba la duda: \u00bfhabr\u00edan bajado los cr\u00edticos su baremo? \u00bfHabr\u00edan sido condescendientes?<\/p>\n<p style=\"text-align: justify;\"><a href=\"http:\/\/www.granadablogs.com\/pateandoelmundo\/wp-content\/uploads\/2015\/07\/Del-Rev\u00e9s-Ira.jpg\"><img loading=\"lazy\" decoding=\"async\" class=\"aligncenter size-medium wp-image-18156\" src=\"http:\/\/www.granadablogs.com\/pateandoelmundo\/wp-content\/uploads\/2015\/07\/Del-Rev\u00e9s-Ira-300x169.jpg\" alt=\"Del Rev\u00e9s Ira\" width=\"300\" height=\"169\" srcset=\"https:\/\/www.granadablogs.com\/pateandoelmundo\/wp-content\/uploads\/2015\/07\/Del-Rev\u00e9s-Ira-300x169.jpg 300w, https:\/\/www.granadablogs.com\/pateandoelmundo\/wp-content\/uploads\/2015\/07\/Del-Rev\u00e9s-Ira-1024x576.jpg 1024w, https:\/\/www.granadablogs.com\/pateandoelmundo\/wp-content\/uploads\/2015\/07\/Del-Rev\u00e9s-Ira-644x362.jpg 644w, https:\/\/www.granadablogs.com\/pateandoelmundo\/wp-content\/uploads\/2015\/07\/Del-Rev\u00e9s-Ira.jpg 1920w\" sizes=\"auto, (max-width: 300px) 100vw, 300px\" \/><\/a><\/p>\n<p style=\"text-align: justify;\">En absoluto, como hemos podido comprobar los miles de espectadores que, desde el pasado viernes, hemos abarrotado las salas para ver una pel\u00edcula extraordinaria que da el protagonismo a cinco de las emociones b\u00e1sicas de los seres humanos: la alegr\u00eda, la ira, el asco, el miedo y la tristeza. Cinco emociones que conviven en el cuerpo de una jovencita de once a\u00f1os. Cinco emociones que se enfrentan al gran cambio que se avecina en la feliz y despreocupada vida de la encantadora Riley.<\/p>\n<p style=\"text-align: justify;\"><a href=\"http:\/\/www.granadablogs.com\/pateandoelmundo\/wp-content\/uploads\/2015\/07\/Del-rev\u00e9s-islas.jpg\"><img loading=\"lazy\" decoding=\"async\" class=\"aligncenter size-medium wp-image-18157\" src=\"http:\/\/www.granadablogs.com\/pateandoelmundo\/wp-content\/uploads\/2015\/07\/Del-rev\u00e9s-islas-300x200.jpg\" alt=\"Del rev\u00e9s islas\" width=\"300\" height=\"200\" srcset=\"https:\/\/www.granadablogs.com\/pateandoelmundo\/wp-content\/uploads\/2015\/07\/Del-rev\u00e9s-islas-300x200.jpg 300w, https:\/\/www.granadablogs.com\/pateandoelmundo\/wp-content\/uploads\/2015\/07\/Del-rev\u00e9s-islas-1024x683.jpg 1024w, https:\/\/www.granadablogs.com\/pateandoelmundo\/wp-content\/uploads\/2015\/07\/Del-rev\u00e9s-islas-644x429.jpg 644w\" sizes=\"auto, (max-width: 300px) 100vw, 300px\" \/><\/a><\/p>\n<p style=\"text-align: justify;\">No se me ocurre ahora mismo c\u00f3mo una pel\u00edcula, ni animada ni convencional, podr\u00eda tratar los temas de los que habla \u201cDel rev\u00e9s\u201d con una combinaci\u00f3n de rigor cient\u00edfico, profundidad filos\u00f3fica, sentido del humor y capacidad de emoci\u00f3n siquiera parecida. Estamos ante una pel\u00edcula de culto que va a marcar un antes y un despu\u00e9s en la historia del cine y que requiere de m\u00e1s de un visionado para sacarle lo mucho y bueno que atesora en su interior.<\/p>\n<figure id=\"attachment_18159\" aria-describedby=\"caption-attachment-18159\" style=\"width: 300px\" class=\"wp-caption aligncenter\"><a href=\"http:\/\/www.granadablogs.com\/pateandoelmundo\/wp-content\/uploads\/2015\/07\/Del-rev\u00e9s-recuerdos.jpg\"><img loading=\"lazy\" decoding=\"async\" class=\"size-medium wp-image-18159\" src=\"http:\/\/www.granadablogs.com\/pateandoelmundo\/wp-content\/uploads\/2015\/07\/Del-rev\u00e9s-recuerdos-300x169.jpg\" alt=\"Joy (voice of Amy Poehler), the main and most important of 11-year-old Riley\u2019s five Emotions, explores Long Term Memory in Disney\u2022Pixar's &quot;Inside Out.&quot; Directed by Pete Docter (\u201cMonsters, Inc.,\u201d \u201cUp\u201d), &quot;Inside Out&quot; opens in theaters nationwide June 19, 2015. \u00a92014 Disney\u2022Pixar. All Rights Reserved.\" width=\"300\" height=\"169\" srcset=\"https:\/\/www.granadablogs.com\/pateandoelmundo\/wp-content\/uploads\/2015\/07\/Del-rev\u00e9s-recuerdos-300x169.jpg 300w, https:\/\/www.granadablogs.com\/pateandoelmundo\/wp-content\/uploads\/2015\/07\/Del-rev\u00e9s-recuerdos-1024x576.jpg 1024w, https:\/\/www.granadablogs.com\/pateandoelmundo\/wp-content\/uploads\/2015\/07\/Del-rev\u00e9s-recuerdos-644x362.jpg 644w\" sizes=\"auto, (max-width: 300px) 100vw, 300px\" \/><\/a><figcaption id=\"caption-attachment-18159\" class=\"wp-caption-text\">Joy (voice of Amy Poehler), the main and most important of 11-year-old Riley\u2019s five Emotions, explores Long Term Memory in Disney\u2022Pixar&#8217;s \u00abInside Out.\u00bb Directed by Pete Docter (\u201cMonsters, Inc.,\u201d \u201cUp\u201d), \u00abInside Out\u00bb opens in theaters nationwide June 19, 2015. \u00a92014 Disney\u2022Pixar. All Rights Reserved.<\/figcaption><\/figure>\n<p style=\"text-align: justify;\">Consejo de amigo: con o sin ni\u00f1os y para combatir la llamada Tercera Ola de Calor \u2013como si las dos primeras hubieran dado tregua en alg\u00fan momento\u2013 vayan al cine a ver \u201cDel rev\u00e9s\u201d. Ning\u00fan plan puede ser mejor.<\/p>\n<p style=\"text-align: justify;\">\n<p style=\"text-align: justify;\">PD.- No puede ser casualidad que hayamos visto la nueva obra maestra de Pixar justo el d\u00eda anterior a conocer a Juanjo Guarnido, uno de los padres de Blacksad. Y es que miren qu\u00e9 escrib\u00eda yo en IDEAL sobre ambos universos, <span style=\"color: #ff00ff;\"><strong><a href=\"http:\/\/www.granadablogs.com\/pateandoelmundo\/animales-juguetes\/\" target=\"_blank\">Animales &amp; Juguetes<\/a><\/strong><\/span>, hace ya la friolera de cinco a\u00f1os&#8230;<\/p>\n<p style=\"text-align: justify;\"><a href=\"http:\/\/www.granadablogs.com\/pateandoelmundo\/wp-content\/uploads\/2015\/07\/Lens-Blacksad.jpg\"><img loading=\"lazy\" decoding=\"async\" class=\"aligncenter size-medium wp-image-18162\" src=\"http:\/\/www.granadablogs.com\/pateandoelmundo\/wp-content\/uploads\/2015\/07\/Lens-Blacksad-300x300.jpg\" alt=\"Lens Blacksad\" width=\"300\" height=\"300\" srcset=\"https:\/\/www.granadablogs.com\/pateandoelmundo\/wp-content\/uploads\/2015\/07\/Lens-Blacksad-300x300.jpg 300w, https:\/\/www.granadablogs.com\/pateandoelmundo\/wp-content\/uploads\/2015\/07\/Lens-Blacksad-150x150.jpg 150w, https:\/\/www.granadablogs.com\/pateandoelmundo\/wp-content\/uploads\/2015\/07\/Lens-Blacksad-644x644.jpg 644w, https:\/\/www.granadablogs.com\/pateandoelmundo\/wp-content\/uploads\/2015\/07\/Lens-Blacksad.jpg 720w\" sizes=\"auto, (max-width: 300px) 100vw, 300px\" \/><\/a><\/p>\n<p style=\"text-align: justify;\">\u00a1C\u00f3mo pasa el tiempo!<\/p>\n<p style=\"text-align: justify;\">Jes\u00fas Lens<\/p>\n<p><a href=\"https:\/\/twitter.com\/Jesus_Lens\" target=\"_blank\"><img loading=\"lazy\" decoding=\"async\" class=\" size-full wp-image-18076 alignleft\" src=\"http:\/\/www.granadablogs.com\/pateandoelmundo\/wp-content\/uploads\/2015\/06\/Twitter-Lens.jpg\" alt=\"Twitter Lens\" width=\"196\" height=\"47\" \/><\/a><\/p>\n","protected":false},"excerpt":{"rendered":"<p>Mi art\u00edculo de hoy, en IDEAL, m\u00e1s que un consejo, que lo es; es una exhortaci\u00f3n y, a la vez, una celebraci\u00f3n: Lo han vuelto a hacer. Efectivamente, los genios de Pixar han vuelto a poner patas arriba a la industria del cine con su estreno m\u00e1s reciente: \u201cInside Out\u201d o, como se ha traducido [&hellip;]<\/p>\n","protected":false},"author":1,"featured_media":0,"comment_status":"open","ping_status":"open","sticky":false,"template":"","format":"standard","meta":{"jetpack_post_was_ever_published":false,"_jetpack_newsletter_access":"","_jetpack_dont_email_post_to_subs":false,"_jetpack_newsletter_tier_id":0,"_jetpack_memberships_contains_paywalled_content":false,"_jetpack_memberships_contains_paid_content":false,"footnotes":""},"categories":[10],"tags":[10,9753,11447,11443,11442,11445,11446,11444,806],"class_list":["post-18153","post","type-post","status-publish","format-standard","hentry","category-cine","tag-cine","tag-cine-animacion","tag-criticas-cine","tag-del-reves","tag-inside-out","tag-lasseter","tag-obra-maestra-pixar","tag-peter-dockter","tag-pixar"],"jetpack_featured_media_url":"","jetpack_sharing_enabled":true,"_links":{"self":[{"href":"https:\/\/www.granadablogs.com\/pateandoelmundo\/wp-json\/wp\/v2\/posts\/18153","targetHints":{"allow":["GET"]}}],"collection":[{"href":"https:\/\/www.granadablogs.com\/pateandoelmundo\/wp-json\/wp\/v2\/posts"}],"about":[{"href":"https:\/\/www.granadablogs.com\/pateandoelmundo\/wp-json\/wp\/v2\/types\/post"}],"author":[{"embeddable":true,"href":"https:\/\/www.granadablogs.com\/pateandoelmundo\/wp-json\/wp\/v2\/users\/1"}],"replies":[{"embeddable":true,"href":"https:\/\/www.granadablogs.com\/pateandoelmundo\/wp-json\/wp\/v2\/comments?post=18153"}],"version-history":[{"count":2,"href":"https:\/\/www.granadablogs.com\/pateandoelmundo\/wp-json\/wp\/v2\/posts\/18153\/revisions"}],"predecessor-version":[{"id":18163,"href":"https:\/\/www.granadablogs.com\/pateandoelmundo\/wp-json\/wp\/v2\/posts\/18153\/revisions\/18163"}],"wp:attachment":[{"href":"https:\/\/www.granadablogs.com\/pateandoelmundo\/wp-json\/wp\/v2\/media?parent=18153"}],"wp:term":[{"taxonomy":"category","embeddable":true,"href":"https:\/\/www.granadablogs.com\/pateandoelmundo\/wp-json\/wp\/v2\/categories?post=18153"},{"taxonomy":"post_tag","embeddable":true,"href":"https:\/\/www.granadablogs.com\/pateandoelmundo\/wp-json\/wp\/v2\/tags?post=18153"}],"curies":[{"name":"wp","href":"https:\/\/api.w.org\/{rel}","templated":true}]}}