{"id":17780,"date":"2015-03-06T10:42:47","date_gmt":"2015-03-06T09:42:47","guid":{"rendered":"http:\/\/www.granadablogs.com\/pateandoelmundo\/?p=17780"},"modified":"2015-03-06T10:42:47","modified_gmt":"2015-03-06T09:42:47","slug":"paco-roca-ambulante","status":"publish","type":"post","link":"https:\/\/www.granadablogs.com\/pateandoelmundo\/paco-roca-ambulante\/","title":{"rendered":"Paco Roca ambulante"},"content":{"rendered":"<p style=\"text-align: justify;\">Tuve que subir a Madrid, con mi hermano, para resolver una cuesti\u00f3n administrativa. Un martes. Fuimos en bus. Temprano. Para ser precavidos, reservamos el billete de vuelta, ese mismo d\u00eda, pero bastante tarde. Por si se nos complicaba la cosa.<\/p>\n<p style=\"text-align: justify;\">\u00a0<a href=\"http:\/\/www.granadablogs.com\/pateandoelmundo\/wp-content\/uploads\/2015\/03\/Paco-Roca-arrugas.jpg\"><img loading=\"lazy\" decoding=\"async\" class=\"aligncenter size-medium wp-image-17781\" src=\"http:\/\/www.granadablogs.com\/pateandoelmundo\/wp-content\/uploads\/2015\/03\/Paco-Roca-arrugas-242x300.jpg\" alt=\"Paco Roca arrugas\" width=\"242\" height=\"300\" srcset=\"https:\/\/www.granadablogs.com\/pateandoelmundo\/wp-content\/uploads\/2015\/03\/Paco-Roca-arrugas-242x300.jpg 242w, https:\/\/www.granadablogs.com\/pateandoelmundo\/wp-content\/uploads\/2015\/03\/Paco-Roca-arrugas.jpg 820w\" sizes=\"auto, (max-width: 242px) 100vw, 242px\" \/><\/a><\/p>\n<p style=\"text-align: justify;\">\u00cdbamos con un prop\u00f3sito, por si resolv\u00edamos con celeridad el tema burocr\u00e1tico: asomarnos al edificio de Fundaci\u00f3n Telef\u00f3nica a ver la exposici\u00f3n sobre Paco Roca. Para ponernos en ambiente, nos llevamos dos de sus c\u00f3mics m\u00e1s conocidos: \u201cArrugas\u201d, del que hab\u00eda visto la pel\u00edcula, y \u201cLos surcos del azar\u201d.<\/p>\n<p style=\"text-align: justify;\">\n<p style=\"text-align: justify;\">Poco despu\u00e9s de las cuatro de la tarde, y tras haber tomado unas viandas en un garito asturiano de cerca de Fuencarral, acompa\u00f1ados por el Gran Rash, entramos en el espectacular edificio que Telef\u00f3nica ha convertido en centro cultural.<\/p>\n<p style=\"text-align: justify;\">\n<p style=\"text-align: justify;\">Empezamos por ver la muestra sobre Tesla, que no me dijo demasiado, la verdad sea dicha. Y seguimos por la de Paco Roca, cuya serie \u201cUn Dibujante en Pijama\u201d, que actualmente se publica en el suplemento de El Pa\u00eds, me parece prodigiosa. Muy aconsejable para todo el mundo, es obligatoria para cualquier persona creativa y\/o dotada de alguna pulsi\u00f3n art\u00edstica, musical o literaria.<\/p>\n<p style=\"text-align: justify;\">\u00a0<a href=\"http:\/\/www.granadablogs.com\/pateandoelmundo\/wp-content\/uploads\/2015\/03\/Paco-Roca-exposici\u00f3n.jpg\"><img loading=\"lazy\" decoding=\"async\" class=\"aligncenter size-medium wp-image-17782\" src=\"http:\/\/www.granadablogs.com\/pateandoelmundo\/wp-content\/uploads\/2015\/03\/Paco-Roca-exposici\u00f3n-300x156.jpg\" alt=\"Paco Roca exposici\u00f3n\" width=\"300\" height=\"156\" srcset=\"https:\/\/www.granadablogs.com\/pateandoelmundo\/wp-content\/uploads\/2015\/03\/Paco-Roca-exposici\u00f3n-300x156.jpg 300w, https:\/\/www.granadablogs.com\/pateandoelmundo\/wp-content\/uploads\/2015\/03\/Paco-Roca-exposici\u00f3n.jpg 730w\" sizes=\"auto, (max-width: 300px) 100vw, 300px\" \/><\/a><\/p>\n<p style=\"text-align: justify;\">La exposici\u00f3n recorre toda la trayectoria art\u00edstica de un autor que, tan joven, ya ha publicado joyas como \u201cArrugas\u201d, cuya versi\u00f3n cinematogr\u00e1fica le hace justicia a un tebeo prodigioso. En \u00e9l se cuenta la vida de un hombre, antiguo director de una sucursal bancaria, que ingresa en una residencia de mayores, aquejado de un incipiente Alzheimer. Todos los personajes, tratados con un mimo y un respeto exquisitos, se hacen querer por el lector, que terminar\u00e1 enamorados de ellos.<\/p>\n<p style=\"text-align: justify;\">\n<p style=\"text-align: justify;\">Sus conversaciones, sus travesuras, sus despistes, sus gestos de ternura y cari\u00f1o, sus peque\u00f1as rebeliones\u2026 se leen y se sienten como si fuera la m\u00e1s adictiva de las aventuras. Se nota, y esa es la parte que se descubre en la exposici\u00f3n, que Paco Roca pas\u00f3 mucho tiempo visitando a las personas que viven en las residencias. Que las acompa\u00f1\u00f3, habl\u00f3 con ellas y empatiz\u00f3 con su situaci\u00f3n.<\/p>\n<p style=\"text-align: justify;\">\u00a0<a href=\"http:\/\/www.granadablogs.com\/pateandoelmundo\/wp-content\/uploads\/2015\/03\/Paco-Roca-himself.jpg\"><img loading=\"lazy\" decoding=\"async\" class=\"aligncenter size-medium wp-image-17783\" src=\"http:\/\/www.granadablogs.com\/pateandoelmundo\/wp-content\/uploads\/2015\/03\/Paco-Roca-himself-300x199.jpg\" alt=\"Paco Roca himself\" width=\"300\" height=\"199\" srcset=\"https:\/\/www.granadablogs.com\/pateandoelmundo\/wp-content\/uploads\/2015\/03\/Paco-Roca-himself-300x199.jpg 300w, https:\/\/www.granadablogs.com\/pateandoelmundo\/wp-content\/uploads\/2015\/03\/Paco-Roca-himself.jpg 560w\" sizes=\"auto, (max-width: 300px) 100vw, 300px\" \/><\/a><\/p>\n<p style=\"text-align: justify;\">Dejando al margen los originales de algunos de sus trabajos, lo que m\u00e1s me gust\u00f3 de la exposici\u00f3n fueron los Cuadernos de Viaje del autor. \u00a1Matar\u00eda por ser capaz de convertir mis viajes en joyas como \u00e9sa! De ah\u00ed el empe\u00f1o que ten\u00eda yo en que mi querido Colin Bertholet viera esta exposici\u00f3n, m\u00e1s all\u00e1 de nuestra admiraci\u00f3n por Roca. Esas im\u00e1genes, aparentemente sencillas. Esos bocetos. Esos apuntes del natural. Esa recreaci\u00f3n de la realidad que uno percibe cuando est\u00e1 de viaje\u2026 una maravilla.<\/p>\n<p style=\"text-align: justify;\">\n<p style=\"text-align: justify;\">Y est\u00e1 la investigaci\u00f3n para la historia de La Nueve que Roca nos regal\u00f3 en su excepcional y extraordinario libro \u201cLos surcos del azar\u201d. Porque el libro combina dos historias. La primera tiene a Roca como protagonista, cuando viaja a un peque\u00f1o pueblo de Francia para localizar a Miguel, un anciano que, supuestamente, particip\u00f3 en la II Guerra Mundial. Y, a modo de flash backs, por supuesto, la historia de Miguel, desde que zarp\u00f3 del puerto de Alicante el 28 de marzo de 1939, con la Guerra Civil ya decidida.<\/p>\n<p style=\"text-align: justify;\">\u00a0<a href=\"http:\/\/www.granadablogs.com\/pateandoelmundo\/wp-content\/uploads\/2015\/03\/Paco-Roca-Surcos.jpg\"><img loading=\"lazy\" decoding=\"async\" class=\"aligncenter size-medium wp-image-17784\" src=\"http:\/\/www.granadablogs.com\/pateandoelmundo\/wp-content\/uploads\/2015\/03\/Paco-Roca-Surcos-213x300.jpg\" alt=\"Paco Roca Surcos\" width=\"213\" height=\"300\" srcset=\"https:\/\/www.granadablogs.com\/pateandoelmundo\/wp-content\/uploads\/2015\/03\/Paco-Roca-Surcos-213x300.jpg 213w, https:\/\/www.granadablogs.com\/pateandoelmundo\/wp-content\/uploads\/2015\/03\/Paco-Roca-Surcos-728x1024.jpg 728w, https:\/\/www.granadablogs.com\/pateandoelmundo\/wp-content\/uploads\/2015\/03\/Paco-Roca-Surcos.jpg 1600w\" sizes=\"auto, (max-width: 213px) 100vw, 213px\" \/><\/a><\/p>\n<p style=\"text-align: justify;\">Una historia, la de Miguel, no ya interesante, sino apasionante. su paso por los campos de refugiados franceses, su lucha en el norte de \u00c1frica y su participaci\u00f3n en la liberaci\u00f3n de Par\u00eds, con Leclerc, formando parte de esa m\u00edtica Nueve a la que por fin se est\u00e1 haciendo justicia por parte de autores como Juan Laborda, Alejandro Gallo y Paco Roca, por supuesto.<\/p>\n<p style=\"text-align: justify;\">\n<p style=\"text-align: justify;\">\u201cPara qu\u00e9 llamar caminos<\/p>\n<p style=\"text-align: justify;\">a los surcos del azar\u201d.<\/p>\n<p style=\"text-align: justify;\">\n<p style=\"text-align: justify;\">Con esos versos de Antonio Machado comienza una narraci\u00f3n que, en sus algo m\u00e1s de trescientas p\u00e1ginas, permite al lector acercarse a una historia de dolor, desgarro, violencia, muerte, honor, coraje, valent\u00eda y determinaci\u00f3n. Una historia en la que los buenos y los malos no est\u00e1n tan alejados como nos gusta creer. En la que se demuestra que las cosas cambian, que las veleidades de la pol\u00edtica no son solo cosa de ahora y en la que, nuevamente, Roca pone el acento en esos personajes que, habitualmente, est\u00e1n alejados de los focos y de la primera l\u00ednea de la presi\u00f3n medi\u00e1tica. Personajes que cumplen con su deber y que, por encima de todo, son honestos y fieles a su forma de pensar, a sus ideales y a sus camaradas.<\/p>\n<p style=\"text-align: justify;\">\u00a0<a href=\"http:\/\/www.granadablogs.com\/pateandoelmundo\/wp-content\/uploads\/2015\/03\/Paco-Roca-surcos-del-azar.jpg\"><img loading=\"lazy\" decoding=\"async\" class=\"aligncenter size-medium wp-image-17785\" src=\"http:\/\/www.granadablogs.com\/pateandoelmundo\/wp-content\/uploads\/2015\/03\/Paco-Roca-surcos-del-azar-225x300.jpg\" alt=\"Paco Roca surcos del azar\" width=\"225\" height=\"300\" srcset=\"https:\/\/www.granadablogs.com\/pateandoelmundo\/wp-content\/uploads\/2015\/03\/Paco-Roca-surcos-del-azar-225x300.jpg 225w, https:\/\/www.granadablogs.com\/pateandoelmundo\/wp-content\/uploads\/2015\/03\/Paco-Roca-surcos-del-azar-768x1024.jpg 768w, https:\/\/www.granadablogs.com\/pateandoelmundo\/wp-content\/uploads\/2015\/03\/Paco-Roca-surcos-del-azar.jpg 1200w\" sizes=\"auto, (max-width: 225px) 100vw, 225px\" \/><\/a><\/p>\n<p style=\"text-align: justify;\">Y los queda, claro, \u201cEl invierno del dibujante\u201d, que los Reyes, m\u00e1s majos que nunca, tuvieron a bien regalarme a comienzos de este a\u00f1o. Otra narraci\u00f3n compleja, poli\u00e9drica y repleta de matices, en la que se cuenta el intento, en la Espa\u00f1a de posguerra, de un grupo de dibujantes de desmarcarse de la editorial Bruguera y crear una revista independiente en la que los dibujantes fueran due\u00f1os de sus creaciones y propietarios de los derechos sobre sus personajes.<\/p>\n<p style=\"text-align: justify;\">\n<p style=\"text-align: justify;\">Una historia que bucea en el pasado para narrar la valent\u00eda y el arrojo de unos, la oportunidad que se abri\u00f3 a otros, el militante anarquismo vital de tipos como V\u00e1zquez, la estajanovista \u00e9tica del trabajo de Ib\u00e1\u00f1ez y el pragmatismo de otros cuantos.<\/p>\n<p style=\"text-align: justify;\">\u00a0<a href=\"http:\/\/www.granadablogs.com\/pateandoelmundo\/wp-content\/uploads\/2015\/03\/Paco-Roca-invierno-dibujante.jpg\"><img loading=\"lazy\" decoding=\"async\" class=\"aligncenter size-medium wp-image-17786\" src=\"http:\/\/www.granadablogs.com\/pateandoelmundo\/wp-content\/uploads\/2015\/03\/Paco-Roca-invierno-dibujante-300x198.jpg\" alt=\"Paco Roca invierno dibujante\" width=\"300\" height=\"198\" srcset=\"https:\/\/www.granadablogs.com\/pateandoelmundo\/wp-content\/uploads\/2015\/03\/Paco-Roca-invierno-dibujante-300x198.jpg 300w, https:\/\/www.granadablogs.com\/pateandoelmundo\/wp-content\/uploads\/2015\/03\/Paco-Roca-invierno-dibujante.jpg 1024w\" sizes=\"auto, (max-width: 300px) 100vw, 300px\" \/><\/a><\/p>\n<p style=\"text-align: justify;\">Porque la vida nunca es f\u00e1cil y, en ciertos momentos, nos obliga a tomar decisiones de las que, m\u00e1s adelante, no nos sentiremos especialmente orgullosos. Que le pregunten a V\u00edctor Mora, por ejemplo. O al se\u00f1or Gonz\u00e1lez, posiblemente, uno de los personajes m\u00e1s tristes de la historia del c\u00f3mic espa\u00f1ol. Por real. Por cierto. Por ser el espejo en que tantos y tantos artistas frustrados se pueden ver representados.<\/p>\n<p style=\"text-align: justify;\">\n<p style=\"text-align: justify;\">Pero volvamos a esa exposici\u00f3n sobre Paco Roca. Con artilugios y objetos tan singulares como los provenientes de ese Jap\u00f3n al que fue invitado, en el seno de una legaci\u00f3n espa\u00f1ola y donde recibi\u00f3 honores y distinciones. De aquel viaje salieron estampas para los Cuadernos de Viajes, por supuesto.<\/p>\n<p style=\"text-align: justify;\">\u00a0<a href=\"http:\/\/www.granadablogs.com\/pateandoelmundo\/wp-content\/uploads\/2015\/03\/paco-Roca-pijama.jpg\"><img loading=\"lazy\" decoding=\"async\" class=\"aligncenter size-medium wp-image-17787\" src=\"http:\/\/www.granadablogs.com\/pateandoelmundo\/wp-content\/uploads\/2015\/03\/paco-Roca-pijama-300x170.jpg\" alt=\"paco Roca pijama\" width=\"300\" height=\"170\" srcset=\"https:\/\/www.granadablogs.com\/pateandoelmundo\/wp-content\/uploads\/2015\/03\/paco-Roca-pijama-300x170.jpg 300w, https:\/\/www.granadablogs.com\/pateandoelmundo\/wp-content\/uploads\/2015\/03\/paco-Roca-pijama.jpg 614w\" sizes=\"auto, (max-width: 300px) 100vw, 300px\" \/><\/a><\/p>\n<p style=\"text-align: justify;\">Y, quiz\u00e1, ideas para \u201cUn dibujante en pijama\u201d. O para alguna otra narraci\u00f3n. \u00bfUna de samur\u00e1is? \u00bfLa historia de los japoneses establecidos en Andaluc\u00eda que dieron lugar a la amplia y extensa familia apellidada Jap\u00f3n? No se sabe. Porque los caminos de la creatividad son inescrutables y, por eso, exposiciones como la de Paco Roca ayudan a comprender y a disfrutar m\u00e1s y mejor de uno de los grandes del c\u00f3mic espa\u00f1ol contempor\u00e1neo.<\/p>\n<p style=\"text-align: justify;\">\n<p style=\"text-align: justify;\">Jes\u00fas Lens<\/p>\n<p><a href=\"https:\/\/twitter.com\/Jesus_Lens\" target=\"_blank\"><img loading=\"lazy\" decoding=\"async\" class=\"size-full wp-image-17247 alignleft\" src=\"http:\/\/www.granadablogs.com\/pateandoelmundo\/wp-content\/uploads\/2014\/10\/Firma-Twitter.jpg\" alt=\"Firma Twitter\" width=\"196\" height=\"47\" \/><\/a><\/p>\n","protected":false},"excerpt":{"rendered":"<p>Tuve que subir a Madrid, con mi hermano, para resolver una cuesti\u00f3n administrativa. Un martes. Fuimos en bus. Temprano. Para ser precavidos, reservamos el billete de vuelta, ese mismo d\u00eda, pero bastante tarde. Por si se nos complicaba la cosa. \u00a0 \u00cdbamos con un prop\u00f3sito, por si resolv\u00edamos con celeridad el tema burocr\u00e1tico: asomarnos al [&hellip;]<\/p>\n","protected":false},"author":1,"featured_media":0,"comment_status":"open","ping_status":"open","sticky":false,"template":"","format":"standard","meta":{"jetpack_post_was_ever_published":false,"_jetpack_newsletter_access":"","_jetpack_dont_email_post_to_subs":false,"_jetpack_newsletter_tier_id":0,"_jetpack_memberships_contains_paywalled_content":false,"_jetpack_memberships_contains_paid_content":false,"footnotes":""},"categories":[19],"tags":[768,11169,3076,11166,11167,11171,11168,11164,11170,11165],"class_list":["post-17780","post","type-post","status-publish","format-standard","hentry","category-tebeos","tag-arrugas","tag-arrugas-roca","tag-astiberri","tag-dibujante-pijama","tag-el-invierno-del-dibujante","tag-fundacion-telefonica","tag-los-surcos-del-azar","tag-paco-roca","tag-paco-roca-astiberri","tag-paco-roca-pijama"],"jetpack_featured_media_url":"","jetpack_sharing_enabled":true,"_links":{"self":[{"href":"https:\/\/www.granadablogs.com\/pateandoelmundo\/wp-json\/wp\/v2\/posts\/17780","targetHints":{"allow":["GET"]}}],"collection":[{"href":"https:\/\/www.granadablogs.com\/pateandoelmundo\/wp-json\/wp\/v2\/posts"}],"about":[{"href":"https:\/\/www.granadablogs.com\/pateandoelmundo\/wp-json\/wp\/v2\/types\/post"}],"author":[{"embeddable":true,"href":"https:\/\/www.granadablogs.com\/pateandoelmundo\/wp-json\/wp\/v2\/users\/1"}],"replies":[{"embeddable":true,"href":"https:\/\/www.granadablogs.com\/pateandoelmundo\/wp-json\/wp\/v2\/comments?post=17780"}],"version-history":[{"count":1,"href":"https:\/\/www.granadablogs.com\/pateandoelmundo\/wp-json\/wp\/v2\/posts\/17780\/revisions"}],"predecessor-version":[{"id":17788,"href":"https:\/\/www.granadablogs.com\/pateandoelmundo\/wp-json\/wp\/v2\/posts\/17780\/revisions\/17788"}],"wp:attachment":[{"href":"https:\/\/www.granadablogs.com\/pateandoelmundo\/wp-json\/wp\/v2\/media?parent=17780"}],"wp:term":[{"taxonomy":"category","embeddable":true,"href":"https:\/\/www.granadablogs.com\/pateandoelmundo\/wp-json\/wp\/v2\/categories?post=17780"},{"taxonomy":"post_tag","embeddable":true,"href":"https:\/\/www.granadablogs.com\/pateandoelmundo\/wp-json\/wp\/v2\/tags?post=17780"}],"curies":[{"name":"wp","href":"https:\/\/api.w.org\/{rel}","templated":true}]}}