{"id":17745,"date":"2015-02-18T10:01:17","date_gmt":"2015-02-18T09:01:17","guid":{"rendered":"http:\/\/www.granadablogs.com\/pateandoelmundo\/?p=17745"},"modified":"2015-02-18T10:01:17","modified_gmt":"2015-02-18T09:01:17","slug":"es-la-cultura-electoral","status":"publish","type":"post","link":"https:\/\/www.granadablogs.com\/pateandoelmundo\/es-la-cultura-electoral\/","title":{"rendered":"\u00bfEs la cultura electoral?"},"content":{"rendered":"<p style=\"text-align: justify;\"><em><strong>Hoy publico en IDEAL un art\u00edculo propuesta que no s\u00e9 qu\u00e9 te parecer\u00e1. Me gustar\u00eda conocer tu opini\u00f3n y, adem\u00e1s, que la compartieras\u2026 \u00a1Gracias!<\/strong><\/em><\/p>\n<p style=\"text-align: justify;\">\n<p style=\"text-align: justify;\">Cuando era joven, escuchaba con estupefacci\u00f3n las historias que me contaba mi padre sobre los viajes a Perpi\u00f1\u00e1n de los cin\u00e9filos espa\u00f1oles que quer\u00edan ver determinadas pel\u00edculas que, por razones diferentes, no se estrenaban en Espa\u00f1a. La m\u00e1s famosa fue \u201cEl \u00faltimo tango en Par\u00eds\u201d, pero hubo otras. Muchas. Demasiadas.<\/p>\n<p style=\"text-align: justify;\">\u00a0<a href=\"http:\/\/www.granadablogs.com\/pateandoelmundo\/wp-content\/uploads\/2015\/02\/Censura-tango.jpg\"><img loading=\"lazy\" decoding=\"async\" class=\"aligncenter size-medium wp-image-17746\" src=\"http:\/\/www.granadablogs.com\/pateandoelmundo\/wp-content\/uploads\/2015\/02\/Censura-tango-300x200.jpg\" alt=\"Censura tango\" width=\"300\" height=\"200\" srcset=\"https:\/\/www.granadablogs.com\/pateandoelmundo\/wp-content\/uploads\/2015\/02\/Censura-tango-300x200.jpg 300w, https:\/\/www.granadablogs.com\/pateandoelmundo\/wp-content\/uploads\/2015\/02\/Censura-tango.jpg 640w\" sizes=\"auto, (max-width: 300px) 100vw, 300px\" \/><\/a><\/p>\n<p style=\"text-align: justify;\">Hace unos d\u00edas me descubr\u00ed escrutando la cartelera\u2026 de M\u00e1laga, para organizar una escapada de fin de semana que me permitiera ver algunas de las pel\u00edculas m\u00e1s interesantes que se han estrenado en Espa\u00f1a, pero que no han llegado a la cartelera granadina. \u00a1Qu\u00e9 triste, tanto progreso y tanto desarrollo, para volver a un ignominioso punto de partida!<\/p>\n<p style=\"text-align: justify;\">\n<p style=\"text-align: justify;\">De un tiempo a esta parte, asistimos a un debate m\u00e1s o menos abierto sobre el bajonazo de Granada en el mapa cultural andaluz y espa\u00f1ol. Un debate que, a mi juicio, se est\u00e1 centrando mucho en la gesti\u00f3n de los monumentos, en la importancia de las grandes infraestructuras culturales\u00a0 y en los eventos m\u00e1s medi\u00e1ticos; pero muy poco en los contenidos que, d\u00eda a d\u00eda, deber\u00edan beneficiar intelectualmente a los granadinos.<\/p>\n<p style=\"text-align: justify;\">\n<p style=\"text-align: justify;\">El debate est\u00e1 focalizado en la cultura como motor de desarrollo econ\u00f3mico y en su capacidad para atraer turismo for\u00e1neo que genere recursos para el sector de la hosteler\u00eda, lo que me parece muy bien y es muy necesario, pero siempre que no obviemos esa otra cultura, la del d\u00eda a d\u00eda, la que se disfruta a pie de calle por los residentes en la provincia.<\/p>\n<p style=\"text-align: justify;\">\u00a0<a href=\"http:\/\/www.granadablogs.com\/pateandoelmundo\/wp-content\/uploads\/2015\/02\/Censura-magical-girl.jpg\"><img loading=\"lazy\" decoding=\"async\" class=\"aligncenter size-medium wp-image-17747\" src=\"http:\/\/www.granadablogs.com\/pateandoelmundo\/wp-content\/uploads\/2015\/02\/Censura-magical-girl-212x300.jpg\" alt=\"Censura magical girl\" width=\"212\" height=\"300\" srcset=\"https:\/\/www.granadablogs.com\/pateandoelmundo\/wp-content\/uploads\/2015\/02\/Censura-magical-girl-212x300.jpg 212w, https:\/\/www.granadablogs.com\/pateandoelmundo\/wp-content\/uploads\/2015\/02\/Censura-magical-girl-723x1024.jpg 723w, https:\/\/www.granadablogs.com\/pateandoelmundo\/wp-content\/uploads\/2015\/02\/Censura-magical-girl.jpg 848w\" sizes=\"auto, (max-width: 212px) 100vw, 212px\" \/><\/a><\/p>\n<p style=\"text-align: justify;\">Y, con ello, volvemos al cine. Las salas comerciales privadas deciden estrenar las pel\u00edculas que consideran m\u00e1s rentables y, para ello, reservan tres cuartas partes de su aforo a Sombras, Esponjas y Ping\u00fcinos. Por su parte, la Diputaci\u00f3n, la Filmoteca de Andaluc\u00eda, los Festivales y los Cine Clubs dedican sus recursos a un cine que est\u00e1 fuera de los circuitos comerciales. Un cine necesario e imprescindible, vanguardista, cl\u00e1sico, diferente y arriesgado. Lo que antes se llamaba Cine de Arte y Ensayo.<\/p>\n<p style=\"text-align: justify;\">\n<p style=\"text-align: justify;\">El problema radica en ese otro cine que se estrena comercialmente en toda Espa\u00f1a, pero que, siendo minoritario, no llega a Granada. Por ejemplo, de los \u00faltimos Goya, m\u00e1s de la mitad de las cintas seleccionadas no tuvieron un estreno normalizado en nuestras salas. Y no vamos a hablar de las Palmas de Cannes, los Osos berlineses, las Conchas de San Sebasti\u00e1n o los Leones venecianos; por centrarnos en los Festivales m\u00e1s famosos del mundo. Solo el cine Madrigal programa cine alternativo, de forma habitual.<\/p>\n<p style=\"text-align: justify;\">\u00a0<a href=\"http:\/\/www.granadablogs.com\/pateandoelmundo\/wp-content\/uploads\/2015\/02\/Censura-cine-madrigal.jpg\"><img loading=\"lazy\" decoding=\"async\" class=\"aligncenter size-medium wp-image-17748\" src=\"http:\/\/www.granadablogs.com\/pateandoelmundo\/wp-content\/uploads\/2015\/02\/Censura-cine-madrigal-300x225.jpg\" alt=\"cine madrigal\" width=\"300\" height=\"225\" srcset=\"https:\/\/www.granadablogs.com\/pateandoelmundo\/wp-content\/uploads\/2015\/02\/Censura-cine-madrigal-300x225.jpg 300w, https:\/\/www.granadablogs.com\/pateandoelmundo\/wp-content\/uploads\/2015\/02\/Censura-cine-madrigal.jpg 640w\" sizes=\"auto, (max-width: 300px) 100vw, 300px\" \/><\/a><\/p>\n<p style=\"text-align: justify;\">La pregunta es: \u00bfpor qu\u00e9 no se utiliza el Teatro Isabel la Cat\u00f3lica, de gesti\u00f3n p\u00fablica y municipal, como sala de proyecciones para ese otro cine comercial que, sin reventar taquillas ni arrastrar a las masas, s\u00ed resulta imprescindible para la salud intelectual de una ciudad supuestamente culta y universitaria como Granada?<\/p>\n<p style=\"text-align: justify;\"><a href=\"http:\/\/www.granadablogs.com\/pateandoelmundo\/wp-content\/uploads\/2015\/02\/Censura-Isabel-la-catolica.jpg\"><img loading=\"lazy\" decoding=\"async\" class=\"aligncenter size-medium wp-image-17749\" src=\"http:\/\/www.granadablogs.com\/pateandoelmundo\/wp-content\/uploads\/2015\/02\/Censura-Isabel-la-catolica-300x225.jpg\" alt=\"Teatro Isabel la catolica\" width=\"300\" height=\"225\" srcset=\"https:\/\/www.granadablogs.com\/pateandoelmundo\/wp-content\/uploads\/2015\/02\/Censura-Isabel-la-catolica-300x225.jpg 300w, https:\/\/www.granadablogs.com\/pateandoelmundo\/wp-content\/uploads\/2015\/02\/Censura-Isabel-la-catolica.jpg 850w\" sizes=\"auto, (max-width: 300px) 100vw, 300px\" \/><\/a><\/p>\n<p style=\"text-align: justify;\">De cara a las pr\u00f3ximas elecciones, m\u00e1s all\u00e1 de est\u00e9riles pol\u00e9micas partidistas e interesadas, deber\u00edamos estar muy atentos a las concretas y factibles propuestas culturales de los programas electorales de los partidos. Para m\u00ed, desde luego, ser\u00e1 un importante factor a la hora de decidir mi voto.<\/p>\n<p style=\"text-align: justify;\">\n<p style=\"text-align: justify;\">Jes\u00fas Lens<\/p>\n<p><a href=\"https:\/\/twitter.com\/Jesus_Lens\" target=\"_blank\"><img loading=\"lazy\" decoding=\"async\" class=\"size-full wp-image-17247 alignleft\" src=\"http:\/\/www.granadablogs.com\/pateandoelmundo\/wp-content\/uploads\/2014\/10\/Firma-Twitter.jpg\" alt=\"Firma Twitter\" width=\"196\" height=\"47\" \/><\/a><\/p>\n","protected":false},"excerpt":{"rendered":"<p>Hoy publico en IDEAL un art\u00edculo propuesta que no s\u00e9 qu\u00e9 te parecer\u00e1. Me gustar\u00eda conocer tu opini\u00f3n y, adem\u00e1s, que la compartieras\u2026 \u00a1Gracias! Cuando era joven, escuchaba con estupefacci\u00f3n las historias que me contaba mi padre sobre los viajes a Perpi\u00f1\u00e1n de los cin\u00e9filos espa\u00f1oles que quer\u00edan ver determinadas pel\u00edculas que, por razones diferentes, [&hellip;]<\/p>\n","protected":false},"author":1,"featured_media":0,"comment_status":"open","ping_status":"open","sticky":false,"template":"","format":"standard","meta":{"jetpack_post_was_ever_published":false,"_jetpack_newsletter_access":"","_jetpack_dont_email_post_to_subs":false,"_jetpack_newsletter_tier_id":0,"_jetpack_memberships_contains_paywalled_content":false,"_jetpack_memberships_contains_paid_content":false,"footnotes":""},"categories":[10,6],"tags":[9224,9139,1185,2120,11139,11138,11140],"class_list":["post-17745","post","type-post","status-publish","format-standard","hentry","category-cine","category-opinion","tag-cine-en-granada","tag-cine-madrigal","tag-cultura","tag-cultura-granada","tag-isabel-la-catolica","tag-pena-cine-en-granada","tag-programa-electoral-cultura"],"jetpack_featured_media_url":"","jetpack_sharing_enabled":true,"_links":{"self":[{"href":"https:\/\/www.granadablogs.com\/pateandoelmundo\/wp-json\/wp\/v2\/posts\/17745","targetHints":{"allow":["GET"]}}],"collection":[{"href":"https:\/\/www.granadablogs.com\/pateandoelmundo\/wp-json\/wp\/v2\/posts"}],"about":[{"href":"https:\/\/www.granadablogs.com\/pateandoelmundo\/wp-json\/wp\/v2\/types\/post"}],"author":[{"embeddable":true,"href":"https:\/\/www.granadablogs.com\/pateandoelmundo\/wp-json\/wp\/v2\/users\/1"}],"replies":[{"embeddable":true,"href":"https:\/\/www.granadablogs.com\/pateandoelmundo\/wp-json\/wp\/v2\/comments?post=17745"}],"version-history":[{"count":1,"href":"https:\/\/www.granadablogs.com\/pateandoelmundo\/wp-json\/wp\/v2\/posts\/17745\/revisions"}],"predecessor-version":[{"id":17750,"href":"https:\/\/www.granadablogs.com\/pateandoelmundo\/wp-json\/wp\/v2\/posts\/17745\/revisions\/17750"}],"wp:attachment":[{"href":"https:\/\/www.granadablogs.com\/pateandoelmundo\/wp-json\/wp\/v2\/media?parent=17745"}],"wp:term":[{"taxonomy":"category","embeddable":true,"href":"https:\/\/www.granadablogs.com\/pateandoelmundo\/wp-json\/wp\/v2\/categories?post=17745"},{"taxonomy":"post_tag","embeddable":true,"href":"https:\/\/www.granadablogs.com\/pateandoelmundo\/wp-json\/wp\/v2\/tags?post=17745"}],"curies":[{"name":"wp","href":"https:\/\/api.w.org\/{rel}","templated":true}]}}