{"id":17568,"date":"2014-12-17T11:15:02","date_gmt":"2014-12-17T10:15:02","guid":{"rendered":"http:\/\/www.granadablogs.com\/pateandoelmundo\/?p=17568"},"modified":"2014-12-17T11:20:26","modified_gmt":"2014-12-17T10:20:26","slug":"recordando-la-neblina-del-ayer","status":"publish","type":"post","link":"https:\/\/www.granadablogs.com\/pateandoelmundo\/recordando-la-neblina-del-ayer\/","title":{"rendered":"Recordando \u00abLa neblina del ayer\u00bb"},"content":{"rendered":"<p style=\"text-align: justify;\"><em><strong>\u201c\u2026ante sus ojos se ergu\u00edan unos soberbios anaqueles de madera, protegidos con puertas acristaladas, donde reposaban, trepando por las paredes hacia el techo alt\u00edsimo, cientos, miles de libros de lomos oscuros, en los que a\u00fan lograban brillar las letras doradas de su identidad, vencedoras de la malvada humedad de la isla y de la fatiga del tiempo.\u201d<\/strong><\/em><\/p>\n<p style=\"text-align: justify;\"><span style=\"color: #ffffff;\">.<\/span><\/p>\n<p style=\"text-align: justify;\">Arranca \u201cLa neblina del ayer\u201d con Mario Conde, \u00a0el personaje fetiche del escritor cubano Leonardo Padura, convertido en chamarilero que respeta a los libros y respeta a las personas que, para sobrevivir, han de venderlos. Por eso es apreciado en el mundillo de las librer\u00edas de viejo. Una tarde, casi por casualidad, decidi\u00f3 llamar a la puerta de una antigua y decr\u00e9pita mansi\u00f3n y\u2026 \u00a1bingo! El para\u00edso, en forma de biblioteca. (El resto de aquella vieja rese\u00f1a de esta fant\u00e1stica novela lo puedes leer <a href=\"http:\/\/granadablogs.com\/bluenoirclubdejazz\/2010\/09\/24\/la-neblina-del-ayer\/\" target=\"_blank\">AQU\u00cd<\/a>)<\/p>\n<p style=\"text-align: justify;\">\u00a0<a href=\"http:\/\/www.granadablogs.com\/pateandoelmundo\/wp-content\/uploads\/2014\/12\/La-neblina-del-ayer.jpg\"><img loading=\"lazy\" decoding=\"async\" class=\"aligncenter size-full wp-image-17569\" src=\"http:\/\/www.granadablogs.com\/pateandoelmundo\/wp-content\/uploads\/2014\/12\/La-neblina-del-ayer.jpg\" alt=\"La neblina del ayer\" width=\"181\" height=\"279\" \/><\/a><\/p>\n<p style=\"text-align: justify;\">Ayer pasamos una tarde deliciosa en la librer\u00eda Ub\u00fa Libros, charlando de adaptaciones literarias al cine. Se nos fueron dos horas en un santiam\u00e9n.<\/p>\n<p style=\"text-align: justify;\">Gracias a Marian, la librera; a Reyes, a mi Cuate Pepe, a Paco, a Gustavo y al resto de personas que compartisteis ese tiempo precioso con este enfermo de pel\u00edculas y libros.<\/p>\n<p style=\"text-align: justify;\">\u00a0<a href=\"http:\/\/www.granadablogs.com\/pateandoelmundo\/wp-content\/uploads\/2014\/12\/Ub\u00fa-librer\u00eda.jpg\"><img loading=\"lazy\" decoding=\"async\" class=\"aligncenter size-medium wp-image-17544\" src=\"http:\/\/www.granadablogs.com\/pateandoelmundo\/wp-content\/uploads\/2014\/12\/Ub\u00fa-librer\u00eda-271x300.jpg\" alt=\"Ub\u00fa librer\u00eda\" width=\"271\" height=\"300\" srcset=\"https:\/\/www.granadablogs.com\/pateandoelmundo\/wp-content\/uploads\/2014\/12\/Ub\u00fa-librer\u00eda-271x300.jpg 271w, https:\/\/www.granadablogs.com\/pateandoelmundo\/wp-content\/uploads\/2014\/12\/Ub\u00fa-librer\u00eda.jpg 531w\" sizes=\"auto, (max-width: 271px) 100vw, 271px\" \/><\/a><a href=\"http:\/\/www.granadablogs.com\/pateandoelmundo\/wp-content\/uploads\/2014\/12\/Ub\u00fa-libros.jpg\"><br \/>\n<\/a><\/p>\n<p style=\"text-align: justify;\">Como comentamos en la cerveza posterior a la charla, \u201cLa neblina del ayer\u201d es una novela maravillosa que, sobre todo, a los libreros de viejo les tiene que encantar.<\/p>\n<p style=\"text-align: justify;\">Con cari\u00f1o, para todos vosotros.<\/p>\n<p style=\"text-align: justify;\">Jes\u00fas Lens<\/p>\n<p><a href=\"https:\/\/twitter.com\/Jesus_Lens\" target=\"_blank\"><img loading=\"lazy\" decoding=\"async\" class=\"size-full wp-image-17247 alignleft\" src=\"http:\/\/www.granadablogs.com\/pateandoelmundo\/wp-content\/uploads\/2014\/10\/Firma-Twitter.jpg\" alt=\"Firma Twitter\" width=\"196\" height=\"47\" \/><\/a><\/p>\n","protected":false},"excerpt":{"rendered":"<p>\u201c\u2026ante sus ojos se ergu\u00edan unos soberbios anaqueles de madera, protegidos con puertas acristaladas, donde reposaban, trepando por las paredes hacia el techo alt\u00edsimo, cientos, miles de libros de lomos oscuros, en los que a\u00fan lograban brillar las letras doradas de su identidad, vencedoras de la malvada humedad de la isla y de la fatiga [&hellip;]<\/p>\n","protected":false},"author":1,"featured_media":0,"comment_status":"open","ping_status":"open","sticky":false,"template":"","format":"standard","meta":{"jetpack_post_was_ever_published":false,"_jetpack_newsletter_access":"","_jetpack_dont_email_post_to_subs":false,"_jetpack_newsletter_tier_id":0,"_jetpack_memberships_contains_paywalled_content":false,"_jetpack_memberships_contains_paid_content":false,"footnotes":""},"categories":[9],"tags":[9596,4702,49,10958],"class_list":["post-17568","post","type-post","status-publish","format-standard","hentry","category-literarios","tag-la-neblina-del-ayer","tag-leonardo-padura","tag-libros","tag-ubu-libros"],"jetpack_featured_media_url":"","jetpack_sharing_enabled":true,"_links":{"self":[{"href":"https:\/\/www.granadablogs.com\/pateandoelmundo\/wp-json\/wp\/v2\/posts\/17568","targetHints":{"allow":["GET"]}}],"collection":[{"href":"https:\/\/www.granadablogs.com\/pateandoelmundo\/wp-json\/wp\/v2\/posts"}],"about":[{"href":"https:\/\/www.granadablogs.com\/pateandoelmundo\/wp-json\/wp\/v2\/types\/post"}],"author":[{"embeddable":true,"href":"https:\/\/www.granadablogs.com\/pateandoelmundo\/wp-json\/wp\/v2\/users\/1"}],"replies":[{"embeddable":true,"href":"https:\/\/www.granadablogs.com\/pateandoelmundo\/wp-json\/wp\/v2\/comments?post=17568"}],"version-history":[{"count":3,"href":"https:\/\/www.granadablogs.com\/pateandoelmundo\/wp-json\/wp\/v2\/posts\/17568\/revisions"}],"predecessor-version":[{"id":17572,"href":"https:\/\/www.granadablogs.com\/pateandoelmundo\/wp-json\/wp\/v2\/posts\/17568\/revisions\/17572"}],"wp:attachment":[{"href":"https:\/\/www.granadablogs.com\/pateandoelmundo\/wp-json\/wp\/v2\/media?parent=17568"}],"wp:term":[{"taxonomy":"category","embeddable":true,"href":"https:\/\/www.granadablogs.com\/pateandoelmundo\/wp-json\/wp\/v2\/categories?post=17568"},{"taxonomy":"post_tag","embeddable":true,"href":"https:\/\/www.granadablogs.com\/pateandoelmundo\/wp-json\/wp\/v2\/tags?post=17568"}],"curies":[{"name":"wp","href":"https:\/\/api.w.org\/{rel}","templated":true}]}}