{"id":17075,"date":"2014-08-21T10:34:20","date_gmt":"2014-08-21T09:34:20","guid":{"rendered":"http:\/\/www.granadablogs.com\/pateandoelmundo\/?p=17075"},"modified":"2014-08-21T10:34:20","modified_gmt":"2014-08-21T09:34:20","slug":"foley","status":"publish","type":"post","link":"https:\/\/www.granadablogs.com\/pateandoelmundo\/foley\/","title":{"rendered":"Foley"},"content":{"rendered":"<p style=\"text-align: justify;\">No lo veas. No veas el v\u00eddeo de la decapitaci\u00f3n de James Foley. La tentaci\u00f3n es fuerte y hay varios enlaces que te llevan a las macabras im\u00e1genes. Pero no lo busques.<\/p>\n<p style=\"text-align: justify;\">\n<p style=\"text-align: justify;\">Como dice Kelly Foley, son im\u00e1genes que nadie deber\u00eda ver ni compartir.<\/p>\n<p style=\"text-align: justify;\"><a href=\"http:\/\/www.granadablogs.com\/pateandoelmundo\/foley\/foley\/\" rel=\"attachment wp-att-17076\"><img loading=\"lazy\" decoding=\"async\" class=\"aligncenter size-medium wp-image-17076\" src=\"http:\/\/www.granadablogs.com\/pateandoelmundo\/wp-content\/uploads\/2014\/08\/Foley-300x153.jpg\" alt=\"Foley\" width=\"300\" height=\"153\" srcset=\"https:\/\/www.granadablogs.com\/pateandoelmundo\/wp-content\/uploads\/2014\/08\/Foley-300x153.jpg 300w, https:\/\/www.granadablogs.com\/pateandoelmundo\/wp-content\/uploads\/2014\/08\/Foley.jpg 600w\" sizes=\"auto, (max-width: 300px) 100vw, 300px\" \/><\/a><\/p>\n<p style=\"text-align: justify;\">Son parte de la intimidad de una familia devastada. Y, adem\u00e1s, cada vez que alguien ve el v\u00eddeo, le hace el juego a los despreciables, s\u00e1dicos y abominables asesinos del autoproclamado EI, Estado Isl\u00e1mico, anteriormente conocido como ISIS, el cruel Estado Isl\u00e1mico de Irak y el Levante que sigue asolando una de las zonas m\u00e1s asoladas del mundo.<\/p>\n<p style=\"text-align: justify;\">\n<p style=\"text-align: justify;\">A cambio, y si quieres homenajear la imprescindible labor que desempe\u00f1an los corresponsales de guerra y los fotoperiodistas, aprovecha para ver dos documentales en los que se cuenta el trabajo que hacen y los riesgos que corren para que, cada d\u00eda, sepamos lo que pasa en esas zonas del mundo convertidos en agujeros negros.<\/p>\n<p style=\"text-align: justify;\">\n<p style=\"text-align: justify;\">El primero se titula <a href=\"http:\/\/www.filmaffinity.com\/es\/film782025.html\" target=\"_blank\">\u201cNo me llames fot\u00f3grafo de guerra\u201d<\/a> y parte de la concesi\u00f3n del World Press Photo al fotoperiodista espa\u00f1ol Samuel Aranda. Junto a \u00e9l, otro grupo de aguerridos fot\u00f3grafos cuentan sus peripecias y su forma de afrontar una profesi\u00f3n de alto, alt\u00edsimo riesgo: qu\u00e9 buscan, qu\u00e9 tratan de conseguir, qu\u00e9 quieren transmitir. Y c\u00f3mo se las ingenian para conseguirlo.<\/p>\n<p style=\"text-align: justify;\">\u00a0<a href=\"http:\/\/www.granadablogs.com\/pateandoelmundo\/foley\/no-me-llames-fotografo-de-guerra\/\" rel=\"attachment wp-att-17077\"><img loading=\"lazy\" decoding=\"async\" class=\"aligncenter size-medium wp-image-17077\" src=\"http:\/\/www.granadablogs.com\/pateandoelmundo\/wp-content\/uploads\/2014\/08\/No-me-llames-fot\u00f3grafo-de-guerra-218x300.jpg\" alt=\"No me llames fot\u00f3grafo de guerra\" width=\"218\" height=\"300\" srcset=\"https:\/\/www.granadablogs.com\/pateandoelmundo\/wp-content\/uploads\/2014\/08\/No-me-llames-fot\u00f3grafo-de-guerra-218x300.jpg 218w, https:\/\/www.granadablogs.com\/pateandoelmundo\/wp-content\/uploads\/2014\/08\/No-me-llames-fot\u00f3grafo-de-guerra.jpg 400w\" sizes=\"auto, (max-width: 218px) 100vw, 218px\" \/><\/a><\/p>\n<p style=\"text-align: justify;\">La segunda pel\u00edcula es <a href=\"http:\/\/www.filmaffinity.com\/es\/film249054.html\" target=\"_blank\">\u201cTim Hetherington. Un fot\u00f3grafo en la l\u00ednea de fuego\u201d<\/a>, en la que se repasa la vida de uno de esos fotoperiodistas que lo arriesgan todo por su profesi\u00f3n. Hasta que la muerte les encuentra. En el caso de Tim, en Libia. En la ciudad de Misrata, en 2011.<\/p>\n<p style=\"text-align: justify;\">\u00a0<a href=\"http:\/\/www.granadablogs.com\/pateandoelmundo\/foley\/tim\/\" rel=\"attachment wp-att-17078\"><img loading=\"lazy\" decoding=\"async\" class=\"aligncenter size-medium wp-image-17078\" src=\"http:\/\/www.granadablogs.com\/pateandoelmundo\/wp-content\/uploads\/2014\/08\/Tim-202x300.jpg\" alt=\"Tim\" width=\"202\" height=\"300\" srcset=\"https:\/\/www.granadablogs.com\/pateandoelmundo\/wp-content\/uploads\/2014\/08\/Tim-202x300.jpg 202w, https:\/\/www.granadablogs.com\/pateandoelmundo\/wp-content\/uploads\/2014\/08\/Tim.jpg 647w\" sizes=\"auto, (max-width: 202px) 100vw, 202px\" \/><\/a><\/p>\n<p style=\"text-align: justify;\">Impresiona ver y escuchar sus palabras, sus testimonios, sue\u00f1os, planes, deseos\u2026 y a sus padres. Y a su novia. Y a sus compa\u00f1eros. Dan la aut\u00e9ntica dimensi\u00f3n de una profesi\u00f3n heroica que, quiz\u00e1, no valoramos como se merece cada vez que posamos la vista sobre las p\u00e1ginas de los peri\u00f3dicos y las revistas o cada vez que entramos en las ediciones digitales de los grandes medios.<\/p>\n<p style=\"text-align: justify;\">\n<p style=\"text-align: justify;\">V\u00e9anlos. Esc\u00fachenlos. En homenaje a Foley y a todos los periodistas que han muerto en el frente, tratando de que t\u00fa y yo seamos personas informadas y, por tanto, m\u00e1s y mejor civilizadas.<\/p>\n<p style=\"text-align: justify;\">\n<p style=\"text-align: justify;\">Jes\u00fas Lens<\/p>\n<p><a href=\"https:\/\/twitter.com\/Jesus_Lens\" target=\"_blank\" rel=\"attachment wp-att-16834\"><img loading=\"lazy\" decoding=\"async\" class=\"size-full wp-image-16834 alignleft\" src=\"http:\/\/www.granadablogs.com\/pateandoelmundo\/wp-content\/uploads\/2014\/05\/Firma-Twitter.jpg\" alt=\"Firma Twitter\" width=\"196\" height=\"47\" \/><\/a><\/p>\n","protected":false},"excerpt":{"rendered":"<p>No lo veas. No veas el v\u00eddeo de la decapitaci\u00f3n de James Foley. La tentaci\u00f3n es fuerte y hay varios enlaces que te llevan a las macabras im\u00e1genes. Pero no lo busques. Como dice Kelly Foley, son im\u00e1genes que nadie deber\u00eda ver ni compartir. Son parte de la intimidad de una familia devastada. Y, adem\u00e1s, [&hellip;]<\/p>\n","protected":false},"author":1,"featured_media":0,"comment_status":"open","ping_status":"open","sticky":false,"template":"","format":"standard","meta":{"jetpack_post_was_ever_published":false,"_jetpack_newsletter_access":"","_jetpack_dont_email_post_to_subs":false,"_jetpack_newsletter_tier_id":0,"_jetpack_memberships_contains_paywalled_content":false,"_jetpack_memberships_contains_paid_content":false,"footnotes":""},"categories":[6],"tags":[10531,10534,10538,10529,10532,4849,10533,10530,10527,10539,10537,10528,10535,10536,10540,10526,10525],"class_list":["post-17075","post","type-post","status-publish","format-standard","hentry","category-opinion","tag-alvaro-ybarra-zavala","tag-david-airob","tag-david-furst","tag-emilio-morenatti","tag-fernando-moleres","tag-fotoperiodismo","tag-manu-brabo","tag-moises-saman","tag-no-me-llames-fotografo-de-guerra","tag-patrick-di-nola","tag-ricardo-gutierrez","tag-samuel-aranda","tag-sandra-balsells","tag-santiago-lyon","tag-sebastian-junger","tag-tim-hetherington","tag-tim-hetherington-un-fotografo-en-la-linea-de-fuego"],"jetpack_featured_media_url":"","jetpack_sharing_enabled":true,"_links":{"self":[{"href":"https:\/\/www.granadablogs.com\/pateandoelmundo\/wp-json\/wp\/v2\/posts\/17075","targetHints":{"allow":["GET"]}}],"collection":[{"href":"https:\/\/www.granadablogs.com\/pateandoelmundo\/wp-json\/wp\/v2\/posts"}],"about":[{"href":"https:\/\/www.granadablogs.com\/pateandoelmundo\/wp-json\/wp\/v2\/types\/post"}],"author":[{"embeddable":true,"href":"https:\/\/www.granadablogs.com\/pateandoelmundo\/wp-json\/wp\/v2\/users\/1"}],"replies":[{"embeddable":true,"href":"https:\/\/www.granadablogs.com\/pateandoelmundo\/wp-json\/wp\/v2\/comments?post=17075"}],"version-history":[{"count":2,"href":"https:\/\/www.granadablogs.com\/pateandoelmundo\/wp-json\/wp\/v2\/posts\/17075\/revisions"}],"predecessor-version":[{"id":17080,"href":"https:\/\/www.granadablogs.com\/pateandoelmundo\/wp-json\/wp\/v2\/posts\/17075\/revisions\/17080"}],"wp:attachment":[{"href":"https:\/\/www.granadablogs.com\/pateandoelmundo\/wp-json\/wp\/v2\/media?parent=17075"}],"wp:term":[{"taxonomy":"category","embeddable":true,"href":"https:\/\/www.granadablogs.com\/pateandoelmundo\/wp-json\/wp\/v2\/categories?post=17075"},{"taxonomy":"post_tag","embeddable":true,"href":"https:\/\/www.granadablogs.com\/pateandoelmundo\/wp-json\/wp\/v2\/tags?post=17075"}],"curies":[{"name":"wp","href":"https:\/\/api.w.org\/{rel}","templated":true}]}}