{"id":16724,"date":"2014-05-05T17:23:39","date_gmt":"2014-05-05T16:23:39","guid":{"rendered":"http:\/\/www.granadablogs.com\/pateandoelmundo\/?p=16724"},"modified":"2014-05-05T17:23:39","modified_gmt":"2014-05-05T16:23:39","slug":"en-mantenimiento","status":"publish","type":"post","link":"https:\/\/www.granadablogs.com\/pateandoelmundo\/en-mantenimiento\/","title":{"rendered":"En mantenimiento"},"content":{"rendered":"<p style=\"text-align: justify;\">La p\u00e1gina no. Yo. Estoy en proceso de renovaci\u00f3n, reseteo y mantenimiento, ultimando un par de proyectos y las varias citas y convocatorias de los pr\u00f3ximos d\u00edas.<\/p>\n<p style=\"text-align: justify;\">\n<p style=\"text-align: justify;\">Nos vemos, si quer\u00e9is:<\/p>\n<p style=\"text-align: justify;\">\n<p style=\"text-align: justify;\">&#8211; El jueves 8, a las 20 horas, en Cocor\u00f3c\u00f3, para celebrar el primer aniversario de la publicaci\u00f3n de \u00abCineasta Blanco, Coraz\u00f3n Negro\u00bb.<\/p>\n<figure id=\"attachment_16725\" aria-describedby=\"caption-attachment-16725\" style=\"width: 300px\" class=\"wp-caption aligncenter\"><a href=\"http:\/\/www.granadablogs.com\/pateandoelmundo\/wp-content\/uploads\/2014\/05\/Lens-Cafe-Bar-Cinema-1.jpg\"><img loading=\"lazy\" decoding=\"async\" class=\"size-medium wp-image-16725\" alt=\"Era otro libro, pero tambi\u00e9n habr\u00e1 Alhambras fresquitas ;-)\" src=\"http:\/\/www.granadablogs.com\/pateandoelmundo\/wp-content\/uploads\/2014\/05\/Lens-Cafe-Bar-Cinema-1-300x199.jpg\" width=\"300\" height=\"199\" srcset=\"https:\/\/www.granadablogs.com\/pateandoelmundo\/wp-content\/uploads\/2014\/05\/Lens-Cafe-Bar-Cinema-1-300x199.jpg 300w, https:\/\/www.granadablogs.com\/pateandoelmundo\/wp-content\/uploads\/2014\/05\/Lens-Cafe-Bar-Cinema-1-1024x681.jpg 1024w, https:\/\/www.granadablogs.com\/pateandoelmundo\/wp-content\/uploads\/2014\/05\/Lens-Cafe-Bar-Cinema-1.jpg 1115w\" sizes=\"auto, (max-width: 300px) 100vw, 300px\" \/><\/a><figcaption id=\"caption-attachment-16725\" class=\"wp-caption-text\">Era otro libro, pero tambi\u00e9n habr\u00e1 Alhambras fresquitas \ud83d\ude09<\/figcaption><\/figure>\n<p style=\"text-align: justify;\"><span style=\"line-height: 1.5em;\">&#8211;\u00a0<\/span><span style=\"line-height: 1.5em;\">El s\u00e1bado 10, a las 12 horas, en la Librer\u00eda Babel, para presentar \u00abLa fragilidad del Ne\u00f3n\u00bb, de Juan Laborda.<\/span><\/p>\n<p style=\"text-align: justify;\">\n<p style=\"text-align: justify;\">&#8211; El lunes 12, en la Feria del Libro de \u00a0Granada, a partir de las 19 horas, en un especial Lunes Negro que hemos dise\u00f1ado para la ocasi\u00f3n.<\/p>\n<p style=\"text-align: justify;\">\n<p style=\"text-align: justify;\">\u00bfVale?<\/p>\n<p style=\"text-align: justify;\">\n<p style=\"text-align: justify;\">Y mientras, de verdad, de verdad que&#8230; \u00a1seguimos!<\/p>\n<p style=\"text-align: justify;\">\n<p style=\"text-align: justify;\">Pronto, sorpresas.<\/p>\n<p style=\"text-align: justify;\">\n<p style=\"text-align: justify;\">Jes\u00fas Lens<\/p>\n<p><a href=\"https:\/\/twitter.com\/Jesus_Lens\" target=\"_blank\"><img loading=\"lazy\" decoding=\"async\" class=\"size-full wp-image-16532 alignleft\" alt=\"Firma Twitter\" src=\"http:\/\/www.granadablogs.com\/pateandoelmundo\/wp-content\/uploads\/2014\/03\/Firma-Twitter.jpg\" width=\"196\" height=\"47\" \/><\/a><\/p>\n","protected":false},"excerpt":{"rendered":"<p>La p\u00e1gina no. Yo. Estoy en proceso de renovaci\u00f3n, reseteo y mantenimiento, ultimando un par de proyectos y las varias citas y convocatorias de los pr\u00f3ximos d\u00edas. Nos vemos, si quer\u00e9is: &#8211; El jueves 8, a las 20 horas, en Cocor\u00f3c\u00f3, para celebrar el primer aniversario de la publicaci\u00f3n de \u00abCineasta Blanco, Coraz\u00f3n Negro\u00bb. &#8211;\u00a0El [&hellip;]<\/p>\n","protected":false},"author":1,"featured_media":0,"comment_status":"open","ping_status":"open","sticky":false,"template":"","format":"standard","meta":{"jetpack_post_was_ever_published":false,"_jetpack_newsletter_access":"","_jetpack_dont_email_post_to_subs":false,"_jetpack_newsletter_tier_id":0,"_jetpack_memberships_contains_paywalled_content":false,"_jetpack_memberships_contains_paid_content":false,"footnotes":""},"categories":[26],"tags":[10248],"class_list":["post-16724","post","type-post","status-publish","format-standard","hentry","category-interneteo","tag-a-ver"],"jetpack_featured_media_url":"","jetpack_sharing_enabled":true,"_links":{"self":[{"href":"https:\/\/www.granadablogs.com\/pateandoelmundo\/wp-json\/wp\/v2\/posts\/16724","targetHints":{"allow":["GET"]}}],"collection":[{"href":"https:\/\/www.granadablogs.com\/pateandoelmundo\/wp-json\/wp\/v2\/posts"}],"about":[{"href":"https:\/\/www.granadablogs.com\/pateandoelmundo\/wp-json\/wp\/v2\/types\/post"}],"author":[{"embeddable":true,"href":"https:\/\/www.granadablogs.com\/pateandoelmundo\/wp-json\/wp\/v2\/users\/1"}],"replies":[{"embeddable":true,"href":"https:\/\/www.granadablogs.com\/pateandoelmundo\/wp-json\/wp\/v2\/comments?post=16724"}],"version-history":[{"count":1,"href":"https:\/\/www.granadablogs.com\/pateandoelmundo\/wp-json\/wp\/v2\/posts\/16724\/revisions"}],"predecessor-version":[{"id":16726,"href":"https:\/\/www.granadablogs.com\/pateandoelmundo\/wp-json\/wp\/v2\/posts\/16724\/revisions\/16726"}],"wp:attachment":[{"href":"https:\/\/www.granadablogs.com\/pateandoelmundo\/wp-json\/wp\/v2\/media?parent=16724"}],"wp:term":[{"taxonomy":"category","embeddable":true,"href":"https:\/\/www.granadablogs.com\/pateandoelmundo\/wp-json\/wp\/v2\/categories?post=16724"},{"taxonomy":"post_tag","embeddable":true,"href":"https:\/\/www.granadablogs.com\/pateandoelmundo\/wp-json\/wp\/v2\/tags?post=16724"}],"curies":[{"name":"wp","href":"https:\/\/api.w.org\/{rel}","templated":true}]}}