{"id":16709,"date":"2014-04-28T18:00:06","date_gmt":"2014-04-28T17:00:06","guid":{"rendered":"http:\/\/www.granadablogs.com\/pateandoelmundo\/?p=16709"},"modified":"2014-04-28T19:07:37","modified_gmt":"2014-04-28T18:07:37","slug":"declaracion-para-el-dia-internacional-del-jazz","status":"publish","type":"post","link":"https:\/\/www.granadablogs.com\/pateandoelmundo\/declaracion-para-el-dia-internacional-del-jazz\/","title":{"rendered":"Declaraci\u00f3n para el D\u00eda Internacional del Jazz"},"content":{"rendered":"<p style=\"text-align: justify;\">El d\u00eda 30 de abril, mi\u00e9rcoles, se celebra el D\u00eda Internacional del Jazz, declarado por la UNESCO (<a href=\"http:\/\/www.un.org\/es\/events\/jazzday\/\" target=\"_blank\">Aqu\u00ed<\/a>, toda la informaci\u00f3n). Con tal motivo, la Asociaci\u00f3n de Jazz de Granada, Ool Ya Koo, ha programado diferentes actividades.<\/p>\n<p style=\"text-align: justify;\">En primer lugar, la artista gr\u00e1fica granadina Katha (<a href=\"http:\/\/www.kathadigra.com\/\" target=\"_blank\">disfruta de su p\u00e1gina web<\/a>) ha dise\u00f1ado un vistoso y colorido cartel que convierte algunos de los monumentos m\u00e1s reconocibles de Granada en los pistones de una trompeta, como homenaje al patrimonio cultural que suponen tanto la arquitectura como la m\u00fasica.<\/p>\n<p style=\"text-align: justify;\">\u00a0<a href=\"http:\/\/www.granadablogs.com\/pateandoelmundo\/wp-content\/uploads\/2014\/04\/Katha-D\u00eda-Internacional-Jazz.jpg\"><img loading=\"lazy\" decoding=\"async\" class=\"aligncenter size-medium wp-image-16710\" alt=\"Katha D\u00eda Internacional Jazz\" src=\"http:\/\/www.granadablogs.com\/pateandoelmundo\/wp-content\/uploads\/2014\/04\/Katha-D\u00eda-Internacional-Jazz-300x271.jpg\" width=\"300\" height=\"271\" srcset=\"https:\/\/www.granadablogs.com\/pateandoelmundo\/wp-content\/uploads\/2014\/04\/Katha-D\u00eda-Internacional-Jazz-300x271.jpg 300w, https:\/\/www.granadablogs.com\/pateandoelmundo\/wp-content\/uploads\/2014\/04\/Katha-D\u00eda-Internacional-Jazz.jpg 960w\" sizes=\"auto, (max-width: 300px) 100vw, 300px\" \/><\/a><\/p>\n<p style=\"text-align: justify;\">Adem\u00e1s, en el Club Magic se celebrar\u00e1 el concierto del grupo \u201cBojaira\u201d, integrando jazz y flamenco y los escritores Juan Manuel Cid y Jes\u00fas Lens publicar\u00e1n en Internet, en la bit\u00e1cora Pateando el Mundo, una nueva entrega de su serie \u201cCine con Swing\u201d, art\u00edculos sobre cine y jazz.<\/p>\n<p style=\"text-align: justify;\">Adem\u00e1s, la Asociaci\u00f3n emite una Declaraci\u00f3n para que, con motivo de la celebraci\u00f3n del D\u00eda Mundial del Jazz, sea dada a conocer y difundida.<\/p>\n<p style=\"text-align: justify;\">La Declaraci\u00f3n es la siguiente:<\/p>\n<p style=\"text-align: justify;\"><span style=\"color: #ffffff;\">.<\/span><\/p>\n<p style=\"text-align: center;\"><em><span style=\"color: #333399;\"><strong>Declaraci\u00f3n de la Asociaci\u00f3n de Jazz de Granada, Ool Ya Koo, el D\u00eda Internacional del Jazz<\/strong><\/span><\/em><\/p>\n<p style=\"text-align: justify;\"><span style=\"color: #ffffff;\">.<\/span><\/p>\n<p style=\"text-align: justify;\">La Asociaci\u00f3n de Jazz de Granada, Ool Ya Koo, ante la celebraci\u00f3n del D\u00eda Internacional del Jazz, declarado por la UNESCO,<\/p>\n<p style=\"text-align: justify;\"><span style=\"color: #ffffff;\">.<\/span><\/p>\n<p style=\"text-align: center;\"><em><span style=\"color: #333399;\"><strong>Manifiesta<\/strong><\/span><\/em><\/p>\n<p style=\"text-align: justify;\"><span style=\"color: #ffffff;\">.<\/span><\/p>\n<p style=\"text-align: justify;\"><span style=\"color: #333399;\"><strong>Primero.-<\/strong><\/span> Que el jazz es un g\u00e9nero mestizo, vivo, permeable y festivo que, basado en la tradici\u00f3n y abierto a todas las influencias musicales del mundo; encara el futuro con optimismo.<\/p>\n<p style=\"text-align: justify;\"><span style=\"color: #333399;\"><strong>Segundo.-<\/strong> <\/span>Que el jazz es una m\u00fasica con una envidiable capacidad de reinvenci\u00f3n y reinterpretaci\u00f3n que alcanza su m\u00e1xima expresi\u00f3n cuando se interpreta en vivo y en directo.<\/p>\n<p style=\"text-align: justify;\"><span style=\"color: #333399;\"><strong>Tercero.-<\/strong> <\/span>Que mantener una programaci\u00f3n musical estable que permita a los m\u00fasicos tocar en directo y a los aficionados disfrutar de la m\u00fasica en vivo es un signo de salud cultural y una aspiraci\u00f3n leg\u00edtima para una sociedad comprometida con la m\u00fasica y con la cultura.<\/p>\n<p style=\"text-align: justify;\"><span style=\"color: #333399;\"><strong>Cuarto.-<\/strong> <\/span>Que el fortalecimiento de una programaci\u00f3n musical estable requiere del apoyo y del compromiso tanto de las administraciones p\u00fablicas y de las instituciones privadas como de los empresarios, de la sociedad civil y la ciudadan\u00eda en general para, juntos, fomentar la formaci\u00f3n musical de las personas y potenciar la interpretaci\u00f3n de la m\u00fasica en vivo.<\/p>\n<p style=\"text-align: justify;\"><span style=\"color: #ffffff;\">.<\/span><\/p>\n<p style=\"text-align: justify;\">Por todo ello, la Asociaci\u00f3n de Jazz de Granada, Ool Ya Koo,<\/p>\n<p style=\"text-align: justify;\"><span style=\"color: #ffffff;\">.<\/span><\/p>\n<p style=\"text-align: center;\"><span style=\"color: #000080;\"><strong>Declara<\/strong><\/span><\/p>\n<p style=\"text-align: justify;\"><span style=\"color: #ffffff;\">.<\/span><\/p>\n<p style=\"text-align: justify;\">Que se suma a la celebraci\u00f3n del D\u00eda Internacional del Jazz declarado por la UNESCO y aboga por el fortalecimiento de una estructura social que a\u00fane a las administraciones p\u00fablicas, a las instituciones privadas y a la sociedad civil para potenciar el desarrollo y la formaci\u00f3n musical de los ciudadanos y favorecer y fomentar la m\u00fasica en vivo y en directo como forma de enriquecimiento cultural y art\u00edstico de las personas.<\/p>\n<p style=\"text-align: justify;\"><span style=\"color: #ffffff;\">.<\/span><\/p>\n<p style=\"text-align: justify;\">Granada. 30 de abril de 2014.<\/p>\n<p style=\"text-align: justify;\"><span style=\"color: #ffffff;\">.<\/span><\/p>\n<p style=\"text-align: justify;\">Jes\u00fas Lens<\/p>\n<p><a href=\"https:\/\/twitter.com\/Jesus_Lens\" target=\"_blank\"><img loading=\"lazy\" decoding=\"async\" class=\"size-full wp-image-16532 alignleft\" alt=\"Firma Twitter\" src=\"http:\/\/www.granadablogs.com\/pateandoelmundo\/wp-content\/uploads\/2014\/03\/Firma-Twitter.jpg\" width=\"196\" height=\"47\" \/><\/a><\/p>\n","protected":false},"excerpt":{"rendered":"<p>El d\u00eda 30 de abril, mi\u00e9rcoles, se celebra el D\u00eda Internacional del Jazz, declarado por la UNESCO (Aqu\u00ed, toda la informaci\u00f3n). Con tal motivo, la Asociaci\u00f3n de Jazz de Granada, Ool Ya Koo, ha programado diferentes actividades. En primer lugar, la artista gr\u00e1fica granadina Katha (disfruta de su p\u00e1gina web) ha dise\u00f1ado un vistoso y [&hellip;]<\/p>\n","protected":false},"author":1,"featured_media":0,"comment_status":"open","ping_status":"open","sticky":false,"template":"","format":"standard","meta":{"jetpack_post_was_ever_published":false,"_jetpack_newsletter_access":"","_jetpack_dont_email_post_to_subs":false,"_jetpack_newsletter_tier_id":0,"_jetpack_memberships_contains_paywalled_content":false,"_jetpack_memberships_contains_paid_content":false,"footnotes":""},"categories":[17],"tags":[6511,17,8107],"class_list":["post-16709","post","type-post","status-publish","format-standard","hentry","category-musica","tag-dia-internacional-del-jazz","tag-musica","tag-ool-ya-koo"],"jetpack_featured_media_url":"","jetpack_sharing_enabled":true,"_links":{"self":[{"href":"https:\/\/www.granadablogs.com\/pateandoelmundo\/wp-json\/wp\/v2\/posts\/16709","targetHints":{"allow":["GET"]}}],"collection":[{"href":"https:\/\/www.granadablogs.com\/pateandoelmundo\/wp-json\/wp\/v2\/posts"}],"about":[{"href":"https:\/\/www.granadablogs.com\/pateandoelmundo\/wp-json\/wp\/v2\/types\/post"}],"author":[{"embeddable":true,"href":"https:\/\/www.granadablogs.com\/pateandoelmundo\/wp-json\/wp\/v2\/users\/1"}],"replies":[{"embeddable":true,"href":"https:\/\/www.granadablogs.com\/pateandoelmundo\/wp-json\/wp\/v2\/comments?post=16709"}],"version-history":[{"count":6,"href":"https:\/\/www.granadablogs.com\/pateandoelmundo\/wp-json\/wp\/v2\/posts\/16709\/revisions"}],"predecessor-version":[{"id":16716,"href":"https:\/\/www.granadablogs.com\/pateandoelmundo\/wp-json\/wp\/v2\/posts\/16709\/revisions\/16716"}],"wp:attachment":[{"href":"https:\/\/www.granadablogs.com\/pateandoelmundo\/wp-json\/wp\/v2\/media?parent=16709"}],"wp:term":[{"taxonomy":"category","embeddable":true,"href":"https:\/\/www.granadablogs.com\/pateandoelmundo\/wp-json\/wp\/v2\/categories?post=16709"},{"taxonomy":"post_tag","embeddable":true,"href":"https:\/\/www.granadablogs.com\/pateandoelmundo\/wp-json\/wp\/v2\/tags?post=16709"}],"curies":[{"name":"wp","href":"https:\/\/api.w.org\/{rel}","templated":true}]}}