{"id":16199,"date":"2014-02-01T19:02:14","date_gmt":"2014-02-01T18:02:14","guid":{"rendered":"http:\/\/www.granadablogs.com\/pateandoelmundo\/?p=16199"},"modified":"2014-02-01T19:02:14","modified_gmt":"2014-02-01T18:02:14","slug":"ha-muerto-la-cultura","status":"publish","type":"post","link":"https:\/\/www.granadablogs.com\/pateandoelmundo\/ha-muerto-la-cultura\/","title":{"rendered":"\u00bfHa muerto la cultura?"},"content":{"rendered":"<p style=\"text-align: justify;\"><em><strong>Hoy publico en IDEAL esta columna, que es de las que salen de lo m\u00e1s profundo, al ver con cu\u00e1nta ligereza se trata por parte de algunos de denodados esfuerzos de otros\u2026<\/strong><\/em><\/p>\n<p style=\"text-align: justify;\">\n<p style=\"text-align: justify;\">Si hacemos caso a las tribunas de opini\u00f3n que leemos en la prensa o a las pintadas en los muros de Facebook y a los Tuits del Pajarito Azul, la cultura ha muerto. El sentir mayoritario es que las instituciones, organismos, festivales, fundaciones y administraciones relacionadas con la cosa cultural, la han dejado morir.<\/p>\n<p style=\"text-align: justify;\">\u00a0<a href=\"http:\/\/www.granadablogs.com\/pateandoelmundo\/wp-content\/uploads\/2014\/02\/Educaci\u00f3n-es-cultura.jpg\"><img loading=\"lazy\" decoding=\"async\" class=\"aligncenter size-medium wp-image-16200\" alt=\"Educaci\u00f3n es cultura\" src=\"http:\/\/www.granadablogs.com\/pateandoelmundo\/wp-content\/uploads\/2014\/02\/Educaci\u00f3n-es-cultura-300x193.jpg\" width=\"300\" height=\"193\" srcset=\"https:\/\/www.granadablogs.com\/pateandoelmundo\/wp-content\/uploads\/2014\/02\/Educaci\u00f3n-es-cultura-300x193.jpg 300w, https:\/\/www.granadablogs.com\/pateandoelmundo\/wp-content\/uploads\/2014\/02\/Educaci\u00f3n-es-cultura.jpg 345w\" sizes=\"auto, (max-width: 300px) 100vw, 300px\" \/><\/a><\/p>\n<p style=\"text-align: justify;\">El problema es que el de \u201ccultura\u201d es un concepto amplio, vago y poco preciso. Cuando hablamos de cultura, \u00bfa qu\u00e9 nos referimos? Si por cultura solo entendemos las grandes exposiciones, los magnos conciertos y los eventos de alfombra roja, lentejuelas, focos y flashes; s\u00ed, es cierto: si no muerta, esa cultura est\u00e1 agonizando, aseteada por la crisis. Seguro que los directores, gerentes y responsables de programaci\u00f3n de cualquier instituci\u00f3n cultural ser\u00edan felices pudiendo organizar, traer o estrenar algo verdaderamente grande pero, por desgracia, la contabilidad manda y los presupuestos, m\u00e1s mermados que nunca, no permiten veleidades por el estilo.<\/p>\n<p style=\"text-align: justify;\">\n<p style=\"text-align: justify;\">Ahora bien, \u00bfes \u00e9sa la \u00fanica cultura? \u00bfNo hay vida, m\u00e1s all\u00e1 de la cultura-espect\u00e1culo? Si uno se asoma a la Agenda de los peri\u00f3dicos y atiende a la oferta de actividades de la ciudad, se encuentra con multitud de propuestas interesantes, desde el microteatro y cine en versi\u00f3n original a cabaret, conciertos de todos los estilos imaginables (y alguno hasta inimaginable), magia o exposiciones varias. Pero, adem\u00e1s, empieza a haber dos denominadores comunes en muchas de esas propuestas: participaci\u00f3n en talleres y actividades formativas para ni\u00f1os y j\u00f3venes.<\/p>\n<p style=\"text-align: justify;\">\u00a0<a href=\"http:\/\/www.granadablogs.com\/pateandoelmundo\/wp-content\/uploads\/2014\/02\/Educaci\u00f3n-cultura.jpg\"><img loading=\"lazy\" decoding=\"async\" class=\"aligncenter size-medium wp-image-16201\" alt=\"Educaci\u00f3n cultura\" src=\"http:\/\/www.granadablogs.com\/pateandoelmundo\/wp-content\/uploads\/2014\/02\/Educaci\u00f3n-cultura-300x152.jpg\" width=\"300\" height=\"152\" srcset=\"https:\/\/www.granadablogs.com\/pateandoelmundo\/wp-content\/uploads\/2014\/02\/Educaci\u00f3n-cultura-300x152.jpg 300w, https:\/\/www.granadablogs.com\/pateandoelmundo\/wp-content\/uploads\/2014\/02\/Educaci\u00f3n-cultura.jpg 570w\" sizes=\"auto, (max-width: 300px) 100vw, 300px\" \/><\/a><\/p>\n<p style=\"text-align: justify;\">Talleres y actividades formativas que permiten a la gente dar rienda suelta a su creatividad, aprender t\u00e9cnicas y descubrir secretos para escribir, pintar, dibujar, interpretar, hacer fotograf\u00edas, cine o teatro. Clubes de lectura para aprender a disfrutar de la lectura. Talleres para aprender a ver cine, para interpretar lo que se proyecta en una pantalla o lo que se esconde detr\u00e1s de las pinceladas de un cuadro. <strong><em>\u201cPero eso no es cultura. Es educaci\u00f3n\u201d<\/em><\/strong>, habr\u00e1 quien diga.<\/p>\n<p style=\"text-align: justify;\">\u00a0<a href=\"http:\/\/www.granadablogs.com\/pateandoelmundo\/wp-content\/uploads\/2014\/02\/Educaci\u00f3n-mas-cultura.jpg\"><img loading=\"lazy\" decoding=\"async\" class=\"aligncenter size-medium wp-image-16202\" alt=\"Educaci\u00f3n mas cultura\" src=\"http:\/\/www.granadablogs.com\/pateandoelmundo\/wp-content\/uploads\/2014\/02\/Educaci\u00f3n-mas-cultura-300x200.jpg\" width=\"300\" height=\"200\" srcset=\"https:\/\/www.granadablogs.com\/pateandoelmundo\/wp-content\/uploads\/2014\/02\/Educaci\u00f3n-mas-cultura-300x200.jpg 300w, https:\/\/www.granadablogs.com\/pateandoelmundo\/wp-content\/uploads\/2014\/02\/Educaci\u00f3n-mas-cultura.jpg 448w\" sizes=\"auto, (max-width: 300px) 100vw, 300px\" \/><\/a><\/p>\n<p style=\"text-align: justify;\">Efectivamente. As\u00ed es. Educaci\u00f3n. Y formaci\u00f3n. Porque sin ellas, sencillamente, la cultura es imposible. Y, si lo pensamos, uno de los fracasos de las pol\u00edticas educativo-culturales de los a\u00f1os en que (en teor\u00eda) \u00e9ramos ricos fue, precisamente, desvincular la educaci\u00f3n de la cultura. Como si la primera correspondiera en exclusiva a los centros de ense\u00f1anza y la segunda fuera un continuo espect\u00e1culo.<\/p>\n<p style=\"text-align: justify;\">\n<p style=\"text-align: justify;\">Museos, centros culturales, orquestas, compa\u00f1\u00edas de teatro, magos, escritores, artistas\u2026 todos vuelven sus ojos hacia la cantera, un concepto que deber\u00eda ir m\u00e1s all\u00e1 de lo deportivo. Porque si renunciamos a la formaci\u00f3n de los alevines, benjamines, infantiles, cadetes y juveniles de la cultura, \u00bfqui\u00e9n comprar\u00e1 un libro en el fututo inmediato? \u00bfQui\u00e9n invertir\u00e1 su capital en adquirir obras de arte o se gastar\u00e1 sus ahorros en ver teatro o m\u00fasica en directo?<\/p>\n<p style=\"text-align: justify;\">\u00a0<a href=\"http:\/\/www.granadablogs.com\/pateandoelmundo\/wp-content\/uploads\/2014\/02\/Educaci\u00f3n-y-Cultura.jpg\"><img loading=\"lazy\" decoding=\"async\" class=\"aligncenter size-medium wp-image-16203\" alt=\"Educaci\u00f3n y Cultura\" src=\"http:\/\/www.granadablogs.com\/pateandoelmundo\/wp-content\/uploads\/2014\/02\/Educaci\u00f3n-y-Cultura-300x200.jpg\" width=\"300\" height=\"200\" srcset=\"https:\/\/www.granadablogs.com\/pateandoelmundo\/wp-content\/uploads\/2014\/02\/Educaci\u00f3n-y-Cultura-300x200.jpg 300w, https:\/\/www.granadablogs.com\/pateandoelmundo\/wp-content\/uploads\/2014\/02\/Educaci\u00f3n-y-Cultura-1024x684.jpg 1024w\" sizes=\"auto, (max-width: 300px) 100vw, 300px\" \/><\/a><\/p>\n<p style=\"text-align: justify;\">No. La cultura no ha muerto. Muy al contrario, se adapta y trata de sobrevivir, mirando y ampar\u00e1ndose en las nuevas generaciones.<\/p>\n<p style=\"text-align: justify;\">\n<p style=\"text-align: justify;\">Jes\u00fas Lens<\/p>\n<p><a href=\"https:\/\/twitter.com\/Jesus_Lens\" target=\"_blank\"><img loading=\"lazy\" decoding=\"async\" class=\"size-full wp-image-16154 alignleft\" alt=\"Firma Twitter\" src=\"http:\/\/www.granadablogs.com\/pateandoelmundo\/wp-content\/uploads\/2014\/01\/Firma-Twitter1.jpg\" width=\"196\" height=\"47\" \/><\/a><\/p>\n","protected":false},"excerpt":{"rendered":"<p>Hoy publico en IDEAL esta columna, que es de las que salen de lo m\u00e1s profundo, al ver con cu\u00e1nta ligereza se trata por parte de algunos de denodados esfuerzos de otros\u2026 Si hacemos caso a las tribunas de opini\u00f3n que leemos en la prensa o a las pintadas en los muros de Facebook y [&hellip;]<\/p>\n","protected":false},"author":1,"featured_media":0,"comment_status":"open","ping_status":"open","sticky":false,"template":"","format":"standard","meta":{"jetpack_post_was_ever_published":false,"_jetpack_newsletter_access":"","_jetpack_dont_email_post_to_subs":false,"_jetpack_newsletter_tier_id":0,"_jetpack_memberships_contains_paywalled_content":false,"_jetpack_memberships_contains_paid_content":false,"footnotes":""},"categories":[6],"tags":[1185,533,9923,9921,9920,9922],"class_list":["post-16199","post","type-post","status-publish","format-standard","hentry","category-opinion","tag-cultura","tag-educacion","tag-pedagogia-infantil","tag-recortes-culturales","tag-sin-educacion-no-hay-cultura","tag-talleres-para-ninos"],"jetpack_featured_media_url":"","jetpack_sharing_enabled":true,"_links":{"self":[{"href":"https:\/\/www.granadablogs.com\/pateandoelmundo\/wp-json\/wp\/v2\/posts\/16199","targetHints":{"allow":["GET"]}}],"collection":[{"href":"https:\/\/www.granadablogs.com\/pateandoelmundo\/wp-json\/wp\/v2\/posts"}],"about":[{"href":"https:\/\/www.granadablogs.com\/pateandoelmundo\/wp-json\/wp\/v2\/types\/post"}],"author":[{"embeddable":true,"href":"https:\/\/www.granadablogs.com\/pateandoelmundo\/wp-json\/wp\/v2\/users\/1"}],"replies":[{"embeddable":true,"href":"https:\/\/www.granadablogs.com\/pateandoelmundo\/wp-json\/wp\/v2\/comments?post=16199"}],"version-history":[{"count":2,"href":"https:\/\/www.granadablogs.com\/pateandoelmundo\/wp-json\/wp\/v2\/posts\/16199\/revisions"}],"predecessor-version":[{"id":16205,"href":"https:\/\/www.granadablogs.com\/pateandoelmundo\/wp-json\/wp\/v2\/posts\/16199\/revisions\/16205"}],"wp:attachment":[{"href":"https:\/\/www.granadablogs.com\/pateandoelmundo\/wp-json\/wp\/v2\/media?parent=16199"}],"wp:term":[{"taxonomy":"category","embeddable":true,"href":"https:\/\/www.granadablogs.com\/pateandoelmundo\/wp-json\/wp\/v2\/categories?post=16199"},{"taxonomy":"post_tag","embeddable":true,"href":"https:\/\/www.granadablogs.com\/pateandoelmundo\/wp-json\/wp\/v2\/tags?post=16199"}],"curies":[{"name":"wp","href":"https:\/\/api.w.org\/{rel}","templated":true}]}}